{"id":2067,"date":"2024-03-01T14:47:35","date_gmt":"2024-03-01T20:47:35","guid":{"rendered":"https:\/\/difaltamira.gob.mx\/2021-2024\/?p=2067"},"modified":"2024-03-04T10:49:06","modified_gmt":"2024-03-04T16:49:06","slug":"nombran-a-representante-del-siproddis-en-altamira-atendera-a-personas-con-discapacidad","status":"publish","type":"post","link":"https:\/\/difaltamira.gob.mx\/2021-2024\/2024\/03\/01\/nombran-a-representante-del-siproddis-en-altamira-atendera-a-personas-con-discapacidad\/","title":{"rendered":"Nombran a representante del SIPRODDIS en Altamira: Atender\u00e1 a personas con discapacidad"},"content":{"rendered":"<h2>Atendiendo un tema de salud y bienestar, en el CRI del DIF Altamira se nombr\u00f3 a un enlace oficial del Sistema Intersectorial de Protecci\u00f3n y Gesti\u00f3n Integral de Derechos de las Personas con Discapacidad<\/h2>\n<p>En las instalaciones del Centro de Rehabilitaci\u00f3n Integral del Sistema DIF Altamira fue llevada a cabo una ceremonia para brindar a la Lic. Aleida Roc\u00edo Morales Gallardo el nombramiento de enlace oficial del Sistema Estatal de Protecci\u00f3n y Gesti\u00f3n Integral de los Derecho de las Personas con Discapacidad.<\/p>\n<p>A este evento, acudi\u00f3 la C.P. Rossy Luque de Mart\u00ednez, presidenta del Sistema DIF local, quien celebr\u00f3 este importante nombramiento que habr\u00e1 de impulsar una de las vertientes de salud en la que tambi\u00e9n trabaja el organismo municipal: las personas con discapacidad.<\/p>\n<p>Se detall\u00f3 en la ceremonia que los derechos de las personas con discapacidad no son nada distintos a los derechos del resto de la poblaci\u00f3n, pero para poderlos ejercer se requiere realizar acciones que puedan promover mayor inclusi\u00f3n, conforme lo establece la Ley de los Derechos de las Personas con Discapacidad de Tamaulipas.<\/p>\n<p>El nuevo enlace oficial, tendr\u00e1 la finalidad realizar talleres de sensibilizaci\u00f3n a escuelas, organismos p\u00fablicos, empresas y ciudadan\u00eda en general, todo ello enfocado en temas que impactan positivamente la salud de este sector tan importante.<\/p>\n<blockquote><p>Durante su mensaje oficial, la C.P. Rossy Luque indic\u00f3 que este tipo de iniciativas reflejan un firme compromiso con la inclusi\u00f3n y la igualdad de oportunidades para todas las personas con discapacidad. \u201cEstablecer una atenci\u00f3n generalizada a esta poblaci\u00f3n es un paso crucial hacia una sociedad m\u00e1s justa, m\u00e1s inclusiva y m\u00e1s solidaria. La tarea que asume la licenciada Morales Gallardo es de gran magnitud\u201d, subray\u00f3.<\/p><\/blockquote>\n<p>Participaron en este acto el secretario del Ayuntamiento de Altamira, Lic. Jos\u00e9 Francisco P\u00e9rez Ram\u00edrez; el Secretario Ejecutivo del Sistema Intersectorial de Protecci\u00f3n y Gesti\u00f3n Integral de los Derechos de las Personas con Discapacidad de la Secretar\u00eda General del Gobierno del Estado de Tamaulipas, Lic. Bryan Eleazar Arellano Rodr\u00edguez, as\u00ed como s\u00edndicos y regidores del Cabildo altamirense.<\/p>\n\n\t\t\t<style type='text\/css'>\n\t\t\t\t#sc_gallery-1 {\n\t\t\t\t\tmargin: auto;\n\t\t\t\t}\n\t\t\t\t#sc_gallery-1 .gallery-item {\n\t\t\t\t\tfloat: left;\n\t\t\t\t\ttext-align: center;\n\t\t\t\t\twidth: 33.33%;\n\t\t\t\t}\n\t\t\t\t#sc_gallery-1 img {\n\t\t\t\t\tborder: 2px solid #cfcfcf;\n\t\t\t\t}\n\t\t\t\t\/* see sc_gallery() in functions\/theme-shortcodes.php *\/\n\t\t\t<\/style>\n\t\t<div id='sc_gallery-1' class='gallery galleryid-2067 gallery-columns-3 gallery-size-thumbnail file gallery-default'><dl class='gallery-item' data-title='nombran-representante-siproddis-altamira-01' data-description=''><div class='gallery-item-wrapper'>\n\t\t\t\t<dt class='gallery-icon landscape'>\n\t\t\t\t\t<a href='https:\/\/difaltamira.gob.mx\/2021-2024\/wp-content\/uploads\/2024\/03\/nombran-representante-siproddis-altamira-01.jpeg'><img fetchpriority=\"high\" decoding=\"async\" width=\"300\" height=\"300\" src=\"https:\/\/difaltamira.gob.mx\/2021-2024\/wp-content\/uploads\/2024\/03\/nombran-representante-siproddis-altamira-01-300x300.jpeg\" class=\"attachment-thumbnail size-thumbnail\" alt=\"\" srcset=\"https:\/\/difaltamira.gob.mx\/2021-2024\/wp-content\/uploads\/2024\/03\/nombran-representante-siproddis-altamira-01-300x300.jpeg 300w, https:\/\/difaltamira.gob.mx\/2021-2024\/wp-content\/uploads\/2024\/03\/nombran-representante-siproddis-altamira-01-150x150.jpeg 150w\" sizes=\"(max-width:767px) 300px, 300px\" \/><\/a>\n\t\t\t\t<\/dt><\/div><\/dl><dl class='gallery-item' data-title='nombran-representante-siproddis-altamira-02' data-description=''><div class='gallery-item-wrapper'>\n\t\t\t\t<dt class='gallery-icon landscape'>\n\t\t\t\t\t<a href='https:\/\/difaltamira.gob.mx\/2021-2024\/wp-content\/uploads\/2024\/03\/nombran-representante-siproddis-altamira-02.jpeg'><img decoding=\"async\" width=\"300\" height=\"300\" src=\"https:\/\/difaltamira.gob.mx\/2021-2024\/wp-content\/uploads\/2024\/03\/nombran-representante-siproddis-altamira-02-300x300.jpeg\" class=\"attachment-thumbnail size-thumbnail\" alt=\"\" srcset=\"https:\/\/difaltamira.gob.mx\/2021-2024\/wp-content\/uploads\/2024\/03\/nombran-representante-siproddis-altamira-02-300x300.jpeg 300w, https:\/\/difaltamira.gob.mx\/2021-2024\/wp-content\/uploads\/2024\/03\/nombran-representante-siproddis-altamira-02-150x150.jpeg 150w\" sizes=\"(max-width:767px) 300px, 300px\" \/><\/a>\n\t\t\t\t<\/dt><\/div><\/dl><dl class='gallery-item' data-title='nombran-representante-siproddis-altamira-03' data-description=''><div class='gallery-item-wrapper'>\n\t\t\t\t<dt class='gallery-icon landscape'>\n\t\t\t\t\t<a href='https:\/\/difaltamira.gob.mx\/2021-2024\/wp-content\/uploads\/2024\/03\/nombran-representante-siproddis-altamira-03.jpeg'><img decoding=\"async\" width=\"300\" height=\"300\" src=\"https:\/\/difaltamira.gob.mx\/2021-2024\/wp-content\/uploads\/2024\/03\/nombran-representante-siproddis-altamira-03-300x300.jpeg\" class=\"attachment-thumbnail size-thumbnail\" alt=\"\" srcset=\"https:\/\/difaltamira.gob.mx\/2021-2024\/wp-content\/uploads\/2024\/03\/nombran-representante-siproddis-altamira-03-300x300.jpeg 300w, https:\/\/difaltamira.gob.mx\/2021-2024\/wp-content\/uploads\/2024\/03\/nombran-representante-siproddis-altamira-03-150x150.jpeg 150w\" sizes=\"(max-width:767px) 300px, 300px\" \/><\/a>\n\t\t\t\t<\/dt><\/div><\/dl><br style=\"clear: both\" \/><dl class='gallery-item' data-title='nombran-representante-siproddis-altamira-04' data-description=''><div class='gallery-item-wrapper'>\n\t\t\t\t<dt class='gallery-icon landscape'>\n\t\t\t\t\t<a href='https:\/\/difaltamira.gob.mx\/2021-2024\/wp-content\/uploads\/2024\/03\/nombran-representante-siproddis-altamira-04.jpeg'><img loading=\"lazy\" decoding=\"async\" width=\"300\" height=\"300\" src=\"https:\/\/difaltamira.gob.mx\/2021-2024\/wp-content\/uploads\/2024\/03\/nombran-representante-siproddis-altamira-04-300x300.jpeg\" class=\"attachment-thumbnail size-thumbnail\" alt=\"\" srcset=\"https:\/\/difaltamira.gob.mx\/2021-2024\/wp-content\/uploads\/2024\/03\/nombran-representante-siproddis-altamira-04-300x300.jpeg 300w, https:\/\/difaltamira.gob.mx\/2021-2024\/wp-content\/uploads\/2024\/03\/nombran-representante-siproddis-altamira-04-150x150.jpeg 150w\" sizes=\"(max-width:767px) 300px, 300px\" \/><\/a>\n\t\t\t\t<\/dt><\/div><\/dl>\n\t\t\t\t<br style='clear: both' \/>\n\t\t\t<\/div>\n\n","protected":false},"excerpt":{"rendered":"<p>Atendiendo un tema de salud y bienestar, en el CRI del DIF Altamira se nombr\u00f3 a un enlace oficial del Sistema Intersectorial de Protecci\u00f3n y Gesti\u00f3n<span class=\"excerpt-hellip\"> [\u2026]<\/span><\/p>\n","protected":false},"author":2,"featured_media":2068,"comment_status":"open","ping_status":"open","sticky":false,"template":"","format":"standard","meta":{"footnotes":""},"categories":[5],"tags":[],"class_list":["post-2067","post","type-post","status-publish","format-standard","has-post-thumbnail","hentry","category-dif-altamira"],"_links":{"self":[{"href":"https:\/\/difaltamira.gob.mx\/2021-2024\/wp-json\/wp\/v2\/posts\/2067","targetHints":{"allow":["GET"]}}],"collection":[{"href":"https:\/\/difaltamira.gob.mx\/2021-2024\/wp-json\/wp\/v2\/posts"}],"about":[{"href":"https:\/\/difaltamira.gob.mx\/2021-2024\/wp-json\/wp\/v2\/types\/post"}],"author":[{"embeddable":true,"href":"https:\/\/difaltamira.gob.mx\/2021-2024\/wp-json\/wp\/v2\/users\/2"}],"replies":[{"embeddable":true,"href":"https:\/\/difaltamira.gob.mx\/2021-2024\/wp-json\/wp\/v2\/comments?post=2067"}],"version-history":[{"count":1,"href":"https:\/\/difaltamira.gob.mx\/2021-2024\/wp-json\/wp\/v2\/posts\/2067\/revisions"}],"predecessor-version":[{"id":2072,"href":"https:\/\/difaltamira.gob.mx\/2021-2024\/wp-json\/wp\/v2\/posts\/2067\/revisions\/2072"}],"wp:featuredmedia":[{"embeddable":true,"href":"https:\/\/difaltamira.gob.mx\/2021-2024\/wp-json\/wp\/v2\/media\/2068"}],"wp:attachment":[{"href":"https:\/\/difaltamira.gob.mx\/2021-2024\/wp-json\/wp\/v2\/media?parent=2067"}],"wp:term":[{"taxonomy":"category","embeddable":true,"href":"https:\/\/difaltamira.gob.mx\/2021-2024\/wp-json\/wp\/v2\/categories?post=2067"},{"taxonomy":"post_tag","embeddable":true,"href":"https:\/\/difaltamira.gob.mx\/2021-2024\/wp-json\/wp\/v2\/tags?post=2067"}],"curies":[{"name":"wp","href":"https:\/\/api.w.org\/{rel}","templated":true}]}}