{"id":2061,"date":"2024-02-28T17:15:00","date_gmt":"2024-02-28T23:15:00","guid":{"rendered":"https:\/\/difaltamira.gob.mx\/2021-2024\/?p=2061"},"modified":"2024-02-29T12:13:32","modified_gmt":"2024-02-29T18:13:32","slug":"entrega-sistema-dif-altamira-becas-de-inclusion-social-en-sinergia-con-dif-tamaulipas","status":"publish","type":"post","link":"https:\/\/difaltamira.gob.mx\/2021-2024\/2024\/02\/28\/entrega-sistema-dif-altamira-becas-de-inclusion-social-en-sinergia-con-dif-tamaulipas\/","title":{"rendered":"Entrega Sistema DIF Altamira becas de inclusi\u00f3n social en sinergia con DIF Tamaulipas"},"content":{"rendered":"<h2>El pasado lunes, el Centro de Rehabilitaci\u00f3n Integral (CRI) del Sistema DIF Altamira, localizado en la zona centro, fue testigo de un emotivo acto donde se entregaron 7 becas de inclusi\u00f3n social a ni\u00f1os y j\u00f3venes, en el marco del programa &#8220;Lazos de Esperanza&#8221;.<\/h2>\n<p>Esta iniciativa, impulsada por el DIF Tamaulipas en sinergia con el Sistema DIF Altamira, represent\u00f3 el trabajo en equipo entre el organismo estatal y el municipal por promover un bienestar integral en la ni\u00f1ez.<\/p>\n<p>La entrega de estas becas estuvo encabezada por la presidenta del Sistema DIF Altamira, C.P. Rossy Luque de Mart\u00ednez, quien se\u00f1al\u00f3 que el programa &#8220;Lazos de Esperanza&#8221; del DIF Tamaulipas, liderado por la Dra. Mar\u00eda Santiago de Villarreal, es un estandarte de inclusi\u00f3n e igualdad para las familias del municipio.<\/p>\n<p>Asimismo, felicit\u00f3 a los ni\u00f1os y j\u00f3venes beneficiados con este apoyo, reconoci\u00e9ndolos como ejemplos de perseverancia, determinaci\u00f3n y coraje.<\/p>\n<p>Luego de la entrega de estos est\u00edmulos educativos, Rossy Luque finaliz\u00f3 agradeciendo el compromiso y dedicaci\u00f3n de todos los involucrados en este loable esfuerzo por construir un futuro m\u00e1s inclusivo y esperanzador.<\/p>\n<p>Asimismo, destac\u00f3 el liderazgo de la Dra. Mar\u00eda Santiago de Villarreal al frente del DIF estatal, mismo que contribuye a la promoci\u00f3n de una educaci\u00f3n inclusiva.<\/p>\n<p>Participaron en el acto la Mtra. Norma Elizabeth Huerta Ramos, Jefa del Departamento \u201cLazos de Esperanza\u201d; el Lic. Juan Ram\u00f3n Saldivar R\u00edos, enlace del Sistema DIF Tamaulipas; la Lic. Aleida Roc\u00edo Morales Gallardo, Coordinadora del Centro de Rehabilitaci\u00f3n Integral y Unidad B\u00e1sica de Rehabilitaci\u00f3n del DIF Altamira, as\u00ed como Delia Pe\u00f1a V\u00e1zquez, responsable del Programa Lazos de Esperanza.<\/p>\n\n\t\t\t<style type='text\/css'>\n\t\t\t\t#sc_gallery-1 {\n\t\t\t\t\tmargin: auto;\n\t\t\t\t}\n\t\t\t\t#sc_gallery-1 .gallery-item {\n\t\t\t\t\tfloat: left;\n\t\t\t\t\ttext-align: center;\n\t\t\t\t\twidth: 33.33%;\n\t\t\t\t}\n\t\t\t\t#sc_gallery-1 img {\n\t\t\t\t\tborder: 2px solid #cfcfcf;\n\t\t\t\t}\n\t\t\t\t\/* see sc_gallery() in functions\/theme-shortcodes.php *\/\n\t\t\t<\/style>\n\t\t<div id='sc_gallery-1' class='gallery galleryid-2061 gallery-columns-3 gallery-size-thumbnail file gallery-default'><dl class='gallery-item' data-title='entrega-dif-altamira-becas-inclusion-01' data-description=''><div class='gallery-item-wrapper'>\n\t\t\t\t<dt class='gallery-icon landscape'>\n\t\t\t\t\t<a href='https:\/\/difaltamira.gob.mx\/2021-2024\/wp-content\/uploads\/2024\/02\/entrega-dif-altamira-becas-inclusion-01.jpeg'><img fetchpriority=\"high\" decoding=\"async\" width=\"300\" height=\"300\" src=\"https:\/\/difaltamira.gob.mx\/2021-2024\/wp-content\/uploads\/2024\/02\/entrega-dif-altamira-becas-inclusion-01-300x300.jpeg\" class=\"attachment-thumbnail size-thumbnail\" alt=\"\" srcset=\"https:\/\/difaltamira.gob.mx\/2021-2024\/wp-content\/uploads\/2024\/02\/entrega-dif-altamira-becas-inclusion-01-300x300.jpeg 300w, https:\/\/difaltamira.gob.mx\/2021-2024\/wp-content\/uploads\/2024\/02\/entrega-dif-altamira-becas-inclusion-01-150x150.jpeg 150w\" sizes=\"(max-width:767px) 300px, 300px\" \/><\/a>\n\t\t\t\t<\/dt><\/div><\/dl><dl class='gallery-item' data-title='entrega-dif-altamira-becas-inclusion-02' data-description=''><div class='gallery-item-wrapper'>\n\t\t\t\t<dt class='gallery-icon landscape'>\n\t\t\t\t\t<a href='https:\/\/difaltamira.gob.mx\/2021-2024\/wp-content\/uploads\/2024\/02\/entrega-dif-altamira-becas-inclusion-02.jpeg'><img decoding=\"async\" width=\"300\" height=\"300\" src=\"https:\/\/difaltamira.gob.mx\/2021-2024\/wp-content\/uploads\/2024\/02\/entrega-dif-altamira-becas-inclusion-02-300x300.jpeg\" class=\"attachment-thumbnail size-thumbnail\" alt=\"\" srcset=\"https:\/\/difaltamira.gob.mx\/2021-2024\/wp-content\/uploads\/2024\/02\/entrega-dif-altamira-becas-inclusion-02-300x300.jpeg 300w, https:\/\/difaltamira.gob.mx\/2021-2024\/wp-content\/uploads\/2024\/02\/entrega-dif-altamira-becas-inclusion-02-150x150.jpeg 150w\" sizes=\"(max-width:767px) 300px, 300px\" \/><\/a>\n\t\t\t\t<\/dt><\/div><\/dl><dl class='gallery-item' data-title='entrega-dif-altamira-becas-inclusion-03' data-description=''><div class='gallery-item-wrapper'>\n\t\t\t\t<dt class='gallery-icon landscape'>\n\t\t\t\t\t<a href='https:\/\/difaltamira.gob.mx\/2021-2024\/wp-content\/uploads\/2024\/02\/entrega-dif-altamira-becas-inclusion-03.jpeg'><img decoding=\"async\" width=\"300\" height=\"300\" src=\"https:\/\/difaltamira.gob.mx\/2021-2024\/wp-content\/uploads\/2024\/02\/entrega-dif-altamira-becas-inclusion-03-300x300.jpeg\" class=\"attachment-thumbnail size-thumbnail\" alt=\"\" srcset=\"https:\/\/difaltamira.gob.mx\/2021-2024\/wp-content\/uploads\/2024\/02\/entrega-dif-altamira-becas-inclusion-03-300x300.jpeg 300w, https:\/\/difaltamira.gob.mx\/2021-2024\/wp-content\/uploads\/2024\/02\/entrega-dif-altamira-becas-inclusion-03-150x150.jpeg 150w\" sizes=\"(max-width:767px) 300px, 300px\" \/><\/a>\n\t\t\t\t<\/dt><\/div><\/dl><br style=\"clear: both\" \/><dl class='gallery-item' data-title='entrega-dif-altamira-becas-inclusion-04' data-description=''><div class='gallery-item-wrapper'>\n\t\t\t\t<dt class='gallery-icon landscape'>\n\t\t\t\t\t<a href='https:\/\/difaltamira.gob.mx\/2021-2024\/wp-content\/uploads\/2024\/02\/entrega-dif-altamira-becas-inclusion-04.jpeg'><img loading=\"lazy\" decoding=\"async\" width=\"300\" height=\"300\" src=\"https:\/\/difaltamira.gob.mx\/2021-2024\/wp-content\/uploads\/2024\/02\/entrega-dif-altamira-becas-inclusion-04-300x300.jpeg\" class=\"attachment-thumbnail size-thumbnail\" alt=\"\" srcset=\"https:\/\/difaltamira.gob.mx\/2021-2024\/wp-content\/uploads\/2024\/02\/entrega-dif-altamira-becas-inclusion-04-300x300.jpeg 300w, https:\/\/difaltamira.gob.mx\/2021-2024\/wp-content\/uploads\/2024\/02\/entrega-dif-altamira-becas-inclusion-04-150x150.jpeg 150w\" sizes=\"(max-width:767px) 300px, 300px\" \/><\/a>\n\t\t\t\t<\/dt><\/div><\/dl>\n\t\t\t\t<br style='clear: both' \/>\n\t\t\t<\/div>\n\n","protected":false},"excerpt":{"rendered":"<p>El pasado lunes, el Centro de Rehabilitaci\u00f3n Integral (CRI) del Sistema DIF Altamira, localizado en la zona centro, fue testigo de un emotivo acto donde se<span class=\"excerpt-hellip\"> [\u2026]<\/span><\/p>\n","protected":false},"author":2,"featured_media":2062,"comment_status":"open","ping_status":"open","sticky":false,"template":"","format":"standard","meta":{"footnotes":""},"categories":[5],"tags":[],"class_list":["post-2061","post","type-post","status-publish","format-standard","has-post-thumbnail","hentry","category-dif-altamira"],"_links":{"self":[{"href":"https:\/\/difaltamira.gob.mx\/2021-2024\/wp-json\/wp\/v2\/posts\/2061","targetHints":{"allow":["GET"]}}],"collection":[{"href":"https:\/\/difaltamira.gob.mx\/2021-2024\/wp-json\/wp\/v2\/posts"}],"about":[{"href":"https:\/\/difaltamira.gob.mx\/2021-2024\/wp-json\/wp\/v2\/types\/post"}],"author":[{"embeddable":true,"href":"https:\/\/difaltamira.gob.mx\/2021-2024\/wp-json\/wp\/v2\/users\/2"}],"replies":[{"embeddable":true,"href":"https:\/\/difaltamira.gob.mx\/2021-2024\/wp-json\/wp\/v2\/comments?post=2061"}],"version-history":[{"count":1,"href":"https:\/\/difaltamira.gob.mx\/2021-2024\/wp-json\/wp\/v2\/posts\/2061\/revisions"}],"predecessor-version":[{"id":2066,"href":"https:\/\/difaltamira.gob.mx\/2021-2024\/wp-json\/wp\/v2\/posts\/2061\/revisions\/2066"}],"wp:featuredmedia":[{"embeddable":true,"href":"https:\/\/difaltamira.gob.mx\/2021-2024\/wp-json\/wp\/v2\/media\/2062"}],"wp:attachment":[{"href":"https:\/\/difaltamira.gob.mx\/2021-2024\/wp-json\/wp\/v2\/media?parent=2061"}],"wp:term":[{"taxonomy":"category","embeddable":true,"href":"https:\/\/difaltamira.gob.mx\/2021-2024\/wp-json\/wp\/v2\/categories?post=2061"},{"taxonomy":"post_tag","embeddable":true,"href":"https:\/\/difaltamira.gob.mx\/2021-2024\/wp-json\/wp\/v2\/tags?post=2061"}],"curies":[{"name":"wp","href":"https:\/\/api.w.org\/{rel}","templated":true}]}}