{"id":2053,"date":"2024-02-18T13:32:11","date_gmt":"2024-02-18T19:32:11","guid":{"rendered":"https:\/\/difaltamira.gob.mx\/2021-2024\/?p=2053"},"modified":"2024-02-20T13:38:40","modified_gmt":"2024-02-20T19:38:40","slug":"invita-sistema-dif-altamira-a-primera-jornada-de-salud-visual-en-alianza-con-fundacion-fleishman","status":"publish","type":"post","link":"https:\/\/difaltamira.gob.mx\/2021-2024\/2024\/02\/18\/invita-sistema-dif-altamira-a-primera-jornada-de-salud-visual-en-alianza-con-fundacion-fleishman\/","title":{"rendered":"Invita Sistema DIF Altamira a primera jornada de salud visual en alianza con Fundaci\u00f3n Fleishman"},"content":{"rendered":"<h2>Ser\u00e1 del 19 al 23 de febrero cuando se lleve a cabo esta jornada gratuita dirigida a personas de 4 a 30 a\u00f1os de edad<\/h2>\n<p>El Sistema para el Desarrollo Integral de la Familia en Altamira, que dirige la C.P. Rossy Luque de Mart\u00ednez, hace extensiva la invitaci\u00f3n a la comunidad de esta ciudad y puerto para que asistan a la Primera Jornada de Salud Visual que promueve la Fundaci\u00f3n Fleishman en alianza con el Instituto de Ciencias y Estudios Superiores de Tamaulipas (ICEST) y el propio organismo municipal<\/p>\n<p>Esta jornada, forma parte del programa de salud visual \u201cRegalo Extraordinario\u201d que efect\u00faa la Fundaci\u00f3n Fleishman en el marco de su 50 aniversario, pues los problemas de la vista corresponden a la discapacidad n\u00famero uno en M\u00e9xico.<\/p>\n<blockquote><p>\u201cEstamos muy contentos de colaborar con Fundaci\u00f3n Fleishman en esta jornada gratuita. La salud visual es muy importante y sabemos que aproximadamente el 80% de los casos de deficiencia visual se pueden prevenir\u201d, indic\u00f3 Rossy Luque.<\/p><\/blockquote>\n<p>La jornada en cuesti\u00f3n habr\u00e1 de ser llevada a cabo del 19 al 23 de febrero en el ICEST Campus Altamira, localizado en calle Matamoros 408 de la zona centro de la ciudad, en un horario de 9:00 a 16:00 horas. Para ser atendido no es necesario llevar ninguna documentaci\u00f3n.<\/p>\n<p>Ampli\u00f3 la presidenta del DIF que durante dicha actividad se brindar\u00e1n diagn\u00f3sticos m\u00e9dicos precisos y se habr\u00e1n de entregar lentes oftalmol\u00f3gicos gratuitos a quienes carezcan de acceso a servicios de salud, por lo que reiter\u00f3 la invitaci\u00f3n a aprovechar esta importante jornada.<\/p>\n\n\t\t\t<style type='text\/css'>\n\t\t\t\t#sc_gallery-1 {\n\t\t\t\t\tmargin: auto;\n\t\t\t\t}\n\t\t\t\t#sc_gallery-1 .gallery-item {\n\t\t\t\t\tfloat: left;\n\t\t\t\t\ttext-align: center;\n\t\t\t\t\twidth: 33.33%;\n\t\t\t\t}\n\t\t\t\t#sc_gallery-1 img {\n\t\t\t\t\tborder: 2px solid #cfcfcf;\n\t\t\t\t}\n\t\t\t\t\/* see sc_gallery() in functions\/theme-shortcodes.php *\/\n\t\t\t<\/style>\n\t\t<div id='sc_gallery-1' class='gallery galleryid-2053 gallery-columns-3 gallery-size-thumbnail file gallery-default'><dl class='gallery-item' data-title='dif-primera-jornada-salud-visual-01' data-description=''><div class='gallery-item-wrapper'>\n\t\t\t\t<dt class='gallery-icon landscape'>\n\t\t\t\t\t<a href='https:\/\/difaltamira.gob.mx\/2021-2024\/wp-content\/uploads\/2024\/02\/dif-primera-jornada-salud-visual-01.jpeg'><img fetchpriority=\"high\" decoding=\"async\" width=\"300\" height=\"300\" src=\"https:\/\/difaltamira.gob.mx\/2021-2024\/wp-content\/uploads\/2024\/02\/dif-primera-jornada-salud-visual-01-300x300.jpeg\" class=\"attachment-thumbnail size-thumbnail\" alt=\"\" srcset=\"https:\/\/difaltamira.gob.mx\/2021-2024\/wp-content\/uploads\/2024\/02\/dif-primera-jornada-salud-visual-01-300x300.jpeg 300w, https:\/\/difaltamira.gob.mx\/2021-2024\/wp-content\/uploads\/2024\/02\/dif-primera-jornada-salud-visual-01-150x150.jpeg 150w\" sizes=\"(max-width:767px) 300px, 300px\" \/><\/a>\n\t\t\t\t<\/dt><\/div><\/dl><dl class='gallery-item' data-title='dif-primera-jornada-salud-visual-02' data-description=''><div class='gallery-item-wrapper'>\n\t\t\t\t<dt class='gallery-icon landscape'>\n\t\t\t\t\t<a href='https:\/\/difaltamira.gob.mx\/2021-2024\/wp-content\/uploads\/2024\/02\/dif-primera-jornada-salud-visual-02.jpeg'><img decoding=\"async\" width=\"300\" height=\"300\" src=\"https:\/\/difaltamira.gob.mx\/2021-2024\/wp-content\/uploads\/2024\/02\/dif-primera-jornada-salud-visual-02-300x300.jpeg\" class=\"attachment-thumbnail size-thumbnail\" alt=\"\" srcset=\"https:\/\/difaltamira.gob.mx\/2021-2024\/wp-content\/uploads\/2024\/02\/dif-primera-jornada-salud-visual-02-300x300.jpeg 300w, https:\/\/difaltamira.gob.mx\/2021-2024\/wp-content\/uploads\/2024\/02\/dif-primera-jornada-salud-visual-02-150x150.jpeg 150w\" sizes=\"(max-width:767px) 300px, 300px\" \/><\/a>\n\t\t\t\t<\/dt><\/div><\/dl><dl class='gallery-item' data-title='dif-primera-jornada-salud-visual-03' data-description=''><div class='gallery-item-wrapper'>\n\t\t\t\t<dt class='gallery-icon landscape'>\n\t\t\t\t\t<a href='https:\/\/difaltamira.gob.mx\/2021-2024\/wp-content\/uploads\/2024\/02\/dif-primera-jornada-salud-visual-03.jpeg'><img decoding=\"async\" width=\"300\" height=\"300\" src=\"https:\/\/difaltamira.gob.mx\/2021-2024\/wp-content\/uploads\/2024\/02\/dif-primera-jornada-salud-visual-03-300x300.jpeg\" class=\"attachment-thumbnail size-thumbnail\" alt=\"\" srcset=\"https:\/\/difaltamira.gob.mx\/2021-2024\/wp-content\/uploads\/2024\/02\/dif-primera-jornada-salud-visual-03-300x300.jpeg 300w, https:\/\/difaltamira.gob.mx\/2021-2024\/wp-content\/uploads\/2024\/02\/dif-primera-jornada-salud-visual-03-150x150.jpeg 150w\" sizes=\"(max-width:767px) 300px, 300px\" \/><\/a>\n\t\t\t\t<\/dt><\/div><\/dl><br style=\"clear: both\" \/><dl class='gallery-item' data-title='dif-primera-jornada-salud-visual-04' data-description=''><div class='gallery-item-wrapper'>\n\t\t\t\t<dt class='gallery-icon landscape'>\n\t\t\t\t\t<a href='https:\/\/difaltamira.gob.mx\/2021-2024\/wp-content\/uploads\/2024\/02\/dif-primera-jornada-salud-visual-04.jpeg'><img loading=\"lazy\" decoding=\"async\" width=\"300\" height=\"300\" src=\"https:\/\/difaltamira.gob.mx\/2021-2024\/wp-content\/uploads\/2024\/02\/dif-primera-jornada-salud-visual-04-300x300.jpeg\" class=\"attachment-thumbnail size-thumbnail\" alt=\"\" srcset=\"https:\/\/difaltamira.gob.mx\/2021-2024\/wp-content\/uploads\/2024\/02\/dif-primera-jornada-salud-visual-04-300x300.jpeg 300w, https:\/\/difaltamira.gob.mx\/2021-2024\/wp-content\/uploads\/2024\/02\/dif-primera-jornada-salud-visual-04-150x150.jpeg 150w\" sizes=\"(max-width:767px) 300px, 300px\" \/><\/a>\n\t\t\t\t<\/dt><\/div><\/dl><dl class='gallery-item' data-title='dif-primera-jornada-salud-visual-05' data-description=''><div class='gallery-item-wrapper'>\n\t\t\t\t<dt class='gallery-icon landscape'>\n\t\t\t\t\t<a href='https:\/\/difaltamira.gob.mx\/2021-2024\/wp-content\/uploads\/2024\/02\/dif-primera-jornada-salud-visual-05.jpeg'><img loading=\"lazy\" decoding=\"async\" width=\"300\" height=\"300\" src=\"https:\/\/difaltamira.gob.mx\/2021-2024\/wp-content\/uploads\/2024\/02\/dif-primera-jornada-salud-visual-05-300x300.jpeg\" class=\"attachment-thumbnail size-thumbnail\" alt=\"\" srcset=\"https:\/\/difaltamira.gob.mx\/2021-2024\/wp-content\/uploads\/2024\/02\/dif-primera-jornada-salud-visual-05-300x300.jpeg 300w, https:\/\/difaltamira.gob.mx\/2021-2024\/wp-content\/uploads\/2024\/02\/dif-primera-jornada-salud-visual-05-150x150.jpeg 150w\" sizes=\"(max-width:767px) 300px, 300px\" \/><\/a>\n\t\t\t\t<\/dt><\/div><\/dl><dl class='gallery-item' data-title='dif-primera-jornada-salud-visual-06' data-description=''><div class='gallery-item-wrapper'>\n\t\t\t\t<dt class='gallery-icon landscape'>\n\t\t\t\t\t<a href='https:\/\/difaltamira.gob.mx\/2021-2024\/wp-content\/uploads\/2024\/02\/dif-primera-jornada-salud-visual-06.jpeg'><img loading=\"lazy\" decoding=\"async\" width=\"300\" height=\"300\" src=\"https:\/\/difaltamira.gob.mx\/2021-2024\/wp-content\/uploads\/2024\/02\/dif-primera-jornada-salud-visual-06-300x300.jpeg\" class=\"attachment-thumbnail size-thumbnail\" alt=\"\" srcset=\"https:\/\/difaltamira.gob.mx\/2021-2024\/wp-content\/uploads\/2024\/02\/dif-primera-jornada-salud-visual-06-300x300.jpeg 300w, https:\/\/difaltamira.gob.mx\/2021-2024\/wp-content\/uploads\/2024\/02\/dif-primera-jornada-salud-visual-06-150x150.jpeg 150w\" sizes=\"(max-width:767px) 300px, 300px\" \/><\/a>\n\t\t\t\t<\/dt><\/div><\/dl><br style=\"clear: both\" \/>\n\t\t\t<\/div>\n\n","protected":false},"excerpt":{"rendered":"<p>Ser\u00e1 del 19 al 23 de febrero cuando se lleve a cabo esta jornada gratuita dirigida a personas de 4 a 30 a\u00f1os de edad El<span class=\"excerpt-hellip\"> [\u2026]<\/span><\/p>\n","protected":false},"author":2,"featured_media":2058,"comment_status":"open","ping_status":"open","sticky":false,"template":"","format":"standard","meta":{"footnotes":""},"categories":[5],"tags":[],"class_list":["post-2053","post","type-post","status-publish","format-standard","has-post-thumbnail","hentry","category-dif-altamira"],"_links":{"self":[{"href":"https:\/\/difaltamira.gob.mx\/2021-2024\/wp-json\/wp\/v2\/posts\/2053","targetHints":{"allow":["GET"]}}],"collection":[{"href":"https:\/\/difaltamira.gob.mx\/2021-2024\/wp-json\/wp\/v2\/posts"}],"about":[{"href":"https:\/\/difaltamira.gob.mx\/2021-2024\/wp-json\/wp\/v2\/types\/post"}],"author":[{"embeddable":true,"href":"https:\/\/difaltamira.gob.mx\/2021-2024\/wp-json\/wp\/v2\/users\/2"}],"replies":[{"embeddable":true,"href":"https:\/\/difaltamira.gob.mx\/2021-2024\/wp-json\/wp\/v2\/comments?post=2053"}],"version-history":[{"count":1,"href":"https:\/\/difaltamira.gob.mx\/2021-2024\/wp-json\/wp\/v2\/posts\/2053\/revisions"}],"predecessor-version":[{"id":2060,"href":"https:\/\/difaltamira.gob.mx\/2021-2024\/wp-json\/wp\/v2\/posts\/2053\/revisions\/2060"}],"wp:featuredmedia":[{"embeddable":true,"href":"https:\/\/difaltamira.gob.mx\/2021-2024\/wp-json\/wp\/v2\/media\/2058"}],"wp:attachment":[{"href":"https:\/\/difaltamira.gob.mx\/2021-2024\/wp-json\/wp\/v2\/media?parent=2053"}],"wp:term":[{"taxonomy":"category","embeddable":true,"href":"https:\/\/difaltamira.gob.mx\/2021-2024\/wp-json\/wp\/v2\/categories?post=2053"},{"taxonomy":"post_tag","embeddable":true,"href":"https:\/\/difaltamira.gob.mx\/2021-2024\/wp-json\/wp\/v2\/tags?post=2053"}],"curies":[{"name":"wp","href":"https:\/\/api.w.org\/{rel}","templated":true}]}}