{"id":1965,"date":"2023-12-17T17:10:02","date_gmt":"2023-12-17T23:10:02","guid":{"rendered":"https:\/\/difaltamira.gob.mx\/2021-2024\/?p=1965"},"modified":"2024-01-19T15:26:48","modified_gmt":"2024-01-19T21:26:48","slug":"sinergia-entre-dif-y-comapa-altamira-beneficia-a-comunidad-del-ejido-el-platano","status":"publish","type":"post","link":"https:\/\/difaltamira.gob.mx\/2021-2024\/2023\/12\/17\/sinergia-entre-dif-y-comapa-altamira-beneficia-a-comunidad-del-ejido-el-platano\/","title":{"rendered":"Sinergia entre DIF y COMAPA Altamira beneficia a comunidad del ejido El Pl\u00e1tano"},"content":{"rendered":"<h2>La C.P. Rossy Luque de Mart\u00ednez, presidenta del Sistema DIF Altamira, encabez\u00f3 una emotiva entrega de obsequios que llev\u00f3 por nombre &#8220;Aliados de Santa COMAPA&#8221;, misma que tuvo lugar en el ejido Ampliaci\u00f3n San Antonio, mejor conocido como El Pl\u00e1tano.<\/h2>\n<p>A trav\u00e9s de una alianza estrat\u00e9gica, el Sistema DIF local y la COMAPA Altamira, que dirige el Ing. Omar Hern\u00e1ndez Leines, trabajaron de la mano para brindar alegr\u00eda y llevar la magia de la Navidad a peque\u00f1os que residen en esta comunidad alejada de la mancha urbana del municipio.<\/p>\n<blockquote><p>Ante ello, explic\u00f3 la C.P. Rossy Luque de Mart\u00ednez que \u201cAliados de Santa surge de la visi\u00f3n del Sistema DIF de garantizar una experiencia alegre y amena en Navidad para la infancia de zonas altamente vulnerables, con la colaboraci\u00f3n de empresas socialmente responsables que comparten el mismo prop\u00f3sito: alegrar corazones en estas fechas especiales\u201d.<\/p><\/blockquote>\n<p>Para esta acci\u00f3n, colaboradores de la COMAPA Altamira apadrinaron un total de 17 ni\u00f1os del ejido El Pl\u00e1tano, cumpliendo con los deseos expresados en sus cartas a Santa Claus previamente efectuadas. Adem\u00e1s de esta noble causa, la COMAPA obsequi\u00f3 a los padres de familia dotaciones alimenticias de primera necesidad, contribuyendo as\u00ed al bienestar de las familias.<\/p>\n<blockquote><p>Durante el acto, la presidenta DIF expres\u00f3; \u201cgracias Ing. Omar Leines y a tu extraordinario equipo que de manera voluntaria han realizado una gesti\u00f3n socialmente responsable y emp\u00e1tica con la comunidad del pl\u00e1tano, reflejo de su cultura humanista y solidaria\u201d.<\/p><\/blockquote>\n<p>Cabe resaltar que como parte del programa \u201cSalud y Bienestar Comunitario\u201d, el Sistema DIF gestion\u00f3 ante el Gobierno Municipal, que dirige el alcalde Dr. Armando Mart\u00ednez Manr\u00edquez 25 filtros purificadores de agua de microfibra, que fueron entregados a igual n\u00famero de familias de esta localidad. Esta iniciativa busc\u00f3 asegurar que la comunidad pueda disfrutar de agua de calidad, promoviendo la salud.<\/p>\n\n\t\t\t<style type='text\/css'>\n\t\t\t\t#sc_gallery-1 {\n\t\t\t\t\tmargin: auto;\n\t\t\t\t}\n\t\t\t\t#sc_gallery-1 .gallery-item {\n\t\t\t\t\tfloat: left;\n\t\t\t\t\ttext-align: center;\n\t\t\t\t\twidth: 33.33%;\n\t\t\t\t}\n\t\t\t\t#sc_gallery-1 img {\n\t\t\t\t\tborder: 2px solid #cfcfcf;\n\t\t\t\t}\n\t\t\t\t\/* see sc_gallery() in functions\/theme-shortcodes.php *\/\n\t\t\t<\/style>\n\t\t<div id='sc_gallery-1' class='gallery galleryid-1965 gallery-columns-3 gallery-size-thumbnail file gallery-default'><dl class='gallery-item' data-title='dif-comapa-beneficio-ejido-platano-01' data-description=''><div class='gallery-item-wrapper'>\n\t\t\t\t<dt class='gallery-icon landscape'>\n\t\t\t\t\t<a href='https:\/\/difaltamira.gob.mx\/2021-2024\/wp-content\/uploads\/2024\/01\/dif-comapa-beneficio-ejido-platano-01.jpeg'><img fetchpriority=\"high\" decoding=\"async\" width=\"300\" height=\"300\" src=\"https:\/\/difaltamira.gob.mx\/2021-2024\/wp-content\/uploads\/2024\/01\/dif-comapa-beneficio-ejido-platano-01-300x300.jpeg\" class=\"attachment-thumbnail size-thumbnail\" alt=\"\" srcset=\"https:\/\/difaltamira.gob.mx\/2021-2024\/wp-content\/uploads\/2024\/01\/dif-comapa-beneficio-ejido-platano-01-300x300.jpeg 300w, https:\/\/difaltamira.gob.mx\/2021-2024\/wp-content\/uploads\/2024\/01\/dif-comapa-beneficio-ejido-platano-01-150x150.jpeg 150w\" sizes=\"(max-width:767px) 300px, 300px\" \/><\/a>\n\t\t\t\t<\/dt><\/div><\/dl><dl class='gallery-item' data-title='dif-comapa-beneficio-ejido-platano-02' data-description=''><div class='gallery-item-wrapper'>\n\t\t\t\t<dt class='gallery-icon landscape'>\n\t\t\t\t\t<a href='https:\/\/difaltamira.gob.mx\/2021-2024\/wp-content\/uploads\/2024\/01\/dif-comapa-beneficio-ejido-platano-02.jpeg'><img decoding=\"async\" width=\"300\" height=\"300\" src=\"https:\/\/difaltamira.gob.mx\/2021-2024\/wp-content\/uploads\/2024\/01\/dif-comapa-beneficio-ejido-platano-02-300x300.jpeg\" class=\"attachment-thumbnail size-thumbnail\" alt=\"\" srcset=\"https:\/\/difaltamira.gob.mx\/2021-2024\/wp-content\/uploads\/2024\/01\/dif-comapa-beneficio-ejido-platano-02-300x300.jpeg 300w, https:\/\/difaltamira.gob.mx\/2021-2024\/wp-content\/uploads\/2024\/01\/dif-comapa-beneficio-ejido-platano-02-150x150.jpeg 150w\" sizes=\"(max-width:767px) 300px, 300px\" \/><\/a>\n\t\t\t\t<\/dt><\/div><\/dl><dl class='gallery-item' data-title='dif-comapa-beneficio-ejido-platano-03' data-description=''><div class='gallery-item-wrapper'>\n\t\t\t\t<dt class='gallery-icon landscape'>\n\t\t\t\t\t<a href='https:\/\/difaltamira.gob.mx\/2021-2024\/wp-content\/uploads\/2024\/01\/dif-comapa-beneficio-ejido-platano-03.jpeg'><img decoding=\"async\" width=\"300\" height=\"300\" src=\"https:\/\/difaltamira.gob.mx\/2021-2024\/wp-content\/uploads\/2024\/01\/dif-comapa-beneficio-ejido-platano-03-300x300.jpeg\" class=\"attachment-thumbnail size-thumbnail\" alt=\"\" srcset=\"https:\/\/difaltamira.gob.mx\/2021-2024\/wp-content\/uploads\/2024\/01\/dif-comapa-beneficio-ejido-platano-03-300x300.jpeg 300w, https:\/\/difaltamira.gob.mx\/2021-2024\/wp-content\/uploads\/2024\/01\/dif-comapa-beneficio-ejido-platano-03-150x150.jpeg 150w\" sizes=\"(max-width:767px) 300px, 300px\" \/><\/a>\n\t\t\t\t<\/dt><\/div><\/dl><br style=\"clear: both\" \/><dl class='gallery-item' data-title='dif-comapa-beneficio-ejido-platano-04' data-description=''><div class='gallery-item-wrapper'>\n\t\t\t\t<dt class='gallery-icon landscape'>\n\t\t\t\t\t<a href='https:\/\/difaltamira.gob.mx\/2021-2024\/wp-content\/uploads\/2024\/01\/dif-comapa-beneficio-ejido-platano-04.jpeg'><img loading=\"lazy\" decoding=\"async\" width=\"300\" height=\"300\" src=\"https:\/\/difaltamira.gob.mx\/2021-2024\/wp-content\/uploads\/2024\/01\/dif-comapa-beneficio-ejido-platano-04-300x300.jpeg\" class=\"attachment-thumbnail size-thumbnail\" alt=\"\" srcset=\"https:\/\/difaltamira.gob.mx\/2021-2024\/wp-content\/uploads\/2024\/01\/dif-comapa-beneficio-ejido-platano-04-300x300.jpeg 300w, https:\/\/difaltamira.gob.mx\/2021-2024\/wp-content\/uploads\/2024\/01\/dif-comapa-beneficio-ejido-platano-04-150x150.jpeg 150w\" sizes=\"(max-width:767px) 300px, 300px\" \/><\/a>\n\t\t\t\t<\/dt><\/div><\/dl>\n\t\t\t\t<br style='clear: both' \/>\n\t\t\t<\/div>\n\n","protected":false},"excerpt":{"rendered":"<p>La C.P. Rossy Luque de Mart\u00ednez, presidenta del Sistema DIF Altamira, encabez\u00f3 una emotiva entrega de obsequios que llev\u00f3 por nombre &#8220;Aliados de Santa COMAPA&#8221;, misma<span class=\"excerpt-hellip\"> [\u2026]<\/span><\/p>\n","protected":false},"author":2,"featured_media":1968,"comment_status":"open","ping_status":"open","sticky":false,"template":"","format":"standard","meta":{"footnotes":""},"categories":[5],"tags":[],"class_list":["post-1965","post","type-post","status-publish","format-standard","has-post-thumbnail","hentry","category-dif-altamira"],"_links":{"self":[{"href":"https:\/\/difaltamira.gob.mx\/2021-2024\/wp-json\/wp\/v2\/posts\/1965","targetHints":{"allow":["GET"]}}],"collection":[{"href":"https:\/\/difaltamira.gob.mx\/2021-2024\/wp-json\/wp\/v2\/posts"}],"about":[{"href":"https:\/\/difaltamira.gob.mx\/2021-2024\/wp-json\/wp\/v2\/types\/post"}],"author":[{"embeddable":true,"href":"https:\/\/difaltamira.gob.mx\/2021-2024\/wp-json\/wp\/v2\/users\/2"}],"replies":[{"embeddable":true,"href":"https:\/\/difaltamira.gob.mx\/2021-2024\/wp-json\/wp\/v2\/comments?post=1965"}],"version-history":[{"count":1,"href":"https:\/\/difaltamira.gob.mx\/2021-2024\/wp-json\/wp\/v2\/posts\/1965\/revisions"}],"predecessor-version":[{"id":1970,"href":"https:\/\/difaltamira.gob.mx\/2021-2024\/wp-json\/wp\/v2\/posts\/1965\/revisions\/1970"}],"wp:featuredmedia":[{"embeddable":true,"href":"https:\/\/difaltamira.gob.mx\/2021-2024\/wp-json\/wp\/v2\/media\/1968"}],"wp:attachment":[{"href":"https:\/\/difaltamira.gob.mx\/2021-2024\/wp-json\/wp\/v2\/media?parent=1965"}],"wp:term":[{"taxonomy":"category","embeddable":true,"href":"https:\/\/difaltamira.gob.mx\/2021-2024\/wp-json\/wp\/v2\/categories?post=1965"},{"taxonomy":"post_tag","embeddable":true,"href":"https:\/\/difaltamira.gob.mx\/2021-2024\/wp-json\/wp\/v2\/tags?post=1965"}],"curies":[{"name":"wp","href":"https:\/\/api.w.org\/{rel}","templated":true}]}}