{"id":1905,"date":"2023-12-16T14:51:35","date_gmt":"2023-12-16T20:51:35","guid":{"rendered":"https:\/\/difaltamira.gob.mx\/2021-2024\/?p=1905"},"modified":"2024-01-16T17:01:20","modified_gmt":"2024-01-16T23:01:20","slug":"se-unen-gobierno-de-altamira-y-sistema-dif-para-apoyar-al-teleton","status":"publish","type":"post","link":"https:\/\/difaltamira.gob.mx\/2021-2024\/2023\/12\/16\/se-unen-gobierno-de-altamira-y-sistema-dif-para-apoyar-al-teleton\/","title":{"rendered":"Se unen Gobierno de Altamira y Sistema DIF para apoyar al telet\u00f3n"},"content":{"rendered":"<h2>El presidente municipal, Dr. Armando Mart\u00ednez Manr\u00edquez entreg\u00f3 a nombre del H. Ayuntamiento y el Sistema DIF local un cheque por cien mil pesos para la colecta nacional Telet\u00f3n 2023<\/h2>\n<p>Para respaldar la Colecta Nacional 2023 del Telet\u00f3n, el presidente municipal de Altamira, Dr. Armando Mart\u00ednez Manr\u00edquez y su esposa, la C.P. Rossy Luque de Mart\u00ednez, Presidenta del Sistema DIF local, hicieron entrega al Ing. Baldomero L\u00f3pez Zamora, Director General del CRIT Telet\u00f3n Tamaulipas un cheque por valor de cien mil pesos durante el evento que esta organizaci\u00f3n sin fines de lucro realiz\u00f3 en la Unidad Deportiva de la ciudad.<\/p>\n<p>En este solidario acto, el jefe de la Comuna altamirense mencion\u00f3 que es un timbre de orgullo decir que el Telet\u00f3n y el Gobierno de Altamira son grandes aliados de la inclusi\u00f3n, pues han estrechado fuertemente sus lazos desde el inicio de su administraci\u00f3n a trav\u00e9s del Sistema DIF local y su enfoque humanista.<\/p>\n<p>Asimismo, se detall\u00f3 que una parte de la suma recaudada en este a\u00f1o ser\u00e1 para apoyar a Acapulco, brindando con ello una atenci\u00f3n inmediata a la poblaci\u00f3n que sufri\u00f3 los estragos del hurac\u00e1n Otis.<\/p>\n<p>Por su parte, la C.P. Rossy Luque hizo menci\u00f3n del trabajo en sinergia que el DIF Altamira ha realizado con el CRIT Tamaulipas, pues de manera constante ambas instituciones colaboran para apoyar a personas con discapacidad que necesitan un impulso extra derivado de su situaci\u00f3n econ\u00f3mica.<\/p>\n<p>Invit\u00f3 la presidenta del DIF a la ciudadan\u00eda a seguir donando y respaldando al Telet\u00f3n, pues son miles los casos de \u00e9xito de personas que han podido salir avante gracias a los diversos servicios de rehabilitaci\u00f3n m\u00e9dica que los CRIT realizan.<\/p>\n<p>Cabe destacar que este evento dio comienzo en punto de las 11:00 horas, contando con un extenso programa de amenidades, entre ellas \u00e1rea de alimentos y bebidas, recepci\u00f3n de alcanc\u00edas Telet\u00f3n, venta de promocionales Telet\u00f3n, recepci\u00f3n de donativos en efectivo, loter\u00eda, feria de emprendedores locales, juegos mec\u00e1nicos, villas navide\u00f1as, as\u00ed como la presentaci\u00f3n de grupos musicales del g\u00e9nero norte\u00f1o y escuelas locales de baile.<\/p>\n<p>Se dio a conocer que la proyecci\u00f3n de la meta de recaudaci\u00f3n de este a\u00f1o fue de $410,473,714 + 1 peso, as\u00ed tambi\u00e9n se inform\u00f3 que este a\u00f1o gracias a donativos pasados fue posible construir dos nuevos CRIT, uno en Mazatl\u00e1n, Sinaloa y otro en la monta\u00f1a de Guerrero.<\/p>\n\n\t\t\t<style type='text\/css'>\n\t\t\t\t#sc_gallery-1 {\n\t\t\t\t\tmargin: auto;\n\t\t\t\t}\n\t\t\t\t#sc_gallery-1 .gallery-item {\n\t\t\t\t\tfloat: left;\n\t\t\t\t\ttext-align: center;\n\t\t\t\t\twidth: 33.33%;\n\t\t\t\t}\n\t\t\t\t#sc_gallery-1 img {\n\t\t\t\t\tborder: 2px solid #cfcfcf;\n\t\t\t\t}\n\t\t\t\t\/* see sc_gallery() in functions\/theme-shortcodes.php *\/\n\t\t\t<\/style>\n\t\t<div id='sc_gallery-1' class='gallery galleryid-1905 gallery-columns-3 gallery-size-thumbnail file gallery-default'><dl class='gallery-item' data-title='gobierno-altamira-dif-apoyo-teleton-01' data-description=''><div class='gallery-item-wrapper'>\n\t\t\t\t<dt class='gallery-icon landscape'>\n\t\t\t\t\t<a href='https:\/\/difaltamira.gob.mx\/2021-2024\/wp-content\/uploads\/2024\/01\/gobierno-altamira-dif-apoyo-teleton-01.jpeg'><img fetchpriority=\"high\" decoding=\"async\" width=\"300\" height=\"300\" src=\"https:\/\/difaltamira.gob.mx\/2021-2024\/wp-content\/uploads\/2024\/01\/gobierno-altamira-dif-apoyo-teleton-01-300x300.jpeg\" class=\"attachment-thumbnail size-thumbnail\" alt=\"\" srcset=\"https:\/\/difaltamira.gob.mx\/2021-2024\/wp-content\/uploads\/2024\/01\/gobierno-altamira-dif-apoyo-teleton-01-300x300.jpeg 300w, https:\/\/difaltamira.gob.mx\/2021-2024\/wp-content\/uploads\/2024\/01\/gobierno-altamira-dif-apoyo-teleton-01-150x150.jpeg 150w\" sizes=\"(max-width:767px) 300px, 300px\" \/><\/a>\n\t\t\t\t<\/dt><\/div><\/dl><dl class='gallery-item' data-title='gobierno-altamira-dif-apoyo-teleton-02' data-description=''><div class='gallery-item-wrapper'>\n\t\t\t\t<dt class='gallery-icon landscape'>\n\t\t\t\t\t<a href='https:\/\/difaltamira.gob.mx\/2021-2024\/wp-content\/uploads\/2024\/01\/gobierno-altamira-dif-apoyo-teleton-02.jpeg'><img decoding=\"async\" width=\"300\" height=\"300\" src=\"https:\/\/difaltamira.gob.mx\/2021-2024\/wp-content\/uploads\/2024\/01\/gobierno-altamira-dif-apoyo-teleton-02-300x300.jpeg\" class=\"attachment-thumbnail size-thumbnail\" alt=\"\" srcset=\"https:\/\/difaltamira.gob.mx\/2021-2024\/wp-content\/uploads\/2024\/01\/gobierno-altamira-dif-apoyo-teleton-02-300x300.jpeg 300w, https:\/\/difaltamira.gob.mx\/2021-2024\/wp-content\/uploads\/2024\/01\/gobierno-altamira-dif-apoyo-teleton-02-150x150.jpeg 150w\" sizes=\"(max-width:767px) 300px, 300px\" \/><\/a>\n\t\t\t\t<\/dt><\/div><\/dl><dl class='gallery-item' data-title='gobierno-altamira-dif-apoyo-teleton-03' data-description=''><div class='gallery-item-wrapper'>\n\t\t\t\t<dt class='gallery-icon landscape'>\n\t\t\t\t\t<a href='https:\/\/difaltamira.gob.mx\/2021-2024\/wp-content\/uploads\/2024\/01\/gobierno-altamira-dif-apoyo-teleton-03.jpeg'><img decoding=\"async\" width=\"300\" height=\"300\" src=\"https:\/\/difaltamira.gob.mx\/2021-2024\/wp-content\/uploads\/2024\/01\/gobierno-altamira-dif-apoyo-teleton-03-300x300.jpeg\" class=\"attachment-thumbnail size-thumbnail\" alt=\"\" srcset=\"https:\/\/difaltamira.gob.mx\/2021-2024\/wp-content\/uploads\/2024\/01\/gobierno-altamira-dif-apoyo-teleton-03-300x300.jpeg 300w, https:\/\/difaltamira.gob.mx\/2021-2024\/wp-content\/uploads\/2024\/01\/gobierno-altamira-dif-apoyo-teleton-03-150x150.jpeg 150w\" sizes=\"(max-width:767px) 300px, 300px\" \/><\/a>\n\t\t\t\t<\/dt><\/div><\/dl><br style=\"clear: both\" \/><dl class='gallery-item' data-title='gobierno-altamira-dif-apoyo-teleton-04' data-description=''><div class='gallery-item-wrapper'>\n\t\t\t\t<dt class='gallery-icon landscape'>\n\t\t\t\t\t<a href='https:\/\/difaltamira.gob.mx\/2021-2024\/wp-content\/uploads\/2024\/01\/gobierno-altamira-dif-apoyo-teleton-04.jpeg'><img loading=\"lazy\" decoding=\"async\" width=\"300\" height=\"300\" src=\"https:\/\/difaltamira.gob.mx\/2021-2024\/wp-content\/uploads\/2024\/01\/gobierno-altamira-dif-apoyo-teleton-04-300x300.jpeg\" class=\"attachment-thumbnail size-thumbnail\" alt=\"\" srcset=\"https:\/\/difaltamira.gob.mx\/2021-2024\/wp-content\/uploads\/2024\/01\/gobierno-altamira-dif-apoyo-teleton-04-300x300.jpeg 300w, https:\/\/difaltamira.gob.mx\/2021-2024\/wp-content\/uploads\/2024\/01\/gobierno-altamira-dif-apoyo-teleton-04-150x150.jpeg 150w\" sizes=\"(max-width:767px) 300px, 300px\" \/><\/a>\n\t\t\t\t<\/dt><\/div><\/dl><dl class='gallery-item' data-title='gobierno-altamira-dif-apoyo-teleton-05' data-description=''><div class='gallery-item-wrapper'>\n\t\t\t\t<dt class='gallery-icon landscape'>\n\t\t\t\t\t<a href='https:\/\/difaltamira.gob.mx\/2021-2024\/wp-content\/uploads\/2024\/01\/gobierno-altamira-dif-apoyo-teleton-05.jpeg'><img loading=\"lazy\" decoding=\"async\" width=\"300\" height=\"300\" src=\"https:\/\/difaltamira.gob.mx\/2021-2024\/wp-content\/uploads\/2024\/01\/gobierno-altamira-dif-apoyo-teleton-05-300x300.jpeg\" class=\"attachment-thumbnail size-thumbnail\" alt=\"\" srcset=\"https:\/\/difaltamira.gob.mx\/2021-2024\/wp-content\/uploads\/2024\/01\/gobierno-altamira-dif-apoyo-teleton-05-300x300.jpeg 300w, https:\/\/difaltamira.gob.mx\/2021-2024\/wp-content\/uploads\/2024\/01\/gobierno-altamira-dif-apoyo-teleton-05-150x150.jpeg 150w\" sizes=\"(max-width:767px) 300px, 300px\" \/><\/a>\n\t\t\t\t<\/dt><\/div><\/dl>\n\t\t\t\t<br style='clear: both' \/>\n\t\t\t<\/div>\n\n","protected":false},"excerpt":{"rendered":"<p>El presidente municipal, Dr. Armando Mart\u00ednez Manr\u00edquez entreg\u00f3 a nombre del H. Ayuntamiento y el Sistema DIF local un cheque por cien mil pesos para la<span class=\"excerpt-hellip\"> [\u2026]<\/span><\/p>\n","protected":false},"author":2,"featured_media":1906,"comment_status":"open","ping_status":"open","sticky":false,"template":"","format":"standard","meta":{"footnotes":""},"categories":[5],"tags":[],"class_list":["post-1905","post","type-post","status-publish","format-standard","has-post-thumbnail","hentry","category-dif-altamira"],"_links":{"self":[{"href":"https:\/\/difaltamira.gob.mx\/2021-2024\/wp-json\/wp\/v2\/posts\/1905","targetHints":{"allow":["GET"]}}],"collection":[{"href":"https:\/\/difaltamira.gob.mx\/2021-2024\/wp-json\/wp\/v2\/posts"}],"about":[{"href":"https:\/\/difaltamira.gob.mx\/2021-2024\/wp-json\/wp\/v2\/types\/post"}],"author":[{"embeddable":true,"href":"https:\/\/difaltamira.gob.mx\/2021-2024\/wp-json\/wp\/v2\/users\/2"}],"replies":[{"embeddable":true,"href":"https:\/\/difaltamira.gob.mx\/2021-2024\/wp-json\/wp\/v2\/comments?post=1905"}],"version-history":[{"count":1,"href":"https:\/\/difaltamira.gob.mx\/2021-2024\/wp-json\/wp\/v2\/posts\/1905\/revisions"}],"predecessor-version":[{"id":1911,"href":"https:\/\/difaltamira.gob.mx\/2021-2024\/wp-json\/wp\/v2\/posts\/1905\/revisions\/1911"}],"wp:featuredmedia":[{"embeddable":true,"href":"https:\/\/difaltamira.gob.mx\/2021-2024\/wp-json\/wp\/v2\/media\/1906"}],"wp:attachment":[{"href":"https:\/\/difaltamira.gob.mx\/2021-2024\/wp-json\/wp\/v2\/media?parent=1905"}],"wp:term":[{"taxonomy":"category","embeddable":true,"href":"https:\/\/difaltamira.gob.mx\/2021-2024\/wp-json\/wp\/v2\/categories?post=1905"},{"taxonomy":"post_tag","embeddable":true,"href":"https:\/\/difaltamira.gob.mx\/2021-2024\/wp-json\/wp\/v2\/tags?post=1905"}],"curies":[{"name":"wp","href":"https:\/\/api.w.org\/{rel}","templated":true}]}}