{"id":1898,"date":"2023-12-14T13:10:33","date_gmt":"2023-12-14T19:10:33","guid":{"rendered":"https:\/\/difaltamira.gob.mx\/2021-2024\/?p=1898"},"modified":"2024-01-16T16:37:57","modified_gmt":"2024-01-16T22:37:57","slug":"entrega-dif-altamira-dotaciones-alimentarias-especiales-por-festividades-navidenas","status":"publish","type":"post","link":"https:\/\/difaltamira.gob.mx\/2021-2024\/2023\/12\/14\/entrega-dif-altamira-dotaciones-alimentarias-especiales-por-festividades-navidenas\/","title":{"rendered":"Entrega DIF Altamira dotaciones alimentarias especiales por festividades navide\u00f1as"},"content":{"rendered":"<h2>En una iniciativa para fortalecer la salud y bienestar de la comunidad, el Sistema para el Desarrollo Integral de la Familia (DIF) Altamira llev\u00f3 a cabo la entrega de 82 Dotaciones Alimentarias en el Centro de Atenci\u00f3n Infantil Comunitario (CAIC) Cri Cri, de la colonia Marismas.<\/h2>\n<p>El evento, encabezado por la presidenta del Sistema DIF, C.P. Rossy Luque de Mart\u00ednez, tuvo como objetivo principal combatir la desnutrici\u00f3n y promover una cultura de paz durante las festividades navide\u00f1as.<\/p>\n<p>En su discurso Luque de Mart\u00ednez destac\u00f3 el compromiso del DIF por garantizar la seguridad alimentaria de los m\u00e1s peque\u00f1os. En colaboraci\u00f3n con el programa \u201cDesayunos Escolares\u201d de DIF Tamaulipas, se entregaron estas dotaciones alimenticias especiales que llevan por nombre \u201cUna Navidad para recordar\u201d, como parte de las celebraciones navide\u00f1as impulsadas por la Dra. Mar\u00eda de Villarreal, Presidenta del Sistema DIF Tamaulipas.<\/p>\n<blockquote><p>La titular del DIF altamirense subray\u00f3 adem\u00e1s que; &#8220;a trav\u00e9s de nuestro programa Desayunos Escolares, creamos comit\u00e9s con padres de familia y maestros, brindando insumos necesarios y orientaci\u00f3n nutricional durante todo el ciclo escolar\u201d.<\/p>\n<p>\u201cReconocemos y valoramos su dedicaci\u00f3n, y hacemos alianza con el Estado para promover una sana nutrici\u00f3n para todas las familias de Altamira\u201d, enfatiz\u00f3.<\/p><\/blockquote>\n<p>Esta entrega reflej\u00f3 el compromiso del DIF Altamira y el DIF Estatal por mejorar la calidad de vida de la comunidad, fomentando h\u00e1bitos alimenticios saludables y contribuyendo al bienestar de las familias.<\/p>\n<p>Asistieron a este encuentro la Lic. Rosal\u00eda De La Fuente V\u00e1rguez, Coordinadora de Programas Institucionales; la Profesora Sonia Flores, Directora del CAIC; y la Lic. Jazm\u00edn Guadalupe Barrios Gamboa, encargada del programa de Desayunos Escolares.<\/p>\n\n\t\t\t<style type='text\/css'>\n\t\t\t\t#sc_gallery-1 {\n\t\t\t\t\tmargin: auto;\n\t\t\t\t}\n\t\t\t\t#sc_gallery-1 .gallery-item {\n\t\t\t\t\tfloat: left;\n\t\t\t\t\ttext-align: center;\n\t\t\t\t\twidth: 33.33%;\n\t\t\t\t}\n\t\t\t\t#sc_gallery-1 img {\n\t\t\t\t\tborder: 2px solid #cfcfcf;\n\t\t\t\t}\n\t\t\t\t\/* see sc_gallery() in functions\/theme-shortcodes.php *\/\n\t\t\t<\/style>\n\t\t<div id='sc_gallery-1' class='gallery galleryid-1898 gallery-columns-3 gallery-size-thumbnail file gallery-default'><dl class='gallery-item' data-title='entrega-dif-alimentos-festividades-navide\u00f1as-01' data-description=''><div class='gallery-item-wrapper'>\n\t\t\t\t<dt class='gallery-icon landscape'>\n\t\t\t\t\t<a href='https:\/\/difaltamira.gob.mx\/2021-2024\/wp-content\/uploads\/2024\/01\/entrega-dif-alimentos-festividades-navidenas-01.jpeg'><img fetchpriority=\"high\" decoding=\"async\" width=\"300\" height=\"300\" src=\"https:\/\/difaltamira.gob.mx\/2021-2024\/wp-content\/uploads\/2024\/01\/entrega-dif-alimentos-festividades-navidenas-01-300x300.jpeg\" class=\"attachment-thumbnail size-thumbnail\" alt=\"\" srcset=\"https:\/\/difaltamira.gob.mx\/2021-2024\/wp-content\/uploads\/2024\/01\/entrega-dif-alimentos-festividades-navidenas-01-300x300.jpeg 300w, https:\/\/difaltamira.gob.mx\/2021-2024\/wp-content\/uploads\/2024\/01\/entrega-dif-alimentos-festividades-navidenas-01-150x150.jpeg 150w\" sizes=\"(max-width:767px) 300px, 300px\" \/><\/a>\n\t\t\t\t<\/dt><\/div><\/dl><dl class='gallery-item' data-title='entrega-dif-alimentos-festividades-navide\u00f1as-02' data-description=''><div class='gallery-item-wrapper'>\n\t\t\t\t<dt class='gallery-icon landscape'>\n\t\t\t\t\t<a href='https:\/\/difaltamira.gob.mx\/2021-2024\/wp-content\/uploads\/2024\/01\/entrega-dif-alimentos-festividades-navidenas-02.jpeg'><img decoding=\"async\" width=\"300\" height=\"300\" src=\"https:\/\/difaltamira.gob.mx\/2021-2024\/wp-content\/uploads\/2024\/01\/entrega-dif-alimentos-festividades-navidenas-02-300x300.jpeg\" class=\"attachment-thumbnail size-thumbnail\" alt=\"\" srcset=\"https:\/\/difaltamira.gob.mx\/2021-2024\/wp-content\/uploads\/2024\/01\/entrega-dif-alimentos-festividades-navidenas-02-300x300.jpeg 300w, https:\/\/difaltamira.gob.mx\/2021-2024\/wp-content\/uploads\/2024\/01\/entrega-dif-alimentos-festividades-navidenas-02-150x150.jpeg 150w\" sizes=\"(max-width:767px) 300px, 300px\" \/><\/a>\n\t\t\t\t<\/dt><\/div><\/dl><dl class='gallery-item' data-title='entrega-dif-alimentos-festividades-navide\u00f1as-04' data-description=''><div class='gallery-item-wrapper'>\n\t\t\t\t<dt class='gallery-icon portrait'>\n\t\t\t\t\t<a href='https:\/\/difaltamira.gob.mx\/2021-2024\/wp-content\/uploads\/2024\/01\/entrega-dif-alimentos-festividades-navidenas-04.jpeg'><img decoding=\"async\" width=\"300\" height=\"300\" src=\"https:\/\/difaltamira.gob.mx\/2021-2024\/wp-content\/uploads\/2024\/01\/entrega-dif-alimentos-festividades-navidenas-04-300x300.jpeg\" class=\"attachment-thumbnail size-thumbnail\" alt=\"\" srcset=\"https:\/\/difaltamira.gob.mx\/2021-2024\/wp-content\/uploads\/2024\/01\/entrega-dif-alimentos-festividades-navidenas-04-300x300.jpeg 300w, https:\/\/difaltamira.gob.mx\/2021-2024\/wp-content\/uploads\/2024\/01\/entrega-dif-alimentos-festividades-navidenas-04-150x150.jpeg 150w\" sizes=\"(max-width:767px) 300px, 300px\" \/><\/a>\n\t\t\t\t<\/dt><\/div><\/dl><br style=\"clear: both\" \/><dl class='gallery-item' data-title='entrega-dif-alimentos-festividades-navide\u00f1as-05' data-description=''><div class='gallery-item-wrapper'>\n\t\t\t\t<dt class='gallery-icon landscape'>\n\t\t\t\t\t<a href='https:\/\/difaltamira.gob.mx\/2021-2024\/wp-content\/uploads\/2024\/01\/entrega-dif-alimentos-festividades-navidenas-05.jpeg'><img loading=\"lazy\" decoding=\"async\" width=\"300\" height=\"300\" src=\"https:\/\/difaltamira.gob.mx\/2021-2024\/wp-content\/uploads\/2024\/01\/entrega-dif-alimentos-festividades-navidenas-05-300x300.jpeg\" class=\"attachment-thumbnail size-thumbnail\" alt=\"\" srcset=\"https:\/\/difaltamira.gob.mx\/2021-2024\/wp-content\/uploads\/2024\/01\/entrega-dif-alimentos-festividades-navidenas-05-300x300.jpeg 300w, https:\/\/difaltamira.gob.mx\/2021-2024\/wp-content\/uploads\/2024\/01\/entrega-dif-alimentos-festividades-navidenas-05-150x150.jpeg 150w\" sizes=\"(max-width:767px) 300px, 300px\" \/><\/a>\n\t\t\t\t<\/dt><\/div><\/dl><dl class='gallery-item' data-title='entrega-dif-alimentos-festividades-navide\u00f1os-03' data-description=''><div class='gallery-item-wrapper'>\n\t\t\t\t<dt class='gallery-icon portrait'>\n\t\t\t\t\t<a href='https:\/\/difaltamira.gob.mx\/2021-2024\/wp-content\/uploads\/2024\/01\/entrega-dif-alimentos-festividades-navidenos-03.jpeg'><img loading=\"lazy\" decoding=\"async\" width=\"300\" height=\"300\" src=\"https:\/\/difaltamira.gob.mx\/2021-2024\/wp-content\/uploads\/2024\/01\/entrega-dif-alimentos-festividades-navidenos-03-300x300.jpeg\" class=\"attachment-thumbnail size-thumbnail\" alt=\"\" srcset=\"https:\/\/difaltamira.gob.mx\/2021-2024\/wp-content\/uploads\/2024\/01\/entrega-dif-alimentos-festividades-navidenos-03-300x300.jpeg 300w, https:\/\/difaltamira.gob.mx\/2021-2024\/wp-content\/uploads\/2024\/01\/entrega-dif-alimentos-festividades-navidenos-03-150x150.jpeg 150w\" sizes=\"(max-width:767px) 300px, 300px\" \/><\/a>\n\t\t\t\t<\/dt><\/div><\/dl>\n\t\t\t\t<br style='clear: both' \/>\n\t\t\t<\/div>\n\n","protected":false},"excerpt":{"rendered":"<p>En una iniciativa para fortalecer la salud y bienestar de la comunidad, el Sistema para el Desarrollo Integral de la Familia (DIF) Altamira llev\u00f3 a cabo<span class=\"excerpt-hellip\"> [\u2026]<\/span><\/p>\n","protected":false},"author":2,"featured_media":1901,"comment_status":"open","ping_status":"open","sticky":false,"template":"","format":"standard","meta":{"footnotes":""},"categories":[5],"tags":[],"class_list":["post-1898","post","type-post","status-publish","format-standard","has-post-thumbnail","hentry","category-dif-altamira"],"_links":{"self":[{"href":"https:\/\/difaltamira.gob.mx\/2021-2024\/wp-json\/wp\/v2\/posts\/1898","targetHints":{"allow":["GET"]}}],"collection":[{"href":"https:\/\/difaltamira.gob.mx\/2021-2024\/wp-json\/wp\/v2\/posts"}],"about":[{"href":"https:\/\/difaltamira.gob.mx\/2021-2024\/wp-json\/wp\/v2\/types\/post"}],"author":[{"embeddable":true,"href":"https:\/\/difaltamira.gob.mx\/2021-2024\/wp-json\/wp\/v2\/users\/2"}],"replies":[{"embeddable":true,"href":"https:\/\/difaltamira.gob.mx\/2021-2024\/wp-json\/wp\/v2\/comments?post=1898"}],"version-history":[{"count":1,"href":"https:\/\/difaltamira.gob.mx\/2021-2024\/wp-json\/wp\/v2\/posts\/1898\/revisions"}],"predecessor-version":[{"id":1904,"href":"https:\/\/difaltamira.gob.mx\/2021-2024\/wp-json\/wp\/v2\/posts\/1898\/revisions\/1904"}],"wp:featuredmedia":[{"embeddable":true,"href":"https:\/\/difaltamira.gob.mx\/2021-2024\/wp-json\/wp\/v2\/media\/1901"}],"wp:attachment":[{"href":"https:\/\/difaltamira.gob.mx\/2021-2024\/wp-json\/wp\/v2\/media?parent=1898"}],"wp:term":[{"taxonomy":"category","embeddable":true,"href":"https:\/\/difaltamira.gob.mx\/2021-2024\/wp-json\/wp\/v2\/categories?post=1898"},{"taxonomy":"post_tag","embeddable":true,"href":"https:\/\/difaltamira.gob.mx\/2021-2024\/wp-json\/wp\/v2\/tags?post=1898"}],"curies":[{"name":"wp","href":"https:\/\/api.w.org\/{rel}","templated":true}]}}