{"id":1892,"date":"2023-12-13T11:55:02","date_gmt":"2023-12-13T17:55:02","guid":{"rendered":"https:\/\/difaltamira.gob.mx\/2021-2024\/?p=1892"},"modified":"2024-01-16T16:13:21","modified_gmt":"2024-01-16T22:13:21","slug":"concluyo-con-exito-el-festival-soy-como-tu-2023-del-sistema-dif-altamira","status":"publish","type":"post","link":"https:\/\/difaltamira.gob.mx\/2021-2024\/2023\/12\/13\/concluyo-con-exito-el-festival-soy-como-tu-2023-del-sistema-dif-altamira\/","title":{"rendered":"Concluy\u00f3 con \u00e9xito el Festival \u201cSoy Como T\u00fa 2023\u201d del Sistema DIF Altamira"},"content":{"rendered":"<h2>En el Centro de Bienestar y Paz de la colonia Roger G\u00f3mez, tuvo lugar la segunda edici\u00f3n del Festival \u201cSoy Como T\u00fa\u201d, organizado por el Sistema para el Desarrollo Integral de la Familia de Altamira. Este evento, destinado a recaudar fondos para la adquisici\u00f3n de aparatos funcionales en el Centro de Rehabilitaci\u00f3n Integral del DIF, estuvo encabezado por la presidenta del Organismo, la C.P. Rossy Luque de Mart\u00ednez.<\/h2>\n<p>En el mismo, la Coordinadora del Centro de Rehabilitaci\u00f3n Integral (CRI), Aleida Morales, brind\u00f3 unas c\u00e1lidas palabras de bienvenida, seguidas por el mensaje oficial de la presidenta del DIF, quien expres\u00f3 su reconocimiento al extraordinario trabajo del CRI y su impulso a la inclusi\u00f3n. Bajo el lema &#8220;Soy como t\u00fa, viviendo lo mismo de manera distinta&#8221;, destac\u00f3 la importancia de apoyar a quienes necesitan m\u00e1s ayuda para derribar barreras.<\/p>\n<p>Por su parte, el presidente municipal Dr. Armando Mart\u00ednez Manr\u00edquez elogi\u00f3 el compromiso del DIF por fomentar una ciudad m\u00e1s inclusiva, reiterando el respaldo del Ayuntamiento por trabajar sobre esta importante l\u00ednea de acci\u00f3n.<\/p>\n<p>El evento continu\u00f3 con un programa art\u00edstico presentado por ni\u00f1os y ni\u00f1as usuarios de los diferentes Centros de Atenci\u00f3n M\u00faltiple, demostrando que la inclusi\u00f3n es parte fundamental de los ejes de trabajo de la actual administraci\u00f3n municipal.<\/p>\n<p>Destacada fue la proyecci\u00f3n de un emotivo video del programa &#8220;Guerreros por la Vida&#8221;, ni\u00f1os y j\u00f3venes que se han superado a s\u00ed mismos y que cuentan con alguna discapacidad. As\u00ed tambi\u00e9n se entregaron reconocimientos a participantes destacados en los m\u00e1s recientes Juegos Paral\u00edmpicos.<\/p>\n<p>Uno de los momentos m\u00e1s significativos fue la entrega de aparatos funcionales a personas que m\u00e1s lo necesitan, as\u00ed como reconocimientos a los valiosos patrocinadores que se unieron a esta noble causa, empresas con responsabilidad social aliadas del DIF.<\/p>\n<p>La jornada concluy\u00f3 con la entrega de bolsitas de dulces y juguetes a los peque\u00f1os asistentes. Con este importante evento, el Sistema DIF Altamira reafirm\u00f3 su compromiso con la inclusi\u00f3n y la rehabilitaci\u00f3n integral, dejando un impacto positivo en la comunidad y promoviendo la igualdad para todos.<\/p>\n\n\t\t\t<style type='text\/css'>\n\t\t\t\t#sc_gallery-1 {\n\t\t\t\t\tmargin: auto;\n\t\t\t\t}\n\t\t\t\t#sc_gallery-1 .gallery-item {\n\t\t\t\t\tfloat: left;\n\t\t\t\t\ttext-align: center;\n\t\t\t\t\twidth: 33.33%;\n\t\t\t\t}\n\t\t\t\t#sc_gallery-1 img {\n\t\t\t\t\tborder: 2px solid #cfcfcf;\n\t\t\t\t}\n\t\t\t\t\/* see sc_gallery() in functions\/theme-shortcodes.php *\/\n\t\t\t<\/style>\n\t\t<div id='sc_gallery-1' class='gallery galleryid-1892 gallery-columns-3 gallery-size-thumbnail file gallery-default'><dl class='gallery-item' data-title='concluyo-festival-soy-como-tu-dif-01' data-description=''><div class='gallery-item-wrapper'>\n\t\t\t\t<dt class='gallery-icon landscape'>\n\t\t\t\t\t<a href='https:\/\/difaltamira.gob.mx\/2021-2024\/wp-content\/uploads\/2024\/01\/concluyo-festival-soy-como-tu-dif-01.jpeg'><img fetchpriority=\"high\" decoding=\"async\" width=\"300\" height=\"300\" src=\"https:\/\/difaltamira.gob.mx\/2021-2024\/wp-content\/uploads\/2024\/01\/concluyo-festival-soy-como-tu-dif-01-300x300.jpeg\" class=\"attachment-thumbnail size-thumbnail\" alt=\"\" srcset=\"https:\/\/difaltamira.gob.mx\/2021-2024\/wp-content\/uploads\/2024\/01\/concluyo-festival-soy-como-tu-dif-01-300x300.jpeg 300w, https:\/\/difaltamira.gob.mx\/2021-2024\/wp-content\/uploads\/2024\/01\/concluyo-festival-soy-como-tu-dif-01-150x150.jpeg 150w\" sizes=\"(max-width:767px) 300px, 300px\" \/><\/a>\n\t\t\t\t<\/dt><\/div><\/dl><dl class='gallery-item' data-title='concluyo-festival-soy-como-tu-dif-02' data-description=''><div class='gallery-item-wrapper'>\n\t\t\t\t<dt class='gallery-icon landscape'>\n\t\t\t\t\t<a href='https:\/\/difaltamira.gob.mx\/2021-2024\/wp-content\/uploads\/2024\/01\/concluyo-festival-soy-como-tu-dif-02.jpeg'><img decoding=\"async\" width=\"300\" height=\"300\" src=\"https:\/\/difaltamira.gob.mx\/2021-2024\/wp-content\/uploads\/2024\/01\/concluyo-festival-soy-como-tu-dif-02-300x300.jpeg\" class=\"attachment-thumbnail size-thumbnail\" alt=\"\" srcset=\"https:\/\/difaltamira.gob.mx\/2021-2024\/wp-content\/uploads\/2024\/01\/concluyo-festival-soy-como-tu-dif-02-300x300.jpeg 300w, https:\/\/difaltamira.gob.mx\/2021-2024\/wp-content\/uploads\/2024\/01\/concluyo-festival-soy-como-tu-dif-02-150x150.jpeg 150w\" sizes=\"(max-width:767px) 300px, 300px\" \/><\/a>\n\t\t\t\t<\/dt><\/div><\/dl><dl class='gallery-item' data-title='concluyo-festival-soy-como-tu-dif-03' data-description=''><div class='gallery-item-wrapper'>\n\t\t\t\t<dt class='gallery-icon landscape'>\n\t\t\t\t\t<a href='https:\/\/difaltamira.gob.mx\/2021-2024\/wp-content\/uploads\/2024\/01\/concluyo-festival-soy-como-tu-dif-03.jpeg'><img decoding=\"async\" width=\"300\" height=\"300\" src=\"https:\/\/difaltamira.gob.mx\/2021-2024\/wp-content\/uploads\/2024\/01\/concluyo-festival-soy-como-tu-dif-03-300x300.jpeg\" class=\"attachment-thumbnail size-thumbnail\" alt=\"\" srcset=\"https:\/\/difaltamira.gob.mx\/2021-2024\/wp-content\/uploads\/2024\/01\/concluyo-festival-soy-como-tu-dif-03-300x300.jpeg 300w, https:\/\/difaltamira.gob.mx\/2021-2024\/wp-content\/uploads\/2024\/01\/concluyo-festival-soy-como-tu-dif-03-150x150.jpeg 150w\" sizes=\"(max-width:767px) 300px, 300px\" \/><\/a>\n\t\t\t\t<\/dt><\/div><\/dl><br style=\"clear: both\" \/><dl class='gallery-item' data-title='concluyo-festival-soy-como-tu-dif-04' data-description=''><div class='gallery-item-wrapper'>\n\t\t\t\t<dt class='gallery-icon landscape'>\n\t\t\t\t\t<a href='https:\/\/difaltamira.gob.mx\/2021-2024\/wp-content\/uploads\/2024\/01\/concluyo-festival-soy-como-tu-dif-04.jpeg'><img loading=\"lazy\" decoding=\"async\" width=\"300\" height=\"300\" src=\"https:\/\/difaltamira.gob.mx\/2021-2024\/wp-content\/uploads\/2024\/01\/concluyo-festival-soy-como-tu-dif-04-300x300.jpeg\" class=\"attachment-thumbnail size-thumbnail\" alt=\"\" srcset=\"https:\/\/difaltamira.gob.mx\/2021-2024\/wp-content\/uploads\/2024\/01\/concluyo-festival-soy-como-tu-dif-04-300x300.jpeg 300w, https:\/\/difaltamira.gob.mx\/2021-2024\/wp-content\/uploads\/2024\/01\/concluyo-festival-soy-como-tu-dif-04-150x150.jpeg 150w\" sizes=\"(max-width:767px) 300px, 300px\" \/><\/a>\n\t\t\t\t<\/dt><\/div><\/dl>\n\t\t\t\t<br style='clear: both' \/>\n\t\t\t<\/div>\n\n","protected":false},"excerpt":{"rendered":"<p>En el Centro de Bienestar y Paz de la colonia Roger G\u00f3mez, tuvo lugar la segunda edici\u00f3n del Festival \u201cSoy Como T\u00fa\u201d, organizado por el Sistema<span class=\"excerpt-hellip\"> [\u2026]<\/span><\/p>\n","protected":false},"author":2,"featured_media":1893,"comment_status":"open","ping_status":"open","sticky":false,"template":"","format":"standard","meta":{"footnotes":""},"categories":[5],"tags":[],"class_list":["post-1892","post","type-post","status-publish","format-standard","has-post-thumbnail","hentry","category-dif-altamira"],"_links":{"self":[{"href":"https:\/\/difaltamira.gob.mx\/2021-2024\/wp-json\/wp\/v2\/posts\/1892","targetHints":{"allow":["GET"]}}],"collection":[{"href":"https:\/\/difaltamira.gob.mx\/2021-2024\/wp-json\/wp\/v2\/posts"}],"about":[{"href":"https:\/\/difaltamira.gob.mx\/2021-2024\/wp-json\/wp\/v2\/types\/post"}],"author":[{"embeddable":true,"href":"https:\/\/difaltamira.gob.mx\/2021-2024\/wp-json\/wp\/v2\/users\/2"}],"replies":[{"embeddable":true,"href":"https:\/\/difaltamira.gob.mx\/2021-2024\/wp-json\/wp\/v2\/comments?post=1892"}],"version-history":[{"count":1,"href":"https:\/\/difaltamira.gob.mx\/2021-2024\/wp-json\/wp\/v2\/posts\/1892\/revisions"}],"predecessor-version":[{"id":1897,"href":"https:\/\/difaltamira.gob.mx\/2021-2024\/wp-json\/wp\/v2\/posts\/1892\/revisions\/1897"}],"wp:featuredmedia":[{"embeddable":true,"href":"https:\/\/difaltamira.gob.mx\/2021-2024\/wp-json\/wp\/v2\/media\/1893"}],"wp:attachment":[{"href":"https:\/\/difaltamira.gob.mx\/2021-2024\/wp-json\/wp\/v2\/media?parent=1892"}],"wp:term":[{"taxonomy":"category","embeddable":true,"href":"https:\/\/difaltamira.gob.mx\/2021-2024\/wp-json\/wp\/v2\/categories?post=1892"},{"taxonomy":"post_tag","embeddable":true,"href":"https:\/\/difaltamira.gob.mx\/2021-2024\/wp-json\/wp\/v2\/tags?post=1892"}],"curies":[{"name":"wp","href":"https:\/\/api.w.org\/{rel}","templated":true}]}}