{"id":1878,"date":"2023-12-11T08:25:06","date_gmt":"2023-12-11T14:25:06","guid":{"rendered":"https:\/\/difaltamira.gob.mx\/2021-2024\/?p=1878"},"modified":"2024-01-16T13:49:28","modified_gmt":"2024-01-16T19:49:28","slug":"invita-dif-altamira-a-sumarse-a-teleton-2023","status":"publish","type":"post","link":"https:\/\/difaltamira.gob.mx\/2021-2024\/2023\/12\/11\/invita-dif-altamira-a-sumarse-a-teleton-2023\/","title":{"rendered":"Invita DIF Altamira a sumarse a Telet\u00f3n 2023"},"content":{"rendered":"<h2>A trav\u00e9s de una rueda de prensa desarrollada en el Auditorio \u201cJuan Mac\u00edas Castillo\u201d de la zona centro de la ciudad, la presidenta del Sistema DIF Altamira, C.P. Rossy Luque de Mart\u00ednez, destac\u00f3 la s\u00f3lida alianza entre el Telet\u00f3n y el organismo que dirige, colaboraci\u00f3n que habr\u00e1 de hacer sinergia durante el pr\u00f3ximo evento Telet\u00f3n 2023.<\/h2>\n<p>En dicho encuentro, la presidenta hizo un llamado a respaldar a referida instituci\u00f3n ben\u00e9fica, resaltando la importancia de demostrar el orgullo de ser altamirense y el compromiso de coraz\u00f3n con la inclusi\u00f3n.<\/p>\n<p>Asimismo, enfatiz\u00f3 que el gobierno local que dirige su esposo, el alcalde Dr. Armando Mart\u00ednez Manr\u00edquez as\u00ed como el propio DIF trabajan incansablemente por la inclusi\u00f3n y el respeto de los derechos sin distinci\u00f3n, de ah\u00ed la voluntad de unir esfuerzos con el Telet\u00f3n desde hace ya dos a\u00f1os.<\/p>\n<p>La presidenta DIF exhort\u00f3 a los ciudadanos a apoyar la recaudaci\u00f3n que desde ya se realiza en diversos puntos de la ciudad, ya que parte de la misma se destinar\u00e1 a la reconstrucci\u00f3n del CRIT en Acapulco y a la atenci\u00f3n inmediata de los afectados por el hurac\u00e1n Otis.<\/p>\n<p>Por su parte, el director general del CRIT Tamaulipas, Ing. Baldomero L\u00f3pez Zamora hizo menci\u00f3n que con la inauguraci\u00f3n de dos nuevos centros este a\u00f1o, uno en la monta\u00f1a de Guerrero y otro en Mazatl\u00e1n, Sinaloa, gracias a las donaciones de 2022 a nivel nacional, se podr\u00e1 seguir atendiendo a personas con discapacidad.<\/p>\n<p>El evento Telet\u00f3n 2023, que inicia el 16 de Diciembre a las 16:00 horas en la Unidad Deportiva de Altamira, ofrecer\u00e1 diversas actividades, desde la recepci\u00f3n de alcanc\u00edas Telet\u00f3n hasta un programa con invitados especiales, juegos mec\u00e1nicos, villas navide\u00f1as y m\u00e1s, siendo la meta de recaudaci\u00f3n este a\u00f1o de $410,473,714 + 1 peso.<\/p>\n<p>En el pres\u00eddium se cont\u00f3 con la presencia de destacadas personalidades, entre ellas la Lic. Edna Mojica Aguilar, Subdirectora de Talento y Cultura Organizacional; la Lic. Flor Esther Pulido M\u00e9ndez, Subdirectora de Alianzas Estrat\u00e9gicas y Procuraci\u00f3n de Fondos, ambas del CRIT Telet\u00f3n Tamaulipas, as\u00ed como la Dra. Flavia Casta\u00f1eda, Directora del Voluntariado del Sistema DIF Tamaulipas.<\/p>\n\n\t\t\t<style type='text\/css'>\n\t\t\t\t#sc_gallery-1 {\n\t\t\t\t\tmargin: auto;\n\t\t\t\t}\n\t\t\t\t#sc_gallery-1 .gallery-item {\n\t\t\t\t\tfloat: left;\n\t\t\t\t\ttext-align: center;\n\t\t\t\t\twidth: 33.33%;\n\t\t\t\t}\n\t\t\t\t#sc_gallery-1 img {\n\t\t\t\t\tborder: 2px solid #cfcfcf;\n\t\t\t\t}\n\t\t\t\t\/* see sc_gallery() in functions\/theme-shortcodes.php *\/\n\t\t\t<\/style>\n\t\t<div id='sc_gallery-1' class='gallery galleryid-1878 gallery-columns-3 gallery-size-thumbnail file gallery-default'><dl class='gallery-item' data-title='invita-dif-teleton-2023-01' data-description=''><div class='gallery-item-wrapper'>\n\t\t\t\t<dt class='gallery-icon landscape'>\n\t\t\t\t\t<a href='https:\/\/difaltamira.gob.mx\/2021-2024\/wp-content\/uploads\/2024\/01\/invita-dif-teleton-2023-01.jpeg'><img fetchpriority=\"high\" decoding=\"async\" width=\"300\" height=\"300\" src=\"https:\/\/difaltamira.gob.mx\/2021-2024\/wp-content\/uploads\/2024\/01\/invita-dif-teleton-2023-01-300x300.jpeg\" class=\"attachment-thumbnail size-thumbnail\" alt=\"\" srcset=\"https:\/\/difaltamira.gob.mx\/2021-2024\/wp-content\/uploads\/2024\/01\/invita-dif-teleton-2023-01-300x300.jpeg 300w, https:\/\/difaltamira.gob.mx\/2021-2024\/wp-content\/uploads\/2024\/01\/invita-dif-teleton-2023-01-150x150.jpeg 150w\" sizes=\"(max-width:767px) 300px, 300px\" \/><\/a>\n\t\t\t\t<\/dt><\/div><\/dl><dl class='gallery-item' data-title='invita-dif-teleton-2023-02' data-description=''><div class='gallery-item-wrapper'>\n\t\t\t\t<dt class='gallery-icon landscape'>\n\t\t\t\t\t<a href='https:\/\/difaltamira.gob.mx\/2021-2024\/wp-content\/uploads\/2024\/01\/invita-dif-teleton-2023-02.jpeg'><img decoding=\"async\" width=\"300\" height=\"300\" src=\"https:\/\/difaltamira.gob.mx\/2021-2024\/wp-content\/uploads\/2024\/01\/invita-dif-teleton-2023-02-300x300.jpeg\" class=\"attachment-thumbnail size-thumbnail\" alt=\"\" srcset=\"https:\/\/difaltamira.gob.mx\/2021-2024\/wp-content\/uploads\/2024\/01\/invita-dif-teleton-2023-02-300x300.jpeg 300w, https:\/\/difaltamira.gob.mx\/2021-2024\/wp-content\/uploads\/2024\/01\/invita-dif-teleton-2023-02-150x150.jpeg 150w\" sizes=\"(max-width:767px) 300px, 300px\" \/><\/a>\n\t\t\t\t<\/dt><\/div><\/dl><dl class='gallery-item' data-title='invita-dif-teleton-2023-03' data-description=''><div class='gallery-item-wrapper'>\n\t\t\t\t<dt class='gallery-icon landscape'>\n\t\t\t\t\t<a href='https:\/\/difaltamira.gob.mx\/2021-2024\/wp-content\/uploads\/2024\/01\/invita-dif-teleton-2023-03.jpeg'><img decoding=\"async\" width=\"300\" height=\"300\" src=\"https:\/\/difaltamira.gob.mx\/2021-2024\/wp-content\/uploads\/2024\/01\/invita-dif-teleton-2023-03-300x300.jpeg\" class=\"attachment-thumbnail size-thumbnail\" alt=\"\" srcset=\"https:\/\/difaltamira.gob.mx\/2021-2024\/wp-content\/uploads\/2024\/01\/invita-dif-teleton-2023-03-300x300.jpeg 300w, https:\/\/difaltamira.gob.mx\/2021-2024\/wp-content\/uploads\/2024\/01\/invita-dif-teleton-2023-03-150x150.jpeg 150w\" sizes=\"(max-width:767px) 300px, 300px\" \/><\/a>\n\t\t\t\t<\/dt><\/div><\/dl><br style=\"clear: both\" \/><dl class='gallery-item' data-title='invita-dif-teleton-2023-04' data-description=''><div class='gallery-item-wrapper'>\n\t\t\t\t<dt class='gallery-icon landscape'>\n\t\t\t\t\t<a href='https:\/\/difaltamira.gob.mx\/2021-2024\/wp-content\/uploads\/2024\/01\/invita-dif-teleton-2023-04.jpeg'><img loading=\"lazy\" decoding=\"async\" width=\"300\" height=\"300\" src=\"https:\/\/difaltamira.gob.mx\/2021-2024\/wp-content\/uploads\/2024\/01\/invita-dif-teleton-2023-04-300x300.jpeg\" class=\"attachment-thumbnail size-thumbnail\" alt=\"\" srcset=\"https:\/\/difaltamira.gob.mx\/2021-2024\/wp-content\/uploads\/2024\/01\/invita-dif-teleton-2023-04-300x300.jpeg 300w, https:\/\/difaltamira.gob.mx\/2021-2024\/wp-content\/uploads\/2024\/01\/invita-dif-teleton-2023-04-150x150.jpeg 150w\" sizes=\"(max-width:767px) 300px, 300px\" \/><\/a>\n\t\t\t\t<\/dt><\/div><\/dl><dl class='gallery-item' data-title='invita-dif-teleton-2023-05' data-description=''><div class='gallery-item-wrapper'>\n\t\t\t\t<dt class='gallery-icon landscape'>\n\t\t\t\t\t<a href='https:\/\/difaltamira.gob.mx\/2021-2024\/wp-content\/uploads\/2024\/01\/invita-dif-teleton-2023-05.jpeg'><img loading=\"lazy\" decoding=\"async\" width=\"300\" height=\"300\" src=\"https:\/\/difaltamira.gob.mx\/2021-2024\/wp-content\/uploads\/2024\/01\/invita-dif-teleton-2023-05-300x300.jpeg\" class=\"attachment-thumbnail size-thumbnail\" alt=\"\" srcset=\"https:\/\/difaltamira.gob.mx\/2021-2024\/wp-content\/uploads\/2024\/01\/invita-dif-teleton-2023-05-300x300.jpeg 300w, https:\/\/difaltamira.gob.mx\/2021-2024\/wp-content\/uploads\/2024\/01\/invita-dif-teleton-2023-05-150x150.jpeg 150w\" sizes=\"(max-width:767px) 300px, 300px\" \/><\/a>\n\t\t\t\t<\/dt><\/div><\/dl>\n\t\t\t\t<br style='clear: both' \/>\n\t\t\t<\/div>\n\n","protected":false},"excerpt":{"rendered":"<p>A trav\u00e9s de una rueda de prensa desarrollada en el Auditorio \u201cJuan Mac\u00edas Castillo\u201d de la zona centro de la ciudad, la presidenta del Sistema DIF<span class=\"excerpt-hellip\"> [\u2026]<\/span><\/p>\n","protected":false},"author":2,"featured_media":1880,"comment_status":"open","ping_status":"open","sticky":false,"template":"","format":"standard","meta":{"footnotes":""},"categories":[5],"tags":[],"class_list":["post-1878","post","type-post","status-publish","format-standard","has-post-thumbnail","hentry","category-dif-altamira"],"_links":{"self":[{"href":"https:\/\/difaltamira.gob.mx\/2021-2024\/wp-json\/wp\/v2\/posts\/1878","targetHints":{"allow":["GET"]}}],"collection":[{"href":"https:\/\/difaltamira.gob.mx\/2021-2024\/wp-json\/wp\/v2\/posts"}],"about":[{"href":"https:\/\/difaltamira.gob.mx\/2021-2024\/wp-json\/wp\/v2\/types\/post"}],"author":[{"embeddable":true,"href":"https:\/\/difaltamira.gob.mx\/2021-2024\/wp-json\/wp\/v2\/users\/2"}],"replies":[{"embeddable":true,"href":"https:\/\/difaltamira.gob.mx\/2021-2024\/wp-json\/wp\/v2\/comments?post=1878"}],"version-history":[{"count":1,"href":"https:\/\/difaltamira.gob.mx\/2021-2024\/wp-json\/wp\/v2\/posts\/1878\/revisions"}],"predecessor-version":[{"id":1884,"href":"https:\/\/difaltamira.gob.mx\/2021-2024\/wp-json\/wp\/v2\/posts\/1878\/revisions\/1884"}],"wp:featuredmedia":[{"embeddable":true,"href":"https:\/\/difaltamira.gob.mx\/2021-2024\/wp-json\/wp\/v2\/media\/1880"}],"wp:attachment":[{"href":"https:\/\/difaltamira.gob.mx\/2021-2024\/wp-json\/wp\/v2\/media?parent=1878"}],"wp:term":[{"taxonomy":"category","embeddable":true,"href":"https:\/\/difaltamira.gob.mx\/2021-2024\/wp-json\/wp\/v2\/categories?post=1878"},{"taxonomy":"post_tag","embeddable":true,"href":"https:\/\/difaltamira.gob.mx\/2021-2024\/wp-json\/wp\/v2\/tags?post=1878"}],"curies":[{"name":"wp","href":"https:\/\/api.w.org\/{rel}","templated":true}]}}