{"id":1864,"date":"2023-12-07T13:07:45","date_gmt":"2023-12-07T19:07:45","guid":{"rendered":"https:\/\/difaltamira.gob.mx\/2021-2024\/?p=1864"},"modified":"2024-01-15T17:41:39","modified_gmt":"2024-01-15T23:41:39","slug":"reafirma-dif-su-colaboracion-con-el-sector-privado-en-importante-donacion-de-aparatos-funcionales","status":"publish","type":"post","link":"https:\/\/difaltamira.gob.mx\/2021-2024\/2023\/12\/07\/reafirma-dif-su-colaboracion-con-el-sector-privado-en-importante-donacion-de-aparatos-funcionales\/","title":{"rendered":"Reafirma DIF su colaboraci\u00f3n con el sector privado en importante donaci\u00f3n de aparatos funcionales"},"content":{"rendered":"<h2>El alcalde Dr. Armando Mart\u00ednez Manr\u00edquez agradeci\u00f3 al empresario Jos\u00e9 Luis Kuri por su destacado donativo de 20 equipos m\u00e9dicos para movilidad<\/h2>\n<p>El Sistema DIF Altamira reafirm\u00f3 su estrecha colaboraci\u00f3n con el sector privado en un evento encabezado por el presidente municipal, Dr. Armando Mart\u00ednez Manr\u00edquez. El mismo se trat\u00f3 de la destacada donaci\u00f3n de aparatos funcionales por parte del empresario Jos\u00e9 Luis Kuri Con, quien realiz\u00f3 este acto bondadoso a t\u00edtulo personal en la Palapa de la Laguna del Champay\u00e1n.<\/p>\n<p>La donaci\u00f3n se trata de la onceava entrega de sillas de ruedas de empresas socialmente responsables y aliados estrat\u00e9gicos al Sistema DIF, producto de una \u00f3ptima relaci\u00f3n entre el organismo p\u00fablico y el sector privado que redunda en mayores beneficios para los sectores menos favorecidos de la ciudad.<\/p>\n<p>En una muestra de generosidad y compromiso social, el Sr. Kuri Con don\u00f3 20 sillas de ruedas, siendo 19 de modelo est\u00e1ndar y una todo terreno.<\/p>\n<blockquote><p>\u201cNos sentimos gustosos de ver que las empresas socialmente responsables est\u00e1n haciendo equipo con el DIF. Mi esposa Rossy Luque ha puesto todo su empe\u00f1o en cuidar tanto a los abuelitos, ni\u00f1os y ni\u00f1as, madres solteras y dem\u00e1s personas que necesitan de una mano amiga como lo es el DIF, por eso esta donaci\u00f3n es muy apreciada porque nos ayudar\u00e1 a seguir ayudando\u201d, expres\u00f3 el alcalde Armando Mart\u00ednez en esta recepci\u00f3n en representaci\u00f3n de su esposa, la presidenta del DIF.<\/p><\/blockquote>\n<p>Este evento ejemplific\u00f3 el compromiso del Gobierno local y el Organismo para construir una comunidad m\u00e1s inclusiva y solidaria, ya que son los resultados a la vista de todos los que generan certidumbre para que m\u00e1s empresas se animen a hacer equipo en favor de la urbe industrial.<\/p>\n<p>Participaron en este encuentro la C.P. Delia Margarita Orta Valles, Directora General del Sistema DIF Altamira; la regidora presidenta de la Comisi\u00f3n de Cultura en el Cabildo; Geovana Flores Torres; la Lic. Nefertiti Constantino, Jefa de Relaciones P\u00fablicas del Sistema DIF, as\u00ed como dem\u00e1s invitados especiales.<\/p>\n\n\t\t\t<style type='text\/css'>\n\t\t\t\t#sc_gallery-1 {\n\t\t\t\t\tmargin: auto;\n\t\t\t\t}\n\t\t\t\t#sc_gallery-1 .gallery-item {\n\t\t\t\t\tfloat: left;\n\t\t\t\t\ttext-align: center;\n\t\t\t\t\twidth: 33.33%;\n\t\t\t\t}\n\t\t\t\t#sc_gallery-1 img {\n\t\t\t\t\tborder: 2px solid #cfcfcf;\n\t\t\t\t}\n\t\t\t\t\/* see sc_gallery() in functions\/theme-shortcodes.php *\/\n\t\t\t<\/style>\n\t\t<div id='sc_gallery-1' class='gallery galleryid-1864 gallery-columns-3 gallery-size-thumbnail file gallery-default'><dl class='gallery-item' data-title='reafirma-dif-colab-sector-privado-donacion-aparatos-05' data-description=''><div class='gallery-item-wrapper'>\n\t\t\t\t<dt class='gallery-icon landscape'>\n\t\t\t\t\t<a href='https:\/\/difaltamira.gob.mx\/2021-2024\/wp-content\/uploads\/2024\/01\/reafirma-dif-colab-sector-privado-donacion-aparatos-05.jpeg'><img fetchpriority=\"high\" decoding=\"async\" width=\"300\" height=\"300\" src=\"https:\/\/difaltamira.gob.mx\/2021-2024\/wp-content\/uploads\/2024\/01\/reafirma-dif-colab-sector-privado-donacion-aparatos-05-300x300.jpeg\" class=\"attachment-thumbnail size-thumbnail\" alt=\"\" srcset=\"https:\/\/difaltamira.gob.mx\/2021-2024\/wp-content\/uploads\/2024\/01\/reafirma-dif-colab-sector-privado-donacion-aparatos-05-300x300.jpeg 300w, https:\/\/difaltamira.gob.mx\/2021-2024\/wp-content\/uploads\/2024\/01\/reafirma-dif-colab-sector-privado-donacion-aparatos-05-150x150.jpeg 150w\" sizes=\"(max-width:767px) 300px, 300px\" \/><\/a>\n\t\t\t\t<\/dt><\/div><\/dl><dl class='gallery-item' data-title='reafirma-dif-colab-sector-privado-donacion-aparatos-04' data-description=''><div class='gallery-item-wrapper'>\n\t\t\t\t<dt class='gallery-icon landscape'>\n\t\t\t\t\t<a href='https:\/\/difaltamira.gob.mx\/2021-2024\/wp-content\/uploads\/2024\/01\/reafirma-dif-colab-sector-privado-donacion-aparatos-04.jpeg'><img decoding=\"async\" width=\"300\" height=\"300\" src=\"https:\/\/difaltamira.gob.mx\/2021-2024\/wp-content\/uploads\/2024\/01\/reafirma-dif-colab-sector-privado-donacion-aparatos-04-300x300.jpeg\" class=\"attachment-thumbnail size-thumbnail\" alt=\"\" srcset=\"https:\/\/difaltamira.gob.mx\/2021-2024\/wp-content\/uploads\/2024\/01\/reafirma-dif-colab-sector-privado-donacion-aparatos-04-300x300.jpeg 300w, https:\/\/difaltamira.gob.mx\/2021-2024\/wp-content\/uploads\/2024\/01\/reafirma-dif-colab-sector-privado-donacion-aparatos-04-150x150.jpeg 150w\" sizes=\"(max-width:767px) 300px, 300px\" \/><\/a>\n\t\t\t\t<\/dt><\/div><\/dl><dl class='gallery-item' data-title='reafirma-dif-colab-sector-privado-donacion-aparatos-03' data-description=''><div class='gallery-item-wrapper'>\n\t\t\t\t<dt class='gallery-icon landscape'>\n\t\t\t\t\t<a href='https:\/\/difaltamira.gob.mx\/2021-2024\/wp-content\/uploads\/2024\/01\/reafirma-dif-colab-sector-privado-donacion-aparatos-03.jpeg'><img decoding=\"async\" width=\"300\" height=\"300\" src=\"https:\/\/difaltamira.gob.mx\/2021-2024\/wp-content\/uploads\/2024\/01\/reafirma-dif-colab-sector-privado-donacion-aparatos-03-300x300.jpeg\" class=\"attachment-thumbnail size-thumbnail\" alt=\"\" srcset=\"https:\/\/difaltamira.gob.mx\/2021-2024\/wp-content\/uploads\/2024\/01\/reafirma-dif-colab-sector-privado-donacion-aparatos-03-300x300.jpeg 300w, https:\/\/difaltamira.gob.mx\/2021-2024\/wp-content\/uploads\/2024\/01\/reafirma-dif-colab-sector-privado-donacion-aparatos-03-150x150.jpeg 150w\" sizes=\"(max-width:767px) 300px, 300px\" \/><\/a>\n\t\t\t\t<\/dt><\/div><\/dl><br style=\"clear: both\" \/><dl class='gallery-item' data-title='reafirma-dif-colab-sector-privado-donacion-aparatos-02' data-description=''><div class='gallery-item-wrapper'>\n\t\t\t\t<dt class='gallery-icon landscape'>\n\t\t\t\t\t<a href='https:\/\/difaltamira.gob.mx\/2021-2024\/wp-content\/uploads\/2024\/01\/reafirma-dif-colab-sector-privado-donacion-aparatos-02.jpeg'><img loading=\"lazy\" decoding=\"async\" width=\"300\" height=\"300\" src=\"https:\/\/difaltamira.gob.mx\/2021-2024\/wp-content\/uploads\/2024\/01\/reafirma-dif-colab-sector-privado-donacion-aparatos-02-300x300.jpeg\" class=\"attachment-thumbnail size-thumbnail\" alt=\"\" srcset=\"https:\/\/difaltamira.gob.mx\/2021-2024\/wp-content\/uploads\/2024\/01\/reafirma-dif-colab-sector-privado-donacion-aparatos-02-300x300.jpeg 300w, https:\/\/difaltamira.gob.mx\/2021-2024\/wp-content\/uploads\/2024\/01\/reafirma-dif-colab-sector-privado-donacion-aparatos-02-150x150.jpeg 150w\" sizes=\"(max-width:767px) 300px, 300px\" \/><\/a>\n\t\t\t\t<\/dt><\/div><\/dl><dl class='gallery-item' data-title='reafirma-dif-colab-sector-privado-donacion-aparatos-01' data-description=''><div class='gallery-item-wrapper'>\n\t\t\t\t<dt class='gallery-icon landscape'>\n\t\t\t\t\t<a href='https:\/\/difaltamira.gob.mx\/2021-2024\/wp-content\/uploads\/2024\/01\/reafirma-dif-colab-sector-privado-donacion-aparatos-01.jpeg'><img loading=\"lazy\" decoding=\"async\" width=\"300\" height=\"300\" src=\"https:\/\/difaltamira.gob.mx\/2021-2024\/wp-content\/uploads\/2024\/01\/reafirma-dif-colab-sector-privado-donacion-aparatos-01-300x300.jpeg\" class=\"attachment-thumbnail size-thumbnail\" alt=\"\" srcset=\"https:\/\/difaltamira.gob.mx\/2021-2024\/wp-content\/uploads\/2024\/01\/reafirma-dif-colab-sector-privado-donacion-aparatos-01-300x300.jpeg 300w, https:\/\/difaltamira.gob.mx\/2021-2024\/wp-content\/uploads\/2024\/01\/reafirma-dif-colab-sector-privado-donacion-aparatos-01-150x150.jpeg 150w\" sizes=\"(max-width:767px) 300px, 300px\" \/><\/a>\n\t\t\t\t<\/dt><\/div><\/dl>\n\t\t\t\t<br style='clear: both' \/>\n\t\t\t<\/div>\n\n","protected":false},"excerpt":{"rendered":"<p>El alcalde Dr. Armando Mart\u00ednez Manr\u00edquez agradeci\u00f3 al empresario Jos\u00e9 Luis Kuri por su destacado donativo de 20 equipos m\u00e9dicos para movilidad El Sistema DIF Altamira<span class=\"excerpt-hellip\"> [\u2026]<\/span><\/p>\n","protected":false},"author":2,"featured_media":1867,"comment_status":"open","ping_status":"open","sticky":false,"template":"","format":"standard","meta":{"footnotes":""},"categories":[5],"tags":[],"class_list":["post-1864","post","type-post","status-publish","format-standard","has-post-thumbnail","hentry","category-dif-altamira"],"_links":{"self":[{"href":"https:\/\/difaltamira.gob.mx\/2021-2024\/wp-json\/wp\/v2\/posts\/1864","targetHints":{"allow":["GET"]}}],"collection":[{"href":"https:\/\/difaltamira.gob.mx\/2021-2024\/wp-json\/wp\/v2\/posts"}],"about":[{"href":"https:\/\/difaltamira.gob.mx\/2021-2024\/wp-json\/wp\/v2\/types\/post"}],"author":[{"embeddable":true,"href":"https:\/\/difaltamira.gob.mx\/2021-2024\/wp-json\/wp\/v2\/users\/2"}],"replies":[{"embeddable":true,"href":"https:\/\/difaltamira.gob.mx\/2021-2024\/wp-json\/wp\/v2\/comments?post=1864"}],"version-history":[{"count":1,"href":"https:\/\/difaltamira.gob.mx\/2021-2024\/wp-json\/wp\/v2\/posts\/1864\/revisions"}],"predecessor-version":[{"id":1870,"href":"https:\/\/difaltamira.gob.mx\/2021-2024\/wp-json\/wp\/v2\/posts\/1864\/revisions\/1870"}],"wp:featuredmedia":[{"embeddable":true,"href":"https:\/\/difaltamira.gob.mx\/2021-2024\/wp-json\/wp\/v2\/media\/1867"}],"wp:attachment":[{"href":"https:\/\/difaltamira.gob.mx\/2021-2024\/wp-json\/wp\/v2\/media?parent=1864"}],"wp:term":[{"taxonomy":"category","embeddable":true,"href":"https:\/\/difaltamira.gob.mx\/2021-2024\/wp-json\/wp\/v2\/categories?post=1864"},{"taxonomy":"post_tag","embeddable":true,"href":"https:\/\/difaltamira.gob.mx\/2021-2024\/wp-json\/wp\/v2\/tags?post=1864"}],"curies":[{"name":"wp","href":"https:\/\/api.w.org\/{rel}","templated":true}]}}