{"id":1857,"date":"2023-12-06T11:13:53","date_gmt":"2023-12-06T17:13:53","guid":{"rendered":"https:\/\/difaltamira.gob.mx\/2021-2024\/?p=1857"},"modified":"2024-01-15T17:15:52","modified_gmt":"2024-01-15T23:15:52","slug":"conviven-con-abuelitos-ninos-del-caic-dif-altamira-en-ameno-festejo-navideno","status":"publish","type":"post","link":"https:\/\/difaltamira.gob.mx\/2021-2024\/2023\/12\/06\/conviven-con-abuelitos-ninos-del-caic-dif-altamira-en-ameno-festejo-navideno\/","title":{"rendered":"Conviven con abuelitos ni\u00f1os del CAIC DIF Altamira en ameno festejo navide\u00f1o"},"content":{"rendered":"<h2>Quienes residen en la Hacienda del Abuelo disfrutaron de una amena tarde con la convivencia que llev\u00f3 por nombre \u201cUn d\u00eda de Navidad con nuestros abuelitos\u201d<\/h2>\n<p>\u201cUn d\u00eda de Navidad con nuestros abuelitos\u201d fue el nombre de la amena convivencia que el Sistema para el Desarrollo Integral de la Familia en Altamira, dirigido por la C.P. Rossy Luque De Mart\u00ednez, llev\u00f3 a cabo en el asilo \u201cLa Hacienda del Abuelo\u201d, misma que tuvo como invitados especiales a los peque\u00f1os que asisten a los 15 distintos Centros de Atenci\u00f3n Infantil Comunitarios (CAIC).<\/p>\n<p>Durante esta emotiva reuni\u00f3n, los peque\u00f1os estuvieron acompa\u00f1ados de sus padres y directoras de sus respectivos CAIC, llevando consigo obsequios personalizados y art\u00edculos de higiene personal que entregaron con esmero a los 15 adultos mayores que habitan en esta casa de descanso gestionada por el propio DIF.<\/p>\n<p>En dicha celebraci\u00f3n, los ni\u00f1os y ni\u00f1as compartieron momentos especiales entonando villancicos y conviviendo con los residentes en un marco de alegr\u00eda y esp\u00edritu navide\u00f1o.<\/p>\n<blockquote><p>\u201cPara el Sistema DIF nuestros abuelitos son sumamente importantes. De manera que buscamos que siempre est\u00e9n a gusto, tengan momentos de sano esparcimiento y qu\u00e9 mejor que pasar esta temporada decembrina con nuestros ni\u00f1os y ni\u00f1as del CAIC, siempre tan animados y que nos comparten su alegr\u00eda y entusiasmo\u201d, expres\u00f3 Rossy Luque.<\/p><\/blockquote>\n<p>As\u00ed tambi\u00e9n se llev\u00f3 a cabo en esta convivencia una representaci\u00f3n de pastorela que enmarc\u00f3 el evento con ternura y especial esmero, as\u00ed tambi\u00e9n se entonaron las ma\u00f1anitas a los abuelitos que en el presente mes celebran su cumplea\u00f1os.<\/p>\n<p>Fueron part\u00edcipes de este acto la Lic. Rosa Elena Mart\u00ednez Luque, presidenta del Voluntariado Juvenil del DIF; la Lic. Mar\u00eda Elena Mu\u00f1oz, encargada de la Hacienda del Abuelo; la Lic. Rosal\u00eda de la Fuente V\u00e1rguez, Coordinadora de Programas Institucionales; la Sra. Paulina Rivas, Presidenta del Patronato de la Hacienda del Abuelo, as\u00ed como la Mtra. Blanca Ortega Mart\u00ednez, quien ostenta la Jefatura de CAIC, CECUDI y Guarder\u00edas del organismo.<\/p>\n\n\t\t\t<style type='text\/css'>\n\t\t\t\t#sc_gallery-1 {\n\t\t\t\t\tmargin: auto;\n\t\t\t\t}\n\t\t\t\t#sc_gallery-1 .gallery-item {\n\t\t\t\t\tfloat: left;\n\t\t\t\t\ttext-align: center;\n\t\t\t\t\twidth: 33.33%;\n\t\t\t\t}\n\t\t\t\t#sc_gallery-1 img {\n\t\t\t\t\tborder: 2px solid #cfcfcf;\n\t\t\t\t}\n\t\t\t\t\/* see sc_gallery() in functions\/theme-shortcodes.php *\/\n\t\t\t<\/style>\n\t\t<div id='sc_gallery-1' class='gallery galleryid-1857 gallery-columns-3 gallery-size-thumbnail file gallery-default'><dl class='gallery-item' data-title='conviven-abuelitos-ni\u00f1os-caic-dif-navidad-01' data-description=''><div class='gallery-item-wrapper'>\n\t\t\t\t<dt class='gallery-icon landscape'>\n\t\t\t\t\t<a href='https:\/\/difaltamira.gob.mx\/2021-2024\/wp-content\/uploads\/2024\/01\/conviven-abuelitos-ninos-caic-dif-navidad-01.jpeg'><img fetchpriority=\"high\" decoding=\"async\" width=\"300\" height=\"300\" src=\"https:\/\/difaltamira.gob.mx\/2021-2024\/wp-content\/uploads\/2024\/01\/conviven-abuelitos-ninos-caic-dif-navidad-01-300x300.jpeg\" class=\"attachment-thumbnail size-thumbnail\" alt=\"\" srcset=\"https:\/\/difaltamira.gob.mx\/2021-2024\/wp-content\/uploads\/2024\/01\/conviven-abuelitos-ninos-caic-dif-navidad-01-300x300.jpeg 300w, https:\/\/difaltamira.gob.mx\/2021-2024\/wp-content\/uploads\/2024\/01\/conviven-abuelitos-ninos-caic-dif-navidad-01-150x150.jpeg 150w\" sizes=\"(max-width:767px) 300px, 300px\" \/><\/a>\n\t\t\t\t<\/dt><\/div><\/dl><dl class='gallery-item' data-title='conviven-abuelitos-ni\u00f1os-caic-dif-navidad-02' data-description=''><div class='gallery-item-wrapper'>\n\t\t\t\t<dt class='gallery-icon landscape'>\n\t\t\t\t\t<a href='https:\/\/difaltamira.gob.mx\/2021-2024\/wp-content\/uploads\/2024\/01\/conviven-abuelitos-ninos-caic-dif-navidad-02.jpeg'><img decoding=\"async\" width=\"300\" height=\"300\" src=\"https:\/\/difaltamira.gob.mx\/2021-2024\/wp-content\/uploads\/2024\/01\/conviven-abuelitos-ninos-caic-dif-navidad-02-300x300.jpeg\" class=\"attachment-thumbnail size-thumbnail\" alt=\"\" srcset=\"https:\/\/difaltamira.gob.mx\/2021-2024\/wp-content\/uploads\/2024\/01\/conviven-abuelitos-ninos-caic-dif-navidad-02-300x300.jpeg 300w, https:\/\/difaltamira.gob.mx\/2021-2024\/wp-content\/uploads\/2024\/01\/conviven-abuelitos-ninos-caic-dif-navidad-02-150x150.jpeg 150w\" sizes=\"(max-width:767px) 300px, 300px\" \/><\/a>\n\t\t\t\t<\/dt><\/div><\/dl><dl class='gallery-item' data-title='conviven-abuelitos-ni\u00f1os-caic-dif-navidad-03' data-description=''><div class='gallery-item-wrapper'>\n\t\t\t\t<dt class='gallery-icon landscape'>\n\t\t\t\t\t<a href='https:\/\/difaltamira.gob.mx\/2021-2024\/wp-content\/uploads\/2024\/01\/conviven-abuelitos-ninos-caic-dif-navidad-03.jpeg'><img decoding=\"async\" width=\"300\" height=\"300\" src=\"https:\/\/difaltamira.gob.mx\/2021-2024\/wp-content\/uploads\/2024\/01\/conviven-abuelitos-ninos-caic-dif-navidad-03-300x300.jpeg\" class=\"attachment-thumbnail size-thumbnail\" alt=\"\" srcset=\"https:\/\/difaltamira.gob.mx\/2021-2024\/wp-content\/uploads\/2024\/01\/conviven-abuelitos-ninos-caic-dif-navidad-03-300x300.jpeg 300w, https:\/\/difaltamira.gob.mx\/2021-2024\/wp-content\/uploads\/2024\/01\/conviven-abuelitos-ninos-caic-dif-navidad-03-150x150.jpeg 150w\" sizes=\"(max-width:767px) 300px, 300px\" \/><\/a>\n\t\t\t\t<\/dt><\/div><\/dl><br style=\"clear: both\" \/><dl class='gallery-item' data-title='conviven-abuelitos-ni\u00f1os-caic-dif-navidad-04' data-description=''><div class='gallery-item-wrapper'>\n\t\t\t\t<dt class='gallery-icon portrait'>\n\t\t\t\t\t<a href='https:\/\/difaltamira.gob.mx\/2021-2024\/wp-content\/uploads\/2024\/01\/conviven-abuelitos-ninos-caic-dif-navidad-04.jpeg'><img loading=\"lazy\" decoding=\"async\" width=\"300\" height=\"300\" src=\"https:\/\/difaltamira.gob.mx\/2021-2024\/wp-content\/uploads\/2024\/01\/conviven-abuelitos-ninos-caic-dif-navidad-04-300x300.jpeg\" class=\"attachment-thumbnail size-thumbnail\" alt=\"\" srcset=\"https:\/\/difaltamira.gob.mx\/2021-2024\/wp-content\/uploads\/2024\/01\/conviven-abuelitos-ninos-caic-dif-navidad-04-300x300.jpeg 300w, https:\/\/difaltamira.gob.mx\/2021-2024\/wp-content\/uploads\/2024\/01\/conviven-abuelitos-ninos-caic-dif-navidad-04-150x150.jpeg 150w\" sizes=\"(max-width:767px) 300px, 300px\" \/><\/a>\n\t\t\t\t<\/dt><\/div><\/dl><dl class='gallery-item' data-title='conviven-abuelitos-ni\u00f1os-caic-dif-navidad-05' data-description=''><div class='gallery-item-wrapper'>\n\t\t\t\t<dt class='gallery-icon landscape'>\n\t\t\t\t\t<a href='https:\/\/difaltamira.gob.mx\/2021-2024\/wp-content\/uploads\/2024\/01\/conviven-abuelitos-ninos-caic-dif-navidad-05.jpeg'><img loading=\"lazy\" decoding=\"async\" width=\"300\" height=\"300\" src=\"https:\/\/difaltamira.gob.mx\/2021-2024\/wp-content\/uploads\/2024\/01\/conviven-abuelitos-ninos-caic-dif-navidad-05-300x300.jpeg\" class=\"attachment-thumbnail size-thumbnail\" alt=\"\" srcset=\"https:\/\/difaltamira.gob.mx\/2021-2024\/wp-content\/uploads\/2024\/01\/conviven-abuelitos-ninos-caic-dif-navidad-05-300x300.jpeg 300w, https:\/\/difaltamira.gob.mx\/2021-2024\/wp-content\/uploads\/2024\/01\/conviven-abuelitos-ninos-caic-dif-navidad-05-150x150.jpeg 150w\" sizes=\"(max-width:767px) 300px, 300px\" \/><\/a>\n\t\t\t\t<\/dt><\/div><\/dl>\n\t\t\t\t<br style='clear: both' \/>\n\t\t\t<\/div>\n\n","protected":false},"excerpt":{"rendered":"<p>Quienes residen en la Hacienda del Abuelo disfrutaron de una amena tarde con la convivencia que llev\u00f3 por nombre \u201cUn d\u00eda de Navidad con nuestros abuelitos\u201d<span class=\"excerpt-hellip\"> [\u2026]<\/span><\/p>\n","protected":false},"author":2,"featured_media":1861,"comment_status":"open","ping_status":"open","sticky":false,"template":"","format":"standard","meta":{"footnotes":""},"categories":[5],"tags":[],"class_list":["post-1857","post","type-post","status-publish","format-standard","has-post-thumbnail","hentry","category-dif-altamira"],"_links":{"self":[{"href":"https:\/\/difaltamira.gob.mx\/2021-2024\/wp-json\/wp\/v2\/posts\/1857","targetHints":{"allow":["GET"]}}],"collection":[{"href":"https:\/\/difaltamira.gob.mx\/2021-2024\/wp-json\/wp\/v2\/posts"}],"about":[{"href":"https:\/\/difaltamira.gob.mx\/2021-2024\/wp-json\/wp\/v2\/types\/post"}],"author":[{"embeddable":true,"href":"https:\/\/difaltamira.gob.mx\/2021-2024\/wp-json\/wp\/v2\/users\/2"}],"replies":[{"embeddable":true,"href":"https:\/\/difaltamira.gob.mx\/2021-2024\/wp-json\/wp\/v2\/comments?post=1857"}],"version-history":[{"count":1,"href":"https:\/\/difaltamira.gob.mx\/2021-2024\/wp-json\/wp\/v2\/posts\/1857\/revisions"}],"predecessor-version":[{"id":1863,"href":"https:\/\/difaltamira.gob.mx\/2021-2024\/wp-json\/wp\/v2\/posts\/1857\/revisions\/1863"}],"wp:featuredmedia":[{"embeddable":true,"href":"https:\/\/difaltamira.gob.mx\/2021-2024\/wp-json\/wp\/v2\/media\/1861"}],"wp:attachment":[{"href":"https:\/\/difaltamira.gob.mx\/2021-2024\/wp-json\/wp\/v2\/media?parent=1857"}],"wp:term":[{"taxonomy":"category","embeddable":true,"href":"https:\/\/difaltamira.gob.mx\/2021-2024\/wp-json\/wp\/v2\/categories?post=1857"},{"taxonomy":"post_tag","embeddable":true,"href":"https:\/\/difaltamira.gob.mx\/2021-2024\/wp-json\/wp\/v2\/tags?post=1857"}],"curies":[{"name":"wp","href":"https:\/\/api.w.org\/{rel}","templated":true}]}}