{"id":1849,"date":"2023-12-05T12:40:34","date_gmt":"2023-12-05T18:40:34","guid":{"rendered":"https:\/\/difaltamira.gob.mx\/2021-2024\/?p=1849"},"modified":"2024-01-15T17:13:49","modified_gmt":"2024-01-15T23:13:49","slug":"celebra-sistema-dif-altamira-amena-ceremonia-de-fin-de-cursos-del-cedif","status":"publish","type":"post","link":"https:\/\/difaltamira.gob.mx\/2021-2024\/2023\/12\/05\/celebra-sistema-dif-altamira-amena-ceremonia-de-fin-de-cursos-del-cedif\/","title":{"rendered":"Celebra Sistema DIF Altamira amena ceremonia de fin de cursos del CEDIF"},"content":{"rendered":"<h2>En una emotiva ceremonia llevada a cabo en el Sal\u00f3n Juan Mac\u00edas Castillo de la zona centro de la ciudad, se realiz\u00f3 la entrega de reconocimientos a los alumnos de la generaci\u00f3n 2022-2023 de los diversos cursos que se imparten en los Tamules que gestiona el Sistema DIF Altamira a trav\u00e9s del programa CEDIF.<\/h2>\n<p>El evento en cuesti\u00f3n tuvo como invitada de honor a la presidenta del organismo, C.P. Rossy Luque de Mart\u00ednez, quien expres\u00f3 su compromiso con el fortalecimiento del municipio y el pleno desarrollo de la ni\u00f1ez y la familia a trav\u00e9s de los Centros Tamul y sus talleres de Arte Creativo, Artes Pl\u00e1sticas y M\u00fasica.<\/p>\n<p>Destac\u00f3 tambi\u00e9n la importancia de fomentar valores, estrechar lazos familiares y proporcionar un entorno sano y seguro para el desarrollo, subrayando que el aprendizaje es m\u00e1s efectivo cuando es divertido.<\/p>\n<p>La clausura de cursos se celebr\u00f3 con alegr\u00eda y emoci\u00f3n, felicitando a los estudiantes por haber culminado con \u00e9xito este ciclo acad\u00e9mico.<\/p>\n<blockquote><p>\u201cLa comunidad de Altamira y quienes formamos parte del DIF les agradecemos el compromiso y la dedicaci\u00f3n de todos los involucrados en este enriquecedor proceso educativo\u201d, concluy\u00f3 Luque de Mart\u00ednez.<\/p><\/blockquote>\n<p>Formaron parte del presidium en esta ceremonia la CP. Delia Margarita Orta Valles, Directora General del Sistema DIF Altamira; Lic. Maczil Xitlalith Navarro Casados, Jefa de Tamules; Lic. Rosal\u00eda de la Fuente V\u00e1rguez, Coordinadora de Programas Institucionales; la maestra del taller de bisuter\u00eda, Josefa Mascare\u00f1as Gonz\u00e1lez; la Mtra. Mar\u00eda Alejandra Mesa Rodr\u00edguez de Arte Creativo, as\u00ed como el Mtro. Rodolfo Cervantes Marroqu\u00edn responsable del taller de M\u00fasica.<\/p>\n\n\t\t\t<style type='text\/css'>\n\t\t\t\t#sc_gallery-1 {\n\t\t\t\t\tmargin: auto;\n\t\t\t\t}\n\t\t\t\t#sc_gallery-1 .gallery-item {\n\t\t\t\t\tfloat: left;\n\t\t\t\t\ttext-align: center;\n\t\t\t\t\twidth: 33.33%;\n\t\t\t\t}\n\t\t\t\t#sc_gallery-1 img {\n\t\t\t\t\tborder: 2px solid #cfcfcf;\n\t\t\t\t}\n\t\t\t\t\/* see sc_gallery() in functions\/theme-shortcodes.php *\/\n\t\t\t<\/style>\n\t\t<div id='sc_gallery-1' class='gallery galleryid-1849 gallery-columns-3 gallery-size-thumbnail file gallery-default'><dl class='gallery-item' data-title='celebra-dif-ceremonia-fin-cursos-cedif-01' data-description=''><div class='gallery-item-wrapper'>\n\t\t\t\t<dt class='gallery-icon landscape'>\n\t\t\t\t\t<a href='https:\/\/difaltamira.gob.mx\/2021-2024\/wp-content\/uploads\/2024\/01\/celebra-dif-ceremonia-fin-cursos-cedif-01.jpeg'><img fetchpriority=\"high\" decoding=\"async\" width=\"300\" height=\"300\" src=\"https:\/\/difaltamira.gob.mx\/2021-2024\/wp-content\/uploads\/2024\/01\/celebra-dif-ceremonia-fin-cursos-cedif-01-300x300.jpeg\" class=\"attachment-thumbnail size-thumbnail\" alt=\"\" srcset=\"https:\/\/difaltamira.gob.mx\/2021-2024\/wp-content\/uploads\/2024\/01\/celebra-dif-ceremonia-fin-cursos-cedif-01-300x300.jpeg 300w, https:\/\/difaltamira.gob.mx\/2021-2024\/wp-content\/uploads\/2024\/01\/celebra-dif-ceremonia-fin-cursos-cedif-01-85x85.jpeg 85w, https:\/\/difaltamira.gob.mx\/2021-2024\/wp-content\/uploads\/2024\/01\/celebra-dif-ceremonia-fin-cursos-cedif-01-80x80.jpeg 80w\" sizes=\"(max-width:767px) 300px, 300px\" \/><\/a>\n\t\t\t\t<\/dt><\/div><\/dl><dl class='gallery-item' data-title='celebra-dif-ceremonia-fin-cursos-cedif-02' data-description=''><div class='gallery-item-wrapper'>\n\t\t\t\t<dt class='gallery-icon landscape'>\n\t\t\t\t\t<a href='https:\/\/difaltamira.gob.mx\/2021-2024\/wp-content\/uploads\/2024\/01\/celebra-dif-ceremonia-fin-cursos-cedif-02.jpeg'><img decoding=\"async\" width=\"300\" height=\"300\" src=\"https:\/\/difaltamira.gob.mx\/2021-2024\/wp-content\/uploads\/2024\/01\/celebra-dif-ceremonia-fin-cursos-cedif-02-300x300.jpeg\" class=\"attachment-thumbnail size-thumbnail\" alt=\"\" srcset=\"https:\/\/difaltamira.gob.mx\/2021-2024\/wp-content\/uploads\/2024\/01\/celebra-dif-ceremonia-fin-cursos-cedif-02-300x300.jpeg 300w, https:\/\/difaltamira.gob.mx\/2021-2024\/wp-content\/uploads\/2024\/01\/celebra-dif-ceremonia-fin-cursos-cedif-02-85x85.jpeg 85w, https:\/\/difaltamira.gob.mx\/2021-2024\/wp-content\/uploads\/2024\/01\/celebra-dif-ceremonia-fin-cursos-cedif-02-80x80.jpeg 80w\" sizes=\"(max-width:767px) 300px, 300px\" \/><\/a>\n\t\t\t\t<\/dt><\/div><\/dl><dl class='gallery-item' data-title='celebra-dif-ceremonia-fin-cursos-cedif-03' data-description=''><div class='gallery-item-wrapper'>\n\t\t\t\t<dt class='gallery-icon landscape'>\n\t\t\t\t\t<a href='https:\/\/difaltamira.gob.mx\/2021-2024\/wp-content\/uploads\/2024\/01\/celebra-dif-ceremonia-fin-cursos-cedif-03.jpeg'><img decoding=\"async\" width=\"300\" height=\"300\" src=\"https:\/\/difaltamira.gob.mx\/2021-2024\/wp-content\/uploads\/2024\/01\/celebra-dif-ceremonia-fin-cursos-cedif-03-300x300.jpeg\" class=\"attachment-thumbnail size-thumbnail\" alt=\"\" srcset=\"https:\/\/difaltamira.gob.mx\/2021-2024\/wp-content\/uploads\/2024\/01\/celebra-dif-ceremonia-fin-cursos-cedif-03-300x300.jpeg 300w, https:\/\/difaltamira.gob.mx\/2021-2024\/wp-content\/uploads\/2024\/01\/celebra-dif-ceremonia-fin-cursos-cedif-03-85x85.jpeg 85w, https:\/\/difaltamira.gob.mx\/2021-2024\/wp-content\/uploads\/2024\/01\/celebra-dif-ceremonia-fin-cursos-cedif-03-80x80.jpeg 80w\" sizes=\"(max-width:767px) 300px, 300px\" \/><\/a>\n\t\t\t\t<\/dt><\/div><\/dl><br style=\"clear: both\" \/><dl class='gallery-item' data-title='celebra-dif-ceremonia-fin-cursos-cedif-04' data-description=''><div class='gallery-item-wrapper'>\n\t\t\t\t<dt class='gallery-icon landscape'>\n\t\t\t\t\t<a href='https:\/\/difaltamira.gob.mx\/2021-2024\/wp-content\/uploads\/2024\/01\/celebra-dif-ceremonia-fin-cursos-cedif-04.jpeg'><img loading=\"lazy\" decoding=\"async\" width=\"300\" height=\"300\" src=\"https:\/\/difaltamira.gob.mx\/2021-2024\/wp-content\/uploads\/2024\/01\/celebra-dif-ceremonia-fin-cursos-cedif-04-300x300.jpeg\" class=\"attachment-thumbnail size-thumbnail\" alt=\"\" srcset=\"https:\/\/difaltamira.gob.mx\/2021-2024\/wp-content\/uploads\/2024\/01\/celebra-dif-ceremonia-fin-cursos-cedif-04-300x300.jpeg 300w, https:\/\/difaltamira.gob.mx\/2021-2024\/wp-content\/uploads\/2024\/01\/celebra-dif-ceremonia-fin-cursos-cedif-04-85x85.jpeg 85w, https:\/\/difaltamira.gob.mx\/2021-2024\/wp-content\/uploads\/2024\/01\/celebra-dif-ceremonia-fin-cursos-cedif-04-80x80.jpeg 80w\" sizes=\"(max-width:767px) 300px, 300px\" \/><\/a>\n\t\t\t\t<\/dt><\/div><\/dl>\n\t\t\t\t<br style='clear: both' \/>\n\t\t\t<\/div>\n\n","protected":false},"excerpt":{"rendered":"<p>En una emotiva ceremonia llevada a cabo en el Sal\u00f3n Juan Mac\u00edas Castillo de la zona centro de la ciudad, se realiz\u00f3 la entrega de reconocimientos<span class=\"excerpt-hellip\"> [\u2026]<\/span><\/p>\n","protected":false},"author":2,"featured_media":1853,"comment_status":"open","ping_status":"open","sticky":false,"template":"","format":"standard","meta":{"footnotes":""},"categories":[5],"tags":[],"class_list":["post-1849","post","type-post","status-publish","format-standard","has-post-thumbnail","hentry","category-dif-altamira"],"_links":{"self":[{"href":"https:\/\/difaltamira.gob.mx\/2021-2024\/wp-json\/wp\/v2\/posts\/1849","targetHints":{"allow":["GET"]}}],"collection":[{"href":"https:\/\/difaltamira.gob.mx\/2021-2024\/wp-json\/wp\/v2\/posts"}],"about":[{"href":"https:\/\/difaltamira.gob.mx\/2021-2024\/wp-json\/wp\/v2\/types\/post"}],"author":[{"embeddable":true,"href":"https:\/\/difaltamira.gob.mx\/2021-2024\/wp-json\/wp\/v2\/users\/2"}],"replies":[{"embeddable":true,"href":"https:\/\/difaltamira.gob.mx\/2021-2024\/wp-json\/wp\/v2\/comments?post=1849"}],"version-history":[{"count":1,"href":"https:\/\/difaltamira.gob.mx\/2021-2024\/wp-json\/wp\/v2\/posts\/1849\/revisions"}],"predecessor-version":[{"id":1854,"href":"https:\/\/difaltamira.gob.mx\/2021-2024\/wp-json\/wp\/v2\/posts\/1849\/revisions\/1854"}],"wp:featuredmedia":[{"embeddable":true,"href":"https:\/\/difaltamira.gob.mx\/2021-2024\/wp-json\/wp\/v2\/media\/1853"}],"wp:attachment":[{"href":"https:\/\/difaltamira.gob.mx\/2021-2024\/wp-json\/wp\/v2\/media?parent=1849"}],"wp:term":[{"taxonomy":"category","embeddable":true,"href":"https:\/\/difaltamira.gob.mx\/2021-2024\/wp-json\/wp\/v2\/categories?post=1849"},{"taxonomy":"post_tag","embeddable":true,"href":"https:\/\/difaltamira.gob.mx\/2021-2024\/wp-json\/wp\/v2\/tags?post=1849"}],"curies":[{"name":"wp","href":"https:\/\/api.w.org\/{rel}","templated":true}]}}