{"id":1845,"date":"2023-12-04T17:32:57","date_gmt":"2023-12-04T23:32:57","guid":{"rendered":"https:\/\/difaltamira.gob.mx\/2021-2024\/?p=1845"},"modified":"2024-01-15T17:12:05","modified_gmt":"2024-01-15T23:12:05","slug":"afianza-sistema-dif-altamira-su-relacion-con-iniciativa-privada-para-generar-bienestar-comunitario","status":"publish","type":"post","link":"https:\/\/difaltamira.gob.mx\/2021-2024\/2023\/12\/04\/afianza-sistema-dif-altamira-su-relacion-con-iniciativa-privada-para-generar-bienestar-comunitario\/","title":{"rendered":"Afianza Sistema DIF Altamira su relaci\u00f3n con iniciativa privada para generar bienestar comunitario"},"content":{"rendered":"<h2>En un gesto significativo de apoyo a la comunidad, Grupo Garel, empresa l\u00edder en la generaci\u00f3n de energ\u00eda en la zona sur del Estado se hizo presente en las oficinas generales del Sistema DIF Altamira para estrechar lazos de colaboraci\u00f3n a trav\u00e9s de un importante donativo.<\/h2>\n<p>Correspondi\u00f3 a la presidenta del organismo, C.P. Rossy Luque de Mart\u00ednez dar la bienvenida a la Lic. Juana Mar\u00eda Portes Benavides, representante de Grupo Garel, quien hizo la oficial entrega de cinco triciclos as\u00ed como bolsitas de dulces, insumos que ser\u00e1n destinados al programa \u201cAliados de Santa\u201d, mismo que est\u00e1 dise\u00f1ado para brindar alegr\u00eda a los peque\u00f1os de la urbe industrial en esta temporada decembrina.<\/p>\n<blockquote><p>Este acto solidario result\u00f3 ser una muestra de la voluntad de la C.P. Rossy Luque de Mart\u00ednez por fortalecer v\u00ednculos estrat\u00e9gicos con la iniciativa privada. Ante ello, mencion\u00f3 que; \u201cel DIF Altamira se enorgullece de contar con aliados comprometidos de coraz\u00f3n con el bienestar comunitario como Grupo Garel\u201d.<\/p>\n<p>Por su parte la representante de esta empresa resalt\u00f3; \u201cestamos emocionados de colaborar con el DIF Altamira en este proyecto tan significativo. Creemos en la importancia de unir fuerzas entre el sector privado y las instituciones gubernamentales para construir un entorno m\u00e1s pr\u00f3spero y solidario&#8221;.<\/p><\/blockquote>\n<p>Con esta donaci\u00f3n, Grupo Garel no solo contribuy\u00f3 a hacer la diferencia en la vida de quienes participan en el programa &#8220;Aliados de Santa&#8221;, sino que tambi\u00e9n destaca el papel fundamental que desempe\u00f1an las alianzas p\u00fablico-privadas en el impulso del bienestar social.<\/p>\n<p>Cabe resaltar que el Sistema DIF Altamira invita a toda la comunidad de estar pendiente de pr\u00f3ximas actividades de sano esparcimiento que habr\u00e1n de llevarse a cabo con motivo de la temporada navide\u00f1a, mismas que ser\u00e1n dadas a conocer a trav\u00e9s de la p\u00e1gina oficial en Facebook: DIF Municipal Altamira.<\/p>\n\n\t\t\t<style type='text\/css'>\n\t\t\t\t#sc_gallery-1 {\n\t\t\t\t\tmargin: auto;\n\t\t\t\t}\n\t\t\t\t#sc_gallery-1 .gallery-item {\n\t\t\t\t\tfloat: left;\n\t\t\t\t\ttext-align: center;\n\t\t\t\t\twidth: 49.99%;\n\t\t\t\t}\n\t\t\t\t#sc_gallery-1 img {\n\t\t\t\t\tborder: 2px solid #cfcfcf;\n\t\t\t\t}\n\t\t\t\t\/* see sc_gallery() in functions\/theme-shortcodes.php *\/\n\t\t\t<\/style>\n\t\t<div id='sc_gallery-1' class='gallery galleryid-1845 gallery-columns-2 gallery-size-thumbnail file gallery-default'><dl class='gallery-item' data-title='afianza-dif-relacion-iniciativa-privada-01' data-description=''><div class='gallery-item-wrapper'>\n\t\t\t\t<dt class='gallery-icon landscape'>\n\t\t\t\t\t<a href='https:\/\/difaltamira.gob.mx\/2021-2024\/wp-content\/uploads\/2024\/01\/afianza-dif-relacion-iniciativa-privada-01.jpeg'><img fetchpriority=\"high\" decoding=\"async\" width=\"300\" height=\"300\" src=\"https:\/\/difaltamira.gob.mx\/2021-2024\/wp-content\/uploads\/2024\/01\/afianza-dif-relacion-iniciativa-privada-01-300x300.jpeg\" class=\"attachment-thumbnail size-thumbnail\" alt=\"\" srcset=\"https:\/\/difaltamira.gob.mx\/2021-2024\/wp-content\/uploads\/2024\/01\/afianza-dif-relacion-iniciativa-privada-01-300x300.jpeg 300w, https:\/\/difaltamira.gob.mx\/2021-2024\/wp-content\/uploads\/2024\/01\/afianza-dif-relacion-iniciativa-privada-01-85x85.jpeg 85w, https:\/\/difaltamira.gob.mx\/2021-2024\/wp-content\/uploads\/2024\/01\/afianza-dif-relacion-iniciativa-privada-01-80x80.jpeg 80w\" sizes=\"(max-width:767px) 300px, 300px\" \/><\/a>\n\t\t\t\t<\/dt><\/div><\/dl><dl class='gallery-item' data-title='afianza-dif-relacion-iniciativa-privada-02' data-description=''><div class='gallery-item-wrapper'>\n\t\t\t\t<dt class='gallery-icon landscape'>\n\t\t\t\t\t<a href='https:\/\/difaltamira.gob.mx\/2021-2024\/wp-content\/uploads\/2024\/01\/afianza-dif-relacion-iniciativa-privada-02.jpeg'><img decoding=\"async\" width=\"300\" height=\"300\" src=\"https:\/\/difaltamira.gob.mx\/2021-2024\/wp-content\/uploads\/2024\/01\/afianza-dif-relacion-iniciativa-privada-02-300x300.jpeg\" class=\"attachment-thumbnail size-thumbnail\" alt=\"\" srcset=\"https:\/\/difaltamira.gob.mx\/2021-2024\/wp-content\/uploads\/2024\/01\/afianza-dif-relacion-iniciativa-privada-02-300x300.jpeg 300w, https:\/\/difaltamira.gob.mx\/2021-2024\/wp-content\/uploads\/2024\/01\/afianza-dif-relacion-iniciativa-privada-02-85x85.jpeg 85w, https:\/\/difaltamira.gob.mx\/2021-2024\/wp-content\/uploads\/2024\/01\/afianza-dif-relacion-iniciativa-privada-02-80x80.jpeg 80w\" sizes=\"(max-width:767px) 300px, 300px\" \/><\/a>\n\t\t\t\t<\/dt><\/div><\/dl><br style=\"clear: both\" \/>\n\t\t\t<\/div>\n\n","protected":false},"excerpt":{"rendered":"<p>En un gesto significativo de apoyo a la comunidad, Grupo Garel, empresa l\u00edder en la generaci\u00f3n de energ\u00eda en la zona sur del Estado se hizo<span class=\"excerpt-hellip\"> [\u2026]<\/span><\/p>\n","protected":false},"author":2,"featured_media":1846,"comment_status":"open","ping_status":"open","sticky":false,"template":"","format":"standard","meta":{"footnotes":""},"categories":[5],"tags":[],"class_list":["post-1845","post","type-post","status-publish","format-standard","has-post-thumbnail","hentry","category-dif-altamira"],"_links":{"self":[{"href":"https:\/\/difaltamira.gob.mx\/2021-2024\/wp-json\/wp\/v2\/posts\/1845","targetHints":{"allow":["GET"]}}],"collection":[{"href":"https:\/\/difaltamira.gob.mx\/2021-2024\/wp-json\/wp\/v2\/posts"}],"about":[{"href":"https:\/\/difaltamira.gob.mx\/2021-2024\/wp-json\/wp\/v2\/types\/post"}],"author":[{"embeddable":true,"href":"https:\/\/difaltamira.gob.mx\/2021-2024\/wp-json\/wp\/v2\/users\/2"}],"replies":[{"embeddable":true,"href":"https:\/\/difaltamira.gob.mx\/2021-2024\/wp-json\/wp\/v2\/comments?post=1845"}],"version-history":[{"count":1,"href":"https:\/\/difaltamira.gob.mx\/2021-2024\/wp-json\/wp\/v2\/posts\/1845\/revisions"}],"predecessor-version":[{"id":1848,"href":"https:\/\/difaltamira.gob.mx\/2021-2024\/wp-json\/wp\/v2\/posts\/1845\/revisions\/1848"}],"wp:featuredmedia":[{"embeddable":true,"href":"https:\/\/difaltamira.gob.mx\/2021-2024\/wp-json\/wp\/v2\/media\/1846"}],"wp:attachment":[{"href":"https:\/\/difaltamira.gob.mx\/2021-2024\/wp-json\/wp\/v2\/media?parent=1845"}],"wp:term":[{"taxonomy":"category","embeddable":true,"href":"https:\/\/difaltamira.gob.mx\/2021-2024\/wp-json\/wp\/v2\/categories?post=1845"},{"taxonomy":"post_tag","embeddable":true,"href":"https:\/\/difaltamira.gob.mx\/2021-2024\/wp-json\/wp\/v2\/tags?post=1845"}],"curies":[{"name":"wp","href":"https:\/\/api.w.org\/{rel}","templated":true}]}}