{"id":1839,"date":"2023-12-03T15:17:37","date_gmt":"2023-12-03T21:17:37","guid":{"rendered":"https:\/\/difaltamira.gob.mx\/2021-2024\/?p=1839"},"modified":"2024-01-12T17:32:54","modified_gmt":"2024-01-12T23:32:54","slug":"tiene-dif-altamirense-extraordinario-bazar-navideno-en-plaza-principal","status":"publish","type":"post","link":"https:\/\/difaltamira.gob.mx\/2021-2024\/2023\/12\/03\/tiene-dif-altamirense-extraordinario-bazar-navideno-en-plaza-principal\/","title":{"rendered":"Tiene DIF altamirense extraordinario bazar navide\u00f1o en Plaza Principal"},"content":{"rendered":"<h2>El Sistema para el Desarrollo Integral de la Familia, a trav\u00e9s del Centro de Desarrollo Integral de la Familia (CEDIF) llev\u00f3 a cabo con gran \u00e9xito el Bazar Navide\u00f1o CEDIF 2023, un evento dedicado a respaldar la econom\u00eda local y fomentar el autoempleo, contribuyendo as\u00ed a lograr un ingreso extra en las familias.<\/h2>\n<p>El mismo no solo logr\u00f3 congregar a m\u00e1s de 500 personas en la plaza principal de la zona centro de la ciudad, sino que tambi\u00e9n brind\u00f3 una plataforma para las talentosas mujeres del programa CEDIF, quienes exhibieron y comercializaron productos elaborados con esmero en los 9 talleres disponibles.<\/p>\n<p>En representaci\u00f3n de la presidenta del organismo, C.P. Rossy Luque de Mart\u00ednez, la C.P. Delia Margarita Orta Valles, Directora del Sistema DIF, encabez\u00f3 el presidium junto a la Lic. Rosal\u00eda De La Fuente, Coordinadora de Programas Institucionales, y la Profra. Nora Hilda Zurita Reyes, quien ostenta la Jefatura del CEDIF.<\/p>\n<p>Durante su discurso, Delia Orta resalt\u00f3 la importancia del programa CEDIF como un medio efectivo para desarrollar habilidades, proporcionar ingresos y mejorar directamente la calidad de vida de las participantes y sus familias. Asimismo se hizo un llamado a la ciudadan\u00eda a apoyar el comercio local y as\u00ed brindar mayores oportunidades para fortalecer el movimiento econ\u00f3mico de quienes ofrecen productos o servicios.<\/p>\n<p>Cabe hacer menci\u00f3n que la presidenta Rossy Luque de Mart\u00ednez ha expresado en muchas ocasiones su respaldo al fomento del autoempleo, sobre todo en las mujeres, por lo que este evento se suma a los muchos otros que se han realizado en este rubro.<\/p>\n<p>El Bazar Navide\u00f1o CEDIF 2023 no solo fue un evento comercial, sino una muestra de la dedicaci\u00f3n y anhelo de maestras y alumnas por impulsar el desarrollo econ\u00f3mico y social de Altamira.<\/p>\n\n\t\t\t<style type='text\/css'>\n\t\t\t\t#sc_gallery-1 {\n\t\t\t\t\tmargin: auto;\n\t\t\t\t}\n\t\t\t\t#sc_gallery-1 .gallery-item {\n\t\t\t\t\tfloat: left;\n\t\t\t\t\ttext-align: center;\n\t\t\t\t\twidth: 33.33%;\n\t\t\t\t}\n\t\t\t\t#sc_gallery-1 img {\n\t\t\t\t\tborder: 2px solid #cfcfcf;\n\t\t\t\t}\n\t\t\t\t\/* see sc_gallery() in functions\/theme-shortcodes.php *\/\n\t\t\t<\/style>\n\t\t<div id='sc_gallery-1' class='gallery galleryid-1839 gallery-columns-3 gallery-size-thumbnail file gallery-default'><dl class='gallery-item' data-title='dif-bazar-navide\u00f1o-plaza-01' data-description=''><div class='gallery-item-wrapper'>\n\t\t\t\t<dt class='gallery-icon landscape'>\n\t\t\t\t\t<a href='https:\/\/difaltamira.gob.mx\/2021-2024\/wp-content\/uploads\/2024\/01\/dif-bazar-navideno-plaza-01.jpeg'><img fetchpriority=\"high\" decoding=\"async\" width=\"300\" height=\"300\" src=\"https:\/\/difaltamira.gob.mx\/2021-2024\/wp-content\/uploads\/2024\/01\/dif-bazar-navideno-plaza-01-300x300.jpeg\" class=\"attachment-thumbnail size-thumbnail\" alt=\"\" srcset=\"https:\/\/difaltamira.gob.mx\/2021-2024\/wp-content\/uploads\/2024\/01\/dif-bazar-navideno-plaza-01-300x300.jpeg 300w, https:\/\/difaltamira.gob.mx\/2021-2024\/wp-content\/uploads\/2024\/01\/dif-bazar-navideno-plaza-01-85x85.jpeg 85w, https:\/\/difaltamira.gob.mx\/2021-2024\/wp-content\/uploads\/2024\/01\/dif-bazar-navideno-plaza-01-80x80.jpeg 80w\" sizes=\"(max-width:767px) 300px, 300px\" \/><\/a>\n\t\t\t\t<\/dt><\/div><\/dl><dl class='gallery-item' data-title='dif-bazar-navide\u00f1o-plaza-02' data-description=''><div class='gallery-item-wrapper'>\n\t\t\t\t<dt class='gallery-icon landscape'>\n\t\t\t\t\t<a href='https:\/\/difaltamira.gob.mx\/2021-2024\/wp-content\/uploads\/2024\/01\/dif-bazar-navideno-plaza-02.jpeg'><img decoding=\"async\" width=\"300\" height=\"300\" src=\"https:\/\/difaltamira.gob.mx\/2021-2024\/wp-content\/uploads\/2024\/01\/dif-bazar-navideno-plaza-02-300x300.jpeg\" class=\"attachment-thumbnail size-thumbnail\" alt=\"\" srcset=\"https:\/\/difaltamira.gob.mx\/2021-2024\/wp-content\/uploads\/2024\/01\/dif-bazar-navideno-plaza-02-300x300.jpeg 300w, https:\/\/difaltamira.gob.mx\/2021-2024\/wp-content\/uploads\/2024\/01\/dif-bazar-navideno-plaza-02-85x85.jpeg 85w, https:\/\/difaltamira.gob.mx\/2021-2024\/wp-content\/uploads\/2024\/01\/dif-bazar-navideno-plaza-02-80x80.jpeg 80w\" sizes=\"(max-width:767px) 300px, 300px\" \/><\/a>\n\t\t\t\t<\/dt><\/div><\/dl><dl class='gallery-item' data-title='dif-bazar-navide\u00f1o-plaza-03' data-description=''><div class='gallery-item-wrapper'>\n\t\t\t\t<dt class='gallery-icon landscape'>\n\t\t\t\t\t<a href='https:\/\/difaltamira.gob.mx\/2021-2024\/wp-content\/uploads\/2024\/01\/dif-bazar-navideno-plaza-03.jpeg'><img decoding=\"async\" width=\"300\" height=\"300\" src=\"https:\/\/difaltamira.gob.mx\/2021-2024\/wp-content\/uploads\/2024\/01\/dif-bazar-navideno-plaza-03-300x300.jpeg\" class=\"attachment-thumbnail size-thumbnail\" alt=\"\" srcset=\"https:\/\/difaltamira.gob.mx\/2021-2024\/wp-content\/uploads\/2024\/01\/dif-bazar-navideno-plaza-03-300x300.jpeg 300w, https:\/\/difaltamira.gob.mx\/2021-2024\/wp-content\/uploads\/2024\/01\/dif-bazar-navideno-plaza-03-85x85.jpeg 85w, https:\/\/difaltamira.gob.mx\/2021-2024\/wp-content\/uploads\/2024\/01\/dif-bazar-navideno-plaza-03-80x80.jpeg 80w\" sizes=\"(max-width:767px) 300px, 300px\" \/><\/a>\n\t\t\t\t<\/dt><\/div><\/dl><br style=\"clear: both\" \/><dl class='gallery-item' data-title='dif-bazar-navide\u00f1o-plaza-04' data-description=''><div class='gallery-item-wrapper'>\n\t\t\t\t<dt class='gallery-icon landscape'>\n\t\t\t\t\t<a href='https:\/\/difaltamira.gob.mx\/2021-2024\/wp-content\/uploads\/2024\/01\/dif-bazar-navideno-plaza-04.jpeg'><img loading=\"lazy\" decoding=\"async\" width=\"300\" height=\"300\" src=\"https:\/\/difaltamira.gob.mx\/2021-2024\/wp-content\/uploads\/2024\/01\/dif-bazar-navideno-plaza-04-300x300.jpeg\" class=\"attachment-thumbnail size-thumbnail\" alt=\"\" srcset=\"https:\/\/difaltamira.gob.mx\/2021-2024\/wp-content\/uploads\/2024\/01\/dif-bazar-navideno-plaza-04-300x300.jpeg 300w, https:\/\/difaltamira.gob.mx\/2021-2024\/wp-content\/uploads\/2024\/01\/dif-bazar-navideno-plaza-04-85x85.jpeg 85w, https:\/\/difaltamira.gob.mx\/2021-2024\/wp-content\/uploads\/2024\/01\/dif-bazar-navideno-plaza-04-80x80.jpeg 80w\" sizes=\"(max-width:767px) 300px, 300px\" \/><\/a>\n\t\t\t\t<\/dt><\/div><\/dl>\n\t\t\t\t<br style='clear: both' \/>\n\t\t\t<\/div>\n\n","protected":false},"excerpt":{"rendered":"<p>El Sistema para el Desarrollo Integral de la Familia, a trav\u00e9s del Centro de Desarrollo Integral de la Familia (CEDIF) llev\u00f3 a cabo con gran \u00e9xito<span class=\"excerpt-hellip\"> [\u2026]<\/span><\/p>\n","protected":false},"author":2,"featured_media":1842,"comment_status":"open","ping_status":"open","sticky":false,"template":"","format":"standard","meta":{"footnotes":""},"categories":[5],"tags":[],"class_list":["post-1839","post","type-post","status-publish","format-standard","has-post-thumbnail","hentry","category-dif-altamira"],"_links":{"self":[{"href":"https:\/\/difaltamira.gob.mx\/2021-2024\/wp-json\/wp\/v2\/posts\/1839","targetHints":{"allow":["GET"]}}],"collection":[{"href":"https:\/\/difaltamira.gob.mx\/2021-2024\/wp-json\/wp\/v2\/posts"}],"about":[{"href":"https:\/\/difaltamira.gob.mx\/2021-2024\/wp-json\/wp\/v2\/types\/post"}],"author":[{"embeddable":true,"href":"https:\/\/difaltamira.gob.mx\/2021-2024\/wp-json\/wp\/v2\/users\/2"}],"replies":[{"embeddable":true,"href":"https:\/\/difaltamira.gob.mx\/2021-2024\/wp-json\/wp\/v2\/comments?post=1839"}],"version-history":[{"count":1,"href":"https:\/\/difaltamira.gob.mx\/2021-2024\/wp-json\/wp\/v2\/posts\/1839\/revisions"}],"predecessor-version":[{"id":1844,"href":"https:\/\/difaltamira.gob.mx\/2021-2024\/wp-json\/wp\/v2\/posts\/1839\/revisions\/1844"}],"wp:featuredmedia":[{"embeddable":true,"href":"https:\/\/difaltamira.gob.mx\/2021-2024\/wp-json\/wp\/v2\/media\/1842"}],"wp:attachment":[{"href":"https:\/\/difaltamira.gob.mx\/2021-2024\/wp-json\/wp\/v2\/media?parent=1839"}],"wp:term":[{"taxonomy":"category","embeddable":true,"href":"https:\/\/difaltamira.gob.mx\/2021-2024\/wp-json\/wp\/v2\/categories?post=1839"},{"taxonomy":"post_tag","embeddable":true,"href":"https:\/\/difaltamira.gob.mx\/2021-2024\/wp-json\/wp\/v2\/tags?post=1839"}],"curies":[{"name":"wp","href":"https:\/\/api.w.org\/{rel}","templated":true}]}}