{"id":1833,"date":"2023-12-02T14:12:34","date_gmt":"2023-12-02T20:12:34","guid":{"rendered":"https:\/\/difaltamira.gob.mx\/2021-2024\/?p=1833"},"modified":"2024-01-12T17:32:43","modified_gmt":"2024-01-12T23:32:43","slug":"exitoso-cierre-en-la-feria-de-los-derechos-de-los-ninos-del-sistema-dif-altamira","status":"publish","type":"post","link":"https:\/\/difaltamira.gob.mx\/2021-2024\/2023\/12\/02\/exitoso-cierre-en-la-feria-de-los-derechos-de-los-ninos-del-sistema-dif-altamira\/","title":{"rendered":"Exitoso cierre en la Feria de los Derechos de los Ni\u00f1os del Sistema DIF Altamira"},"content":{"rendered":"<h2>El pasado jueves 30 de Noviembre, la Escuela Primaria \u201cJuana de Asbaje\u201d de la colonia Emilio Portes Gil, fue el escenario de la exitosa Feria de los Derechos de los Ni\u00f1os, una iniciativa dise\u00f1ada para que los m\u00e1s peque\u00f1os conozcan sus derechos mediante actividades l\u00fadicas y pedag\u00f3gicas. El evento, enmarcado en la celebraci\u00f3n del D\u00eda Mundial de los Derechos de los Ni\u00f1os, logr\u00f3 impactar a alrededor de 300 menores y cont\u00f3 con la destacada asistencia de la presidenta del Sistema DIF Altamira, C.P. Rossy Luque de Mart\u00ednez.<\/h2>\n<p>Con el objetivo de fortalecer los conocimientos de los ni\u00f1os, se dispusieron 12 stands diferentes con 18 a 20 juegos variados. Diversas direcciones del Ayuntamiento de Altamira se unieron a la causa, incluyendo la Procuradur\u00eda de Atenci\u00f3n a Menores del propio organismo, as\u00ed como Deportes, Educaci\u00f3n, la Coordinaci\u00f3n de Salud, Atenci\u00f3n a la Juventud, Voluntariado Juvenil, Ecolog\u00eda y Bienestar Social.<\/p>\n<p>En su discurso, la presidenta del DIF resalt\u00f3 la importancia de celebrar a los ni\u00f1os y ni\u00f1as como el tesoro m\u00e1s valioso y la promesa del ma\u00f1ana. As\u00ed tambi\u00e9n se hizo hincapi\u00e9 en la necesidad de conocer y respetar sus derechos, utilizando la diversi\u00f3n y el juego como medios para lograrlo.<\/p>\n<p>Se invit\u00f3 a los adultos a recordar la importancia de cuidar y proteger a la ni\u00f1ez, destacando el compromiso del DIF con el bienestar integral de los ni\u00f1os, buscando verlos felices, protegidos, alimentados, educados y en buenas manos.<\/p>\n<p>Concluy\u00f3 este ameno evento con un show de payaso que incluy\u00f3 divertidos concursos para los asistentes.<\/p>\n\n\t\t\t<style type='text\/css'>\n\t\t\t\t#sc_gallery-1 {\n\t\t\t\t\tmargin: auto;\n\t\t\t\t}\n\t\t\t\t#sc_gallery-1 .gallery-item {\n\t\t\t\t\tfloat: left;\n\t\t\t\t\ttext-align: center;\n\t\t\t\t\twidth: 33.33%;\n\t\t\t\t}\n\t\t\t\t#sc_gallery-1 img {\n\t\t\t\t\tborder: 2px solid #cfcfcf;\n\t\t\t\t}\n\t\t\t\t\/* see sc_gallery() in functions\/theme-shortcodes.php *\/\n\t\t\t<\/style>\n\t\t<div id='sc_gallery-1' class='gallery galleryid-1833 gallery-columns-3 gallery-size-thumbnail file gallery-default'><dl class='gallery-item' data-title='cierre-feria-derechos-ni\u00f1os-dif-01' data-description=''><div class='gallery-item-wrapper'>\n\t\t\t\t<dt class='gallery-icon landscape'>\n\t\t\t\t\t<a href='https:\/\/difaltamira.gob.mx\/2021-2024\/wp-content\/uploads\/2024\/01\/cierre-feria-derechos-ninos-dif-01.jpeg'><img fetchpriority=\"high\" decoding=\"async\" width=\"300\" height=\"300\" src=\"https:\/\/difaltamira.gob.mx\/2021-2024\/wp-content\/uploads\/2024\/01\/cierre-feria-derechos-ninos-dif-01-300x300.jpeg\" class=\"attachment-thumbnail size-thumbnail\" alt=\"\" srcset=\"https:\/\/difaltamira.gob.mx\/2021-2024\/wp-content\/uploads\/2024\/01\/cierre-feria-derechos-ninos-dif-01-300x300.jpeg 300w, https:\/\/difaltamira.gob.mx\/2021-2024\/wp-content\/uploads\/2024\/01\/cierre-feria-derechos-ninos-dif-01-85x85.jpeg 85w, https:\/\/difaltamira.gob.mx\/2021-2024\/wp-content\/uploads\/2024\/01\/cierre-feria-derechos-ninos-dif-01-80x80.jpeg 80w\" sizes=\"(max-width:767px) 300px, 300px\" \/><\/a>\n\t\t\t\t<\/dt><\/div><\/dl><dl class='gallery-item' data-title='cierre-feria-derechos-ni\u00f1os-dif-02' data-description=''><div class='gallery-item-wrapper'>\n\t\t\t\t<dt class='gallery-icon landscape'>\n\t\t\t\t\t<a href='https:\/\/difaltamira.gob.mx\/2021-2024\/wp-content\/uploads\/2024\/01\/cierre-feria-derechos-ninos-dif-02.jpeg'><img decoding=\"async\" width=\"300\" height=\"300\" src=\"https:\/\/difaltamira.gob.mx\/2021-2024\/wp-content\/uploads\/2024\/01\/cierre-feria-derechos-ninos-dif-02-300x300.jpeg\" class=\"attachment-thumbnail size-thumbnail\" alt=\"\" srcset=\"https:\/\/difaltamira.gob.mx\/2021-2024\/wp-content\/uploads\/2024\/01\/cierre-feria-derechos-ninos-dif-02-300x300.jpeg 300w, https:\/\/difaltamira.gob.mx\/2021-2024\/wp-content\/uploads\/2024\/01\/cierre-feria-derechos-ninos-dif-02-85x85.jpeg 85w, https:\/\/difaltamira.gob.mx\/2021-2024\/wp-content\/uploads\/2024\/01\/cierre-feria-derechos-ninos-dif-02-80x80.jpeg 80w\" sizes=\"(max-width:767px) 300px, 300px\" \/><\/a>\n\t\t\t\t<\/dt><\/div><\/dl><dl class='gallery-item' data-title='cierre-feria-derechos-ni\u00f1os-dif-03' data-description=''><div class='gallery-item-wrapper'>\n\t\t\t\t<dt class='gallery-icon landscape'>\n\t\t\t\t\t<a href='https:\/\/difaltamira.gob.mx\/2021-2024\/wp-content\/uploads\/2024\/01\/cierre-feria-derechos-ninos-dif-03.jpeg'><img decoding=\"async\" width=\"300\" height=\"300\" src=\"https:\/\/difaltamira.gob.mx\/2021-2024\/wp-content\/uploads\/2024\/01\/cierre-feria-derechos-ninos-dif-03-300x300.jpeg\" class=\"attachment-thumbnail size-thumbnail\" alt=\"\" srcset=\"https:\/\/difaltamira.gob.mx\/2021-2024\/wp-content\/uploads\/2024\/01\/cierre-feria-derechos-ninos-dif-03-300x300.jpeg 300w, https:\/\/difaltamira.gob.mx\/2021-2024\/wp-content\/uploads\/2024\/01\/cierre-feria-derechos-ninos-dif-03-85x85.jpeg 85w, https:\/\/difaltamira.gob.mx\/2021-2024\/wp-content\/uploads\/2024\/01\/cierre-feria-derechos-ninos-dif-03-80x80.jpeg 80w\" sizes=\"(max-width:767px) 300px, 300px\" \/><\/a>\n\t\t\t\t<\/dt><\/div><\/dl><br style=\"clear: both\" \/><dl class='gallery-item' data-title='cierre-feria-derechos-ni\u00f1os-dif-04' data-description=''><div class='gallery-item-wrapper'>\n\t\t\t\t<dt class='gallery-icon landscape'>\n\t\t\t\t\t<a href='https:\/\/difaltamira.gob.mx\/2021-2024\/wp-content\/uploads\/2024\/01\/cierre-feria-derechos-ninos-dif-04.jpeg'><img loading=\"lazy\" decoding=\"async\" width=\"300\" height=\"300\" src=\"https:\/\/difaltamira.gob.mx\/2021-2024\/wp-content\/uploads\/2024\/01\/cierre-feria-derechos-ninos-dif-04-300x300.jpeg\" class=\"attachment-thumbnail size-thumbnail\" alt=\"\" srcset=\"https:\/\/difaltamira.gob.mx\/2021-2024\/wp-content\/uploads\/2024\/01\/cierre-feria-derechos-ninos-dif-04-300x300.jpeg 300w, https:\/\/difaltamira.gob.mx\/2021-2024\/wp-content\/uploads\/2024\/01\/cierre-feria-derechos-ninos-dif-04-85x85.jpeg 85w, https:\/\/difaltamira.gob.mx\/2021-2024\/wp-content\/uploads\/2024\/01\/cierre-feria-derechos-ninos-dif-04-80x80.jpeg 80w\" sizes=\"(max-width:767px) 300px, 300px\" \/><\/a>\n\t\t\t\t<\/dt><\/div><\/dl>\n\t\t\t\t<br style='clear: both' \/>\n\t\t\t<\/div>\n\n","protected":false},"excerpt":{"rendered":"<p>El pasado jueves 30 de Noviembre, la Escuela Primaria \u201cJuana de Asbaje\u201d de la colonia Emilio Portes Gil, fue el escenario de la exitosa Feria de<span class=\"excerpt-hellip\"> [\u2026]<\/span><\/p>\n","protected":false},"author":2,"featured_media":1834,"comment_status":"open","ping_status":"open","sticky":false,"template":"","format":"standard","meta":{"footnotes":""},"categories":[5],"tags":[],"class_list":["post-1833","post","type-post","status-publish","format-standard","has-post-thumbnail","hentry","category-dif-altamira"],"_links":{"self":[{"href":"https:\/\/difaltamira.gob.mx\/2021-2024\/wp-json\/wp\/v2\/posts\/1833","targetHints":{"allow":["GET"]}}],"collection":[{"href":"https:\/\/difaltamira.gob.mx\/2021-2024\/wp-json\/wp\/v2\/posts"}],"about":[{"href":"https:\/\/difaltamira.gob.mx\/2021-2024\/wp-json\/wp\/v2\/types\/post"}],"author":[{"embeddable":true,"href":"https:\/\/difaltamira.gob.mx\/2021-2024\/wp-json\/wp\/v2\/users\/2"}],"replies":[{"embeddable":true,"href":"https:\/\/difaltamira.gob.mx\/2021-2024\/wp-json\/wp\/v2\/comments?post=1833"}],"version-history":[{"count":1,"href":"https:\/\/difaltamira.gob.mx\/2021-2024\/wp-json\/wp\/v2\/posts\/1833\/revisions"}],"predecessor-version":[{"id":1838,"href":"https:\/\/difaltamira.gob.mx\/2021-2024\/wp-json\/wp\/v2\/posts\/1833\/revisions\/1838"}],"wp:featuredmedia":[{"embeddable":true,"href":"https:\/\/difaltamira.gob.mx\/2021-2024\/wp-json\/wp\/v2\/media\/1834"}],"wp:attachment":[{"href":"https:\/\/difaltamira.gob.mx\/2021-2024\/wp-json\/wp\/v2\/media?parent=1833"}],"wp:term":[{"taxonomy":"category","embeddable":true,"href":"https:\/\/difaltamira.gob.mx\/2021-2024\/wp-json\/wp\/v2\/categories?post=1833"},{"taxonomy":"post_tag","embeddable":true,"href":"https:\/\/difaltamira.gob.mx\/2021-2024\/wp-json\/wp\/v2\/tags?post=1833"}],"curies":[{"name":"wp","href":"https:\/\/api.w.org\/{rel}","templated":true}]}}