{"id":1814,"date":"2023-11-23T12:43:34","date_gmt":"2023-11-23T18:43:34","guid":{"rendered":"https:\/\/difaltamira.gob.mx\/2021-2024\/?p=1814"},"modified":"2024-01-11T12:02:23","modified_gmt":"2024-01-11T18:02:23","slug":"inaugura-dif-altamira-construccion-de-moderno-salon-de-usos-multiples-en-asilo-hacienda-del-abuelito","status":"publish","type":"post","link":"https:\/\/difaltamira.gob.mx\/2021-2024\/2023\/11\/23\/inaugura-dif-altamira-construccion-de-moderno-salon-de-usos-multiples-en-asilo-hacienda-del-abuelito\/","title":{"rendered":"Inaugura DIF Altamira construcci\u00f3n de moderno sal\u00f3n de usos m\u00faltiples en asilo \u201cHacienda del Abuelito\u201d"},"content":{"rendered":"<h2>Adem\u00e1s de este confortable sal\u00f3n, fue edificado un medio ba\u00f1o en la caseta de vigilancia que viene a hacer de este asilo un lugar con mejor infraestructura<\/h2>\n<p>En las instalaciones de la casa de descanso para adultos mayores \u201cHacienda del Abuelito\u201d, fue llevado a cabo el corte de list\u00f3n inaugural de un sal\u00f3n de usos m\u00faltiples y la edificaci\u00f3n de un medio ba\u00f1o para la caseta de vigilancia en uno de los accesos a este lugar, acto encabezado por el presidente municipal Dr. Armando Mart\u00ednez Manr\u00edquez y su esposa, la C.P. Rossy Luque de Mart\u00ednez, presidenta del Sistema DIF.<\/p>\n<p>En dicho evento, la presidenta del patronato de la Casa del Anciano \u201cConsuelo Hinojosa de Tamez\u201d, Sra. Paulina Rivas agradeci\u00f3 al alcalde por la edificaci\u00f3n de estas obras tan importantes, desarrolladas en el marco del 40 aniversario de la Hacienda del Abuelito.<\/p>\n<p>En lo que respecta al sal\u00f3n de usos m\u00faltiples, trascendi\u00f3 que cuenta con la instalaci\u00f3n de dos aires acondicionados nuevos, siete luminarias, una instalaci\u00f3n hidr\u00e1ulica y sanitaria, una puerta de acero lisa, cinco ventanas de aluminio, as\u00ed como la construcci\u00f3n de banquetas, aplicaci\u00f3n de pintura, impermeabilizante y dem\u00e1s.<\/p>\n<blockquote><p>\u201cEstoy muy contenta de seguir cristalizando nuestros compromisos de coraz\u00f3n en la Hacienda del Abuelito, donde descansan tranquilamente 15 adultos mayores, a quienes a trav\u00e9s del sistema DIF les brindamos consultas m\u00e9dicas, psicol\u00f3gicas, actividades de terapia ocupacional, de rehabilitaci\u00f3n y activaci\u00f3n psicomotriz, adem\u00e1s de sus raciones de comida caliente\u201d, expres\u00f3 la presidenta del DIF durante el evento.<\/p><\/blockquote>\n<p>Por su parte, el alcalde Armando Mart\u00ednez mencion\u00f3 que quienes aqu\u00ed residen son personas adultas mayores que no cuentan con familiares que vean por ellos, siendo el personal del DIF el responsable de su bienestar. Por ello, se ha beneficiado en su administraci\u00f3n de manera muy puntual a este espacio con distintas obras, como la construcci\u00f3n de una barda perimetral, un huerto urbano y un gallinero que promueven una alimentaci\u00f3n sustentable.<\/p>\n<blockquote><p>\u201cVan a seguir contando con todo el respaldo del Ayuntamiento y del Sistema DIF porque ustedes ya han hecho mucho por nuestra ciudad en sus a\u00f1os de juventud y es momento de que nuestra ciudad les regrese un poco de lo mucho que ustedes hicieron\u201d, concluy\u00f3 el edil.<\/p><\/blockquote>\n<p>Luego de esto, en conjunto con su esposa, integrantes del Patronato de la Hacienda del Abuelito y miembros de la Comuna, recorrieron las instalaciones de esta importante obra.<\/p>\n\n\t\t\t<style type='text\/css'>\n\t\t\t\t#sc_gallery-1 {\n\t\t\t\t\tmargin: auto;\n\t\t\t\t}\n\t\t\t\t#sc_gallery-1 .gallery-item {\n\t\t\t\t\tfloat: left;\n\t\t\t\t\ttext-align: center;\n\t\t\t\t\twidth: 33.33%;\n\t\t\t\t}\n\t\t\t\t#sc_gallery-1 img {\n\t\t\t\t\tborder: 2px solid #cfcfcf;\n\t\t\t\t}\n\t\t\t\t\/* see sc_gallery() in functions\/theme-shortcodes.php *\/\n\t\t\t<\/style>\n\t\t<div id='sc_gallery-1' class='gallery galleryid-1814 gallery-columns-3 gallery-size-thumbnail file gallery-default'><dl class='gallery-item' data-title='inaugura-dif-asilo-hacienda-abuelito-01' data-description=''><div class='gallery-item-wrapper'>\n\t\t\t\t<dt class='gallery-icon landscape'>\n\t\t\t\t\t<a href='https:\/\/difaltamira.gob.mx\/2021-2024\/wp-content\/uploads\/2024\/01\/inaugura-dif-asilo-hacienda-abuelito-01.jpeg'><img fetchpriority=\"high\" decoding=\"async\" width=\"300\" height=\"300\" src=\"https:\/\/difaltamira.gob.mx\/2021-2024\/wp-content\/uploads\/2024\/01\/inaugura-dif-asilo-hacienda-abuelito-01-300x300.jpeg\" class=\"attachment-thumbnail size-thumbnail\" alt=\"\" srcset=\"https:\/\/difaltamira.gob.mx\/2021-2024\/wp-content\/uploads\/2024\/01\/inaugura-dif-asilo-hacienda-abuelito-01-300x300.jpeg 300w, https:\/\/difaltamira.gob.mx\/2021-2024\/wp-content\/uploads\/2024\/01\/inaugura-dif-asilo-hacienda-abuelito-01-85x85.jpeg 85w, https:\/\/difaltamira.gob.mx\/2021-2024\/wp-content\/uploads\/2024\/01\/inaugura-dif-asilo-hacienda-abuelito-01-80x80.jpeg 80w\" sizes=\"(max-width:767px) 300px, 300px\" \/><\/a>\n\t\t\t\t<\/dt><\/div><\/dl><dl class='gallery-item' data-title='inaugura-dif-asilo-hacienda-abuelito-02' data-description=''><div class='gallery-item-wrapper'>\n\t\t\t\t<dt class='gallery-icon landscape'>\n\t\t\t\t\t<a href='https:\/\/difaltamira.gob.mx\/2021-2024\/wp-content\/uploads\/2024\/01\/inaugura-dif-asilo-hacienda-abuelito-02.jpeg'><img decoding=\"async\" width=\"300\" height=\"300\" src=\"https:\/\/difaltamira.gob.mx\/2021-2024\/wp-content\/uploads\/2024\/01\/inaugura-dif-asilo-hacienda-abuelito-02-300x300.jpeg\" class=\"attachment-thumbnail size-thumbnail\" alt=\"\" srcset=\"https:\/\/difaltamira.gob.mx\/2021-2024\/wp-content\/uploads\/2024\/01\/inaugura-dif-asilo-hacienda-abuelito-02-300x300.jpeg 300w, https:\/\/difaltamira.gob.mx\/2021-2024\/wp-content\/uploads\/2024\/01\/inaugura-dif-asilo-hacienda-abuelito-02-85x85.jpeg 85w, https:\/\/difaltamira.gob.mx\/2021-2024\/wp-content\/uploads\/2024\/01\/inaugura-dif-asilo-hacienda-abuelito-02-80x80.jpeg 80w\" sizes=\"(max-width:767px) 300px, 300px\" \/><\/a>\n\t\t\t\t<\/dt><\/div><\/dl><dl class='gallery-item' data-title='inaugura-dif-asilo-hacienda-abuelito-03' data-description=''><div class='gallery-item-wrapper'>\n\t\t\t\t<dt class='gallery-icon landscape'>\n\t\t\t\t\t<a href='https:\/\/difaltamira.gob.mx\/2021-2024\/wp-content\/uploads\/2024\/01\/inaugura-dif-asilo-hacienda-abuelito-03.jpeg'><img decoding=\"async\" width=\"300\" height=\"300\" src=\"https:\/\/difaltamira.gob.mx\/2021-2024\/wp-content\/uploads\/2024\/01\/inaugura-dif-asilo-hacienda-abuelito-03-300x300.jpeg\" class=\"attachment-thumbnail size-thumbnail\" alt=\"\" srcset=\"https:\/\/difaltamira.gob.mx\/2021-2024\/wp-content\/uploads\/2024\/01\/inaugura-dif-asilo-hacienda-abuelito-03-300x300.jpeg 300w, https:\/\/difaltamira.gob.mx\/2021-2024\/wp-content\/uploads\/2024\/01\/inaugura-dif-asilo-hacienda-abuelito-03-85x85.jpeg 85w, https:\/\/difaltamira.gob.mx\/2021-2024\/wp-content\/uploads\/2024\/01\/inaugura-dif-asilo-hacienda-abuelito-03-80x80.jpeg 80w\" sizes=\"(max-width:767px) 300px, 300px\" \/><\/a>\n\t\t\t\t<\/dt><\/div><\/dl><br style=\"clear: both\" \/><dl class='gallery-item' data-title='inaugura-dif-asilo-hacienda-abuelito-04' data-description=''><div class='gallery-item-wrapper'>\n\t\t\t\t<dt class='gallery-icon landscape'>\n\t\t\t\t\t<a href='https:\/\/difaltamira.gob.mx\/2021-2024\/wp-content\/uploads\/2024\/01\/inaugura-dif-asilo-hacienda-abuelito-04.jpeg'><img loading=\"lazy\" decoding=\"async\" width=\"300\" height=\"300\" src=\"https:\/\/difaltamira.gob.mx\/2021-2024\/wp-content\/uploads\/2024\/01\/inaugura-dif-asilo-hacienda-abuelito-04-300x300.jpeg\" class=\"attachment-thumbnail size-thumbnail\" alt=\"\" srcset=\"https:\/\/difaltamira.gob.mx\/2021-2024\/wp-content\/uploads\/2024\/01\/inaugura-dif-asilo-hacienda-abuelito-04-300x300.jpeg 300w, https:\/\/difaltamira.gob.mx\/2021-2024\/wp-content\/uploads\/2024\/01\/inaugura-dif-asilo-hacienda-abuelito-04-85x85.jpeg 85w, https:\/\/difaltamira.gob.mx\/2021-2024\/wp-content\/uploads\/2024\/01\/inaugura-dif-asilo-hacienda-abuelito-04-80x80.jpeg 80w\" sizes=\"(max-width:767px) 300px, 300px\" \/><\/a>\n\t\t\t\t<\/dt><\/div><\/dl><dl class='gallery-item' data-title='inaugura-dif-asilo-hacienda-abuelito-05' data-description=''><div class='gallery-item-wrapper'>\n\t\t\t\t<dt class='gallery-icon landscape'>\n\t\t\t\t\t<a href='https:\/\/difaltamira.gob.mx\/2021-2024\/wp-content\/uploads\/2024\/01\/inaugura-dif-asilo-hacienda-abuelito-05.jpeg'><img loading=\"lazy\" decoding=\"async\" width=\"300\" height=\"300\" src=\"https:\/\/difaltamira.gob.mx\/2021-2024\/wp-content\/uploads\/2024\/01\/inaugura-dif-asilo-hacienda-abuelito-05-300x300.jpeg\" class=\"attachment-thumbnail size-thumbnail\" alt=\"\" srcset=\"https:\/\/difaltamira.gob.mx\/2021-2024\/wp-content\/uploads\/2024\/01\/inaugura-dif-asilo-hacienda-abuelito-05-300x300.jpeg 300w, https:\/\/difaltamira.gob.mx\/2021-2024\/wp-content\/uploads\/2024\/01\/inaugura-dif-asilo-hacienda-abuelito-05-85x85.jpeg 85w, https:\/\/difaltamira.gob.mx\/2021-2024\/wp-content\/uploads\/2024\/01\/inaugura-dif-asilo-hacienda-abuelito-05-80x80.jpeg 80w\" sizes=\"(max-width:767px) 300px, 300px\" \/><\/a>\n\t\t\t\t<\/dt><\/div><\/dl>\n\t\t\t\t<br style='clear: both' \/>\n\t\t\t<\/div>\n\n","protected":false},"excerpt":{"rendered":"<p>Adem\u00e1s de este confortable sal\u00f3n, fue edificado un medio ba\u00f1o en la caseta de vigilancia que viene a hacer de este asilo un lugar con mejor<span class=\"excerpt-hellip\"> [\u2026]<\/span><\/p>\n","protected":false},"author":2,"featured_media":1815,"comment_status":"open","ping_status":"open","sticky":false,"template":"","format":"standard","meta":{"footnotes":""},"categories":[5],"tags":[],"class_list":["post-1814","post","type-post","status-publish","format-standard","has-post-thumbnail","hentry","category-dif-altamira"],"_links":{"self":[{"href":"https:\/\/difaltamira.gob.mx\/2021-2024\/wp-json\/wp\/v2\/posts\/1814","targetHints":{"allow":["GET"]}}],"collection":[{"href":"https:\/\/difaltamira.gob.mx\/2021-2024\/wp-json\/wp\/v2\/posts"}],"about":[{"href":"https:\/\/difaltamira.gob.mx\/2021-2024\/wp-json\/wp\/v2\/types\/post"}],"author":[{"embeddable":true,"href":"https:\/\/difaltamira.gob.mx\/2021-2024\/wp-json\/wp\/v2\/users\/2"}],"replies":[{"embeddable":true,"href":"https:\/\/difaltamira.gob.mx\/2021-2024\/wp-json\/wp\/v2\/comments?post=1814"}],"version-history":[{"count":1,"href":"https:\/\/difaltamira.gob.mx\/2021-2024\/wp-json\/wp\/v2\/posts\/1814\/revisions"}],"predecessor-version":[{"id":1820,"href":"https:\/\/difaltamira.gob.mx\/2021-2024\/wp-json\/wp\/v2\/posts\/1814\/revisions\/1820"}],"wp:featuredmedia":[{"embeddable":true,"href":"https:\/\/difaltamira.gob.mx\/2021-2024\/wp-json\/wp\/v2\/media\/1815"}],"wp:attachment":[{"href":"https:\/\/difaltamira.gob.mx\/2021-2024\/wp-json\/wp\/v2\/media?parent=1814"}],"wp:term":[{"taxonomy":"category","embeddable":true,"href":"https:\/\/difaltamira.gob.mx\/2021-2024\/wp-json\/wp\/v2\/categories?post=1814"},{"taxonomy":"post_tag","embeddable":true,"href":"https:\/\/difaltamira.gob.mx\/2021-2024\/wp-json\/wp\/v2\/tags?post=1814"}],"curies":[{"name":"wp","href":"https:\/\/api.w.org\/{rel}","templated":true}]}}