{"id":1801,"date":"2023-11-14T15:09:32","date_gmt":"2023-11-14T21:09:32","guid":{"rendered":"https:\/\/difaltamira.gob.mx\/2021-2024\/?p=1801"},"modified":"2023-12-20T13:05:42","modified_gmt":"2023-12-20T19:05:42","slug":"inauguran-en-altamira-primera-casa-violeta-de-la-zona-sur-del-estado","status":"publish","type":"post","link":"https:\/\/difaltamira.gob.mx\/2021-2024\/2023\/11\/14\/inauguran-en-altamira-primera-casa-violeta-de-la-zona-sur-del-estado\/","title":{"rendered":"Inauguran en Altamira primera Casa Violeta de la zona sur del estado"},"content":{"rendered":"<h2>En todo Tamaulipas existen solo dos de estos albergues especiales para mujeres, siendo el reci\u00e9n inaugurado el primero en la zona metropolitana<\/h2>\n<p>Un avance significativo en pro del bienestar y seguridad de las mujeres en Altamira represent\u00f3 la puesta en marcha de la Casa Violeta, un albergue temporal en donde f\u00e9minas v\u00edctimas de violencia pueden contar con todo lo necesario para reponerse de situaciones vulnerables.<\/p>\n<p>Fue en dicho punto, ubicado en la colonia Jardines del Champay\u00e1n, en donde el Gobernador Constitucional del Estado, Dr. Am\u00e9rico Villarreal Anaya se aperson\u00f3 para encabezar este acto en conjunto con el presidente municipal, Dr. Armando Mart\u00ednez Manr\u00edquez y dem\u00e1s invitados especiales.<\/p>\n<blockquote><p>Durante su mensaje de bienvenida, el jefe de la Comuna altamirense refiri\u00f3; \u201choy estamos aqu\u00ed reunidos en un acto de justicia social para todas las mujeres de la zona sur de Tamaulipas, de la mano de un gobierno hist\u00f3rico que encabeza nuestro amigo el Dr. Am\u00e9rico Villarreal Anaya, que se ha distinguido por su visi\u00f3n humanista, con perspectiva de g\u00e9nero como estrategia transversal as\u00ed como un gabinete paritario, pionero en la historia del Estado, lo que significa que las mujeres, ni\u00f1as y j\u00f3venes de Tamaulipas no est\u00e1n solas\u201d.<\/p><\/blockquote>\n<p>Luego de este mensaje, fue proyectado un video en donde la presidenta del Sistema DIF local, C.P. Rossy Luque de Mart\u00ednez hizo menci\u00f3n que pusieron todo el coraz\u00f3n para que este anhelo se hiciera realidad, y que hoy se est\u00e1 viendo cristalizado de la mano de Mujeres Tamaulipas, DIF local, Gobierno del Estado y Gobierno Municipal el extenuante trabajo de meses atr\u00e1s.<\/p>\n<p>Luego de esta presentaci\u00f3n, la Mtra. Dianaluz Guti\u00e9rrez Gonz\u00e1lez destac\u00f3 que esta es la segunda casa violeta en Tamaulipas, la primera inaugurada en la zona sur. Asimismo, ampli\u00f3 que de acuerdo a un estudio dado a conocer por la ONU, 81 mil mujeres y ni\u00f1as fueron asesinadas de manera intencional en todo el mundo. De esta cifra, el 56% perdieron la vida de mano de esposos, parejas, amigos o padres, por lo que la creaci\u00f3n de estos espacios resulta imperante para la reducci\u00f3n de referido n\u00famero.<\/p>\n<p>Por su parte, el Gobernador Villarreal Anaya expres\u00f3 que el primer paso para construir seguridad es construir paz, abonando a este objetivo a trav\u00e9s de las Casas Violeta. Tambi\u00e9n indic\u00f3 que por conducto de los 14 programas para el bienestar social que env\u00eda la federaci\u00f3n a Tamaulipas, m\u00e1s de 13 mil 800 millones de pesos son utilizados para mejorar las condiciones econ\u00f3micas, de seguridad y tranquilidad en nuestros hogares.<\/p>\n<p>Luego de estas palabras, las autoridades all\u00ed reunidas hicieron el corte de list\u00f3n oficial con el que qued\u00f3 formalmente inaugurada la primera Casa Violeta del sur de Tamaulipas.<\/p>\n\n\t\t\t<style type='text\/css'>\n\t\t\t\t#sc_gallery-1 {\n\t\t\t\t\tmargin: auto;\n\t\t\t\t}\n\t\t\t\t#sc_gallery-1 .gallery-item {\n\t\t\t\t\tfloat: left;\n\t\t\t\t\ttext-align: center;\n\t\t\t\t\twidth: 33.33%;\n\t\t\t\t}\n\t\t\t\t#sc_gallery-1 img {\n\t\t\t\t\tborder: 2px solid #cfcfcf;\n\t\t\t\t}\n\t\t\t\t\/* see sc_gallery() in functions\/theme-shortcodes.php *\/\n\t\t\t<\/style>\n\t\t<div id='sc_gallery-1' class='gallery galleryid-1801 gallery-columns-3 gallery-size-thumbnail file gallery-default'><dl class='gallery-item' data-title='inauguran-en-altamira-primera-casa-violeta-de-la-zona-sur-del-estado-01' data-description=''><div class='gallery-item-wrapper'>\n\t\t\t\t<dt class='gallery-icon landscape'>\n\t\t\t\t\t<a href='https:\/\/difaltamira.gob.mx\/2021-2024\/wp-content\/uploads\/2023\/12\/inauguran-en-altamira-primera-casa-violeta-de-la-zona-sur-del-estado-01.jpeg'><img fetchpriority=\"high\" decoding=\"async\" width=\"300\" height=\"300\" src=\"https:\/\/difaltamira.gob.mx\/2021-2024\/wp-content\/uploads\/2023\/12\/inauguran-en-altamira-primera-casa-violeta-de-la-zona-sur-del-estado-01-300x300.jpeg\" class=\"attachment-thumbnail size-thumbnail\" alt=\"\" srcset=\"https:\/\/difaltamira.gob.mx\/2021-2024\/wp-content\/uploads\/2023\/12\/inauguran-en-altamira-primera-casa-violeta-de-la-zona-sur-del-estado-01-300x300.jpeg 300w, https:\/\/difaltamira.gob.mx\/2021-2024\/wp-content\/uploads\/2023\/12\/inauguran-en-altamira-primera-casa-violeta-de-la-zona-sur-del-estado-01-85x85.jpeg 85w, https:\/\/difaltamira.gob.mx\/2021-2024\/wp-content\/uploads\/2023\/12\/inauguran-en-altamira-primera-casa-violeta-de-la-zona-sur-del-estado-01-80x80.jpeg 80w\" sizes=\"(max-width:767px) 300px, 300px\" \/><\/a>\n\t\t\t\t<\/dt><\/div><\/dl><dl class='gallery-item' data-title='inauguran-en-altamira-primera-casa-violeta-de-la-zona-sur-del-estado-02' data-description=''><div class='gallery-item-wrapper'>\n\t\t\t\t<dt class='gallery-icon landscape'>\n\t\t\t\t\t<a href='https:\/\/difaltamira.gob.mx\/2021-2024\/wp-content\/uploads\/2023\/12\/inauguran-en-altamira-primera-casa-violeta-de-la-zona-sur-del-estado-02.jpeg'><img decoding=\"async\" width=\"300\" height=\"300\" src=\"https:\/\/difaltamira.gob.mx\/2021-2024\/wp-content\/uploads\/2023\/12\/inauguran-en-altamira-primera-casa-violeta-de-la-zona-sur-del-estado-02-300x300.jpeg\" class=\"attachment-thumbnail size-thumbnail\" alt=\"\" srcset=\"https:\/\/difaltamira.gob.mx\/2021-2024\/wp-content\/uploads\/2023\/12\/inauguran-en-altamira-primera-casa-violeta-de-la-zona-sur-del-estado-02-300x300.jpeg 300w, https:\/\/difaltamira.gob.mx\/2021-2024\/wp-content\/uploads\/2023\/12\/inauguran-en-altamira-primera-casa-violeta-de-la-zona-sur-del-estado-02-85x85.jpeg 85w, https:\/\/difaltamira.gob.mx\/2021-2024\/wp-content\/uploads\/2023\/12\/inauguran-en-altamira-primera-casa-violeta-de-la-zona-sur-del-estado-02-80x80.jpeg 80w\" sizes=\"(max-width:767px) 300px, 300px\" \/><\/a>\n\t\t\t\t<\/dt><\/div><\/dl><dl class='gallery-item' data-title='inauguran-en-altamira-primera-casa-violeta-de-la-zona-sur-del-estado-03' data-description=''><div class='gallery-item-wrapper'>\n\t\t\t\t<dt class='gallery-icon landscape'>\n\t\t\t\t\t<a href='https:\/\/difaltamira.gob.mx\/2021-2024\/wp-content\/uploads\/2023\/12\/inauguran-en-altamira-primera-casa-violeta-de-la-zona-sur-del-estado-03.jpeg'><img decoding=\"async\" width=\"300\" height=\"300\" src=\"https:\/\/difaltamira.gob.mx\/2021-2024\/wp-content\/uploads\/2023\/12\/inauguran-en-altamira-primera-casa-violeta-de-la-zona-sur-del-estado-03-300x300.jpeg\" class=\"attachment-thumbnail size-thumbnail\" alt=\"\" srcset=\"https:\/\/difaltamira.gob.mx\/2021-2024\/wp-content\/uploads\/2023\/12\/inauguran-en-altamira-primera-casa-violeta-de-la-zona-sur-del-estado-03-300x300.jpeg 300w, https:\/\/difaltamira.gob.mx\/2021-2024\/wp-content\/uploads\/2023\/12\/inauguran-en-altamira-primera-casa-violeta-de-la-zona-sur-del-estado-03-85x85.jpeg 85w, https:\/\/difaltamira.gob.mx\/2021-2024\/wp-content\/uploads\/2023\/12\/inauguran-en-altamira-primera-casa-violeta-de-la-zona-sur-del-estado-03-80x80.jpeg 80w\" sizes=\"(max-width:767px) 300px, 300px\" \/><\/a>\n\t\t\t\t<\/dt><\/div><\/dl><br style=\"clear: both\" \/><dl class='gallery-item' data-title='inauguran-en-altamira-primera-casa-violeta-de-la-zona-sur-del-estado-04' data-description=''><div class='gallery-item-wrapper'>\n\t\t\t\t<dt class='gallery-icon landscape'>\n\t\t\t\t\t<a href='https:\/\/difaltamira.gob.mx\/2021-2024\/wp-content\/uploads\/2023\/12\/inauguran-en-altamira-primera-casa-violeta-de-la-zona-sur-del-estado-04.jpeg'><img loading=\"lazy\" decoding=\"async\" width=\"300\" height=\"300\" src=\"https:\/\/difaltamira.gob.mx\/2021-2024\/wp-content\/uploads\/2023\/12\/inauguran-en-altamira-primera-casa-violeta-de-la-zona-sur-del-estado-04-300x300.jpeg\" class=\"attachment-thumbnail size-thumbnail\" alt=\"\" srcset=\"https:\/\/difaltamira.gob.mx\/2021-2024\/wp-content\/uploads\/2023\/12\/inauguran-en-altamira-primera-casa-violeta-de-la-zona-sur-del-estado-04-300x300.jpeg 300w, https:\/\/difaltamira.gob.mx\/2021-2024\/wp-content\/uploads\/2023\/12\/inauguran-en-altamira-primera-casa-violeta-de-la-zona-sur-del-estado-04-85x85.jpeg 85w, https:\/\/difaltamira.gob.mx\/2021-2024\/wp-content\/uploads\/2023\/12\/inauguran-en-altamira-primera-casa-violeta-de-la-zona-sur-del-estado-04-80x80.jpeg 80w\" sizes=\"(max-width:767px) 300px, 300px\" \/><\/a>\n\t\t\t\t<\/dt><\/div><\/dl>\n\t\t\t\t<br style='clear: both' \/>\n\t\t\t<\/div>\n\n","protected":false},"excerpt":{"rendered":"<p>En todo Tamaulipas existen solo dos de estos albergues especiales para mujeres, siendo el reci\u00e9n inaugurado el primero en la zona metropolitana Un avance significativo en<span class=\"excerpt-hellip\"> [\u2026]<\/span><\/p>\n","protected":false},"author":2,"featured_media":1803,"comment_status":"open","ping_status":"open","sticky":false,"template":"","format":"standard","meta":{"footnotes":""},"categories":[5],"tags":[],"class_list":["post-1801","post","type-post","status-publish","format-standard","has-post-thumbnail","hentry","category-dif-altamira"],"_links":{"self":[{"href":"https:\/\/difaltamira.gob.mx\/2021-2024\/wp-json\/wp\/v2\/posts\/1801","targetHints":{"allow":["GET"]}}],"collection":[{"href":"https:\/\/difaltamira.gob.mx\/2021-2024\/wp-json\/wp\/v2\/posts"}],"about":[{"href":"https:\/\/difaltamira.gob.mx\/2021-2024\/wp-json\/wp\/v2\/types\/post"}],"author":[{"embeddable":true,"href":"https:\/\/difaltamira.gob.mx\/2021-2024\/wp-json\/wp\/v2\/users\/2"}],"replies":[{"embeddable":true,"href":"https:\/\/difaltamira.gob.mx\/2021-2024\/wp-json\/wp\/v2\/comments?post=1801"}],"version-history":[{"count":1,"href":"https:\/\/difaltamira.gob.mx\/2021-2024\/wp-json\/wp\/v2\/posts\/1801\/revisions"}],"predecessor-version":[{"id":1806,"href":"https:\/\/difaltamira.gob.mx\/2021-2024\/wp-json\/wp\/v2\/posts\/1801\/revisions\/1806"}],"wp:featuredmedia":[{"embeddable":true,"href":"https:\/\/difaltamira.gob.mx\/2021-2024\/wp-json\/wp\/v2\/media\/1803"}],"wp:attachment":[{"href":"https:\/\/difaltamira.gob.mx\/2021-2024\/wp-json\/wp\/v2\/media?parent=1801"}],"wp:term":[{"taxonomy":"category","embeddable":true,"href":"https:\/\/difaltamira.gob.mx\/2021-2024\/wp-json\/wp\/v2\/categories?post=1801"},{"taxonomy":"post_tag","embeddable":true,"href":"https:\/\/difaltamira.gob.mx\/2021-2024\/wp-json\/wp\/v2\/tags?post=1801"}],"curies":[{"name":"wp","href":"https:\/\/api.w.org\/{rel}","templated":true}]}}