{"id":1796,"date":"2023-11-13T12:31:28","date_gmt":"2023-11-13T18:31:28","guid":{"rendered":"https:\/\/difaltamira.gob.mx\/2021-2024\/?p=1796"},"modified":"2023-12-20T12:36:39","modified_gmt":"2023-12-20T18:36:39","slug":"habra-nuevas-fechas-para-el-camion-de-la-esperanza-del-sistema-dif-altamira","status":"publish","type":"post","link":"https:\/\/difaltamira.gob.mx\/2021-2024\/2023\/11\/13\/habra-nuevas-fechas-para-el-camion-de-la-esperanza-del-sistema-dif-altamira\/","title":{"rendered":"Habr\u00e1 nuevas fechas para el cami\u00f3n de la esperanza del Sistema DIF Altamira"},"content":{"rendered":"<h2>El Cami\u00f3n de la Esperanza, una Unidad M\u00e9dica M\u00f3vil gestionada por el sistema DIF Altamira, anuncia nuevas fechas para seguir respaldando la salud integral de las mujeres de la urbe industrial.<\/h2>\n<p>En ese sentido, se informa a la ciudadan\u00eda interesada que se han abierto 14 nuevas fechas en el mes de Noviembre para que mujeres puedan acceder gratuitamente a servicios m\u00e9dicos de salud como mastograf\u00edas y estudios de papanicolaou, acciones que no solo promueven su bienestar, sino que tambi\u00e9n contribuyen a concientizar sobre la importancia de la detecci\u00f3n temprana de enfermedades.<\/p>\n<p>Cabe hacer menci\u00f3n que esta Unidad M\u00e9dica M\u00f3vil ha tenido una gran aceptaci\u00f3n entre la poblaci\u00f3n femenina, pues tan solo en el mes de Octubre se llevaron a cabo un total de 130 mastograf\u00edas y 268 estudios de papanicolaou, mientras que del 6 al 10 de Noviembre, se realizaron 21 mastograf\u00edas y 15 ex\u00e1menes de papanicolaou.<\/p>\n<p>Para la presidenta del Sistema DIF, C.P. Rossy Luque de Mart\u00ednez cuidar de la salud de las mujeres altamirenses es uno de sus compromisos de coraz\u00f3n, por ello hace extensiva la invitaci\u00f3n a que est\u00e9n atentas a los nuevos puntos que habr\u00e1 de visitar este Cami\u00f3n de la Esperanza en las siguientes fechas: 10 de Noviembre en las Canchas de Basquetbol de la Col. Nuevo Madero; 13 de noviembre, \u00e1rea libre de la Col. Los Presidentes II, frente a la rampa de carros de la ruta Bater\u00eda 7; 14 de Noviembre en el Parque Recreativo de la Col. Sat\u00e9lite; 15 de Noviembre, \u00e1rea verde de la Col. Las Haciendas, frente a la Farmacia Guadalajara; 16 de Noviembre, \u00e1rea verde de la Col. Las Adelitas, frente a la Escuela \u201cJos\u00e9 Mar\u00eda Castro Izaguirre\u201d.<\/p>\n<p>Asimismo, esta Unidad M\u00e9dica M\u00f3vil tambi\u00e9n visitar\u00e1 el 17 de Noviembre las Oficinas Administrativas de la COMAPA Altamira, a un costado de la Unidad Deportiva; mientras que el 21 De noviembre estar\u00e1 disponible en el Complejo Administrativo Municipal \u201cLa Retama\u201d.<\/p>\n<p>Para conocer la ruta completa del Cami\u00f3n de la Esperanza, se invita a visitar la p\u00e1gina oficial en Facebook del DIF local: DIF Municipal Altamira, en donde se estar\u00e1 dando a conocer este importante trayecto as\u00ed como la documentaci\u00f3n necesaria para recibir mencionados servicios m\u00e9dicos gratuitos.<\/p>\n\n\t\t\t<style type='text\/css'>\n\t\t\t\t#sc_gallery-1 {\n\t\t\t\t\tmargin: auto;\n\t\t\t\t}\n\t\t\t\t#sc_gallery-1 .gallery-item {\n\t\t\t\t\tfloat: left;\n\t\t\t\t\ttext-align: center;\n\t\t\t\t\twidth: 33.33%;\n\t\t\t\t}\n\t\t\t\t#sc_gallery-1 img {\n\t\t\t\t\tborder: 2px solid #cfcfcf;\n\t\t\t\t}\n\t\t\t\t\/* see sc_gallery() in functions\/theme-shortcodes.php *\/\n\t\t\t<\/style>\n\t\t<div id='sc_gallery-1' class='gallery galleryid-1796 gallery-columns-3 gallery-size-thumbnail file gallery-default'><dl class='gallery-item' data-title='habra-nuevas-fechas-para-el-camion-de-la-esperanza-del-sistema-dif-altamira-01' data-description=''><div class='gallery-item-wrapper'>\n\t\t\t\t<dt class='gallery-icon landscape'>\n\t\t\t\t\t<a href='https:\/\/difaltamira.gob.mx\/2021-2024\/wp-content\/uploads\/2023\/12\/habra-nuevas-fechas-para-el-camion-de-la-esperanza-del-sistema-dif-altamira-01.jpeg'><img fetchpriority=\"high\" decoding=\"async\" width=\"300\" height=\"300\" src=\"https:\/\/difaltamira.gob.mx\/2021-2024\/wp-content\/uploads\/2023\/12\/habra-nuevas-fechas-para-el-camion-de-la-esperanza-del-sistema-dif-altamira-01-300x300.jpeg\" class=\"attachment-thumbnail size-thumbnail\" alt=\"\" srcset=\"https:\/\/difaltamira.gob.mx\/2021-2024\/wp-content\/uploads\/2023\/12\/habra-nuevas-fechas-para-el-camion-de-la-esperanza-del-sistema-dif-altamira-01-300x300.jpeg 300w, https:\/\/difaltamira.gob.mx\/2021-2024\/wp-content\/uploads\/2023\/12\/habra-nuevas-fechas-para-el-camion-de-la-esperanza-del-sistema-dif-altamira-01-85x85.jpeg 85w, https:\/\/difaltamira.gob.mx\/2021-2024\/wp-content\/uploads\/2023\/12\/habra-nuevas-fechas-para-el-camion-de-la-esperanza-del-sistema-dif-altamira-01-80x80.jpeg 80w\" sizes=\"(max-width:767px) 300px, 300px\" \/><\/a>\n\t\t\t\t<\/dt><\/div><\/dl><dl class='gallery-item' data-title='habra-nuevas-fechas-para-el-camion-de-la-esperanza-del-sistema-dif-altamira-02' data-description=''><div class='gallery-item-wrapper'>\n\t\t\t\t<dt class='gallery-icon landscape'>\n\t\t\t\t\t<a href='https:\/\/difaltamira.gob.mx\/2021-2024\/wp-content\/uploads\/2023\/12\/habra-nuevas-fechas-para-el-camion-de-la-esperanza-del-sistema-dif-altamira-02.jpeg'><img decoding=\"async\" width=\"300\" height=\"300\" src=\"https:\/\/difaltamira.gob.mx\/2021-2024\/wp-content\/uploads\/2023\/12\/habra-nuevas-fechas-para-el-camion-de-la-esperanza-del-sistema-dif-altamira-02-300x300.jpeg\" class=\"attachment-thumbnail size-thumbnail\" alt=\"\" srcset=\"https:\/\/difaltamira.gob.mx\/2021-2024\/wp-content\/uploads\/2023\/12\/habra-nuevas-fechas-para-el-camion-de-la-esperanza-del-sistema-dif-altamira-02-300x300.jpeg 300w, https:\/\/difaltamira.gob.mx\/2021-2024\/wp-content\/uploads\/2023\/12\/habra-nuevas-fechas-para-el-camion-de-la-esperanza-del-sistema-dif-altamira-02-85x85.jpeg 85w, https:\/\/difaltamira.gob.mx\/2021-2024\/wp-content\/uploads\/2023\/12\/habra-nuevas-fechas-para-el-camion-de-la-esperanza-del-sistema-dif-altamira-02-80x80.jpeg 80w\" sizes=\"(max-width:767px) 300px, 300px\" \/><\/a>\n\t\t\t\t<\/dt><\/div><\/dl><dl class='gallery-item' data-title='habra-nuevas-fechas-para-el-camion-de-la-esperanza-del-sistema-dif-altamira-03' data-description=''><div class='gallery-item-wrapper'>\n\t\t\t\t<dt class='gallery-icon landscape'>\n\t\t\t\t\t<a href='https:\/\/difaltamira.gob.mx\/2021-2024\/wp-content\/uploads\/2023\/12\/habra-nuevas-fechas-para-el-camion-de-la-esperanza-del-sistema-dif-altamira-03.jpeg'><img decoding=\"async\" width=\"300\" height=\"300\" src=\"https:\/\/difaltamira.gob.mx\/2021-2024\/wp-content\/uploads\/2023\/12\/habra-nuevas-fechas-para-el-camion-de-la-esperanza-del-sistema-dif-altamira-03-300x300.jpeg\" class=\"attachment-thumbnail size-thumbnail\" alt=\"\" srcset=\"https:\/\/difaltamira.gob.mx\/2021-2024\/wp-content\/uploads\/2023\/12\/habra-nuevas-fechas-para-el-camion-de-la-esperanza-del-sistema-dif-altamira-03-300x300.jpeg 300w, https:\/\/difaltamira.gob.mx\/2021-2024\/wp-content\/uploads\/2023\/12\/habra-nuevas-fechas-para-el-camion-de-la-esperanza-del-sistema-dif-altamira-03-85x85.jpeg 85w, https:\/\/difaltamira.gob.mx\/2021-2024\/wp-content\/uploads\/2023\/12\/habra-nuevas-fechas-para-el-camion-de-la-esperanza-del-sistema-dif-altamira-03-80x80.jpeg 80w\" sizes=\"(max-width:767px) 300px, 300px\" \/><\/a>\n\t\t\t\t<\/dt><\/div><\/dl><br style=\"clear: both\" \/>\n\t\t\t<\/div>\n\n","protected":false},"excerpt":{"rendered":"<p>El Cami\u00f3n de la Esperanza, una Unidad M\u00e9dica M\u00f3vil gestionada por el sistema DIF Altamira, anuncia nuevas fechas para seguir respaldando la salud integral de las<span class=\"excerpt-hellip\"> [\u2026]<\/span><\/p>\n","protected":false},"author":2,"featured_media":1797,"comment_status":"open","ping_status":"open","sticky":false,"template":"","format":"standard","meta":{"footnotes":""},"categories":[5],"tags":[],"class_list":["post-1796","post","type-post","status-publish","format-standard","has-post-thumbnail","hentry","category-dif-altamira"],"_links":{"self":[{"href":"https:\/\/difaltamira.gob.mx\/2021-2024\/wp-json\/wp\/v2\/posts\/1796","targetHints":{"allow":["GET"]}}],"collection":[{"href":"https:\/\/difaltamira.gob.mx\/2021-2024\/wp-json\/wp\/v2\/posts"}],"about":[{"href":"https:\/\/difaltamira.gob.mx\/2021-2024\/wp-json\/wp\/v2\/types\/post"}],"author":[{"embeddable":true,"href":"https:\/\/difaltamira.gob.mx\/2021-2024\/wp-json\/wp\/v2\/users\/2"}],"replies":[{"embeddable":true,"href":"https:\/\/difaltamira.gob.mx\/2021-2024\/wp-json\/wp\/v2\/comments?post=1796"}],"version-history":[{"count":1,"href":"https:\/\/difaltamira.gob.mx\/2021-2024\/wp-json\/wp\/v2\/posts\/1796\/revisions"}],"predecessor-version":[{"id":1800,"href":"https:\/\/difaltamira.gob.mx\/2021-2024\/wp-json\/wp\/v2\/posts\/1796\/revisions\/1800"}],"wp:featuredmedia":[{"embeddable":true,"href":"https:\/\/difaltamira.gob.mx\/2021-2024\/wp-json\/wp\/v2\/media\/1797"}],"wp:attachment":[{"href":"https:\/\/difaltamira.gob.mx\/2021-2024\/wp-json\/wp\/v2\/media?parent=1796"}],"wp:term":[{"taxonomy":"category","embeddable":true,"href":"https:\/\/difaltamira.gob.mx\/2021-2024\/wp-json\/wp\/v2\/categories?post=1796"},{"taxonomy":"post_tag","embeddable":true,"href":"https:\/\/difaltamira.gob.mx\/2021-2024\/wp-json\/wp\/v2\/tags?post=1796"}],"curies":[{"name":"wp","href":"https:\/\/api.w.org\/{rel}","templated":true}]}}