{"id":1776,"date":"2023-11-09T10:25:06","date_gmt":"2023-11-09T16:25:06","guid":{"rendered":"https:\/\/difaltamira.gob.mx\/2021-2024\/?p=1776"},"modified":"2023-12-19T12:44:59","modified_gmt":"2023-12-19T18:44:59","slug":"invita-direccion-de-atencion-a-la-juventud-de-altamira-a-concurso-de-talentos-inclusivo","status":"publish","type":"post","link":"https:\/\/difaltamira.gob.mx\/2021-2024\/2023\/11\/09\/invita-direccion-de-atencion-a-la-juventud-de-altamira-a-concurso-de-talentos-inclusivo\/","title":{"rendered":"Invita Direcci\u00f3n de Atenci\u00f3n a la juventud de Altamira a concurso de talentos inclusivo"},"content":{"rendered":"<h2>Un extraordinario concurso de talentos inclusivo habr\u00e1 de llevarse a cabo el d\u00eda de ma\u00f1ana viernes a trav\u00e9s de la Direcci\u00f3n de Atenci\u00f3n a la Juventud de Altamira, esto en las instalaciones del Auditorio \u201cJuan Mac\u00edas Castillo\u201d de la zona centro de la ciudad.<\/h2>\n<p>Dicho acto contar\u00e1 con demostraciones art\u00edsticas como la danza, canto, actuaci\u00f3n y n\u00fameros de magia.<\/p>\n<p>Al respecto, la titular de esta dependencia municipal, la Lic. Ana Rosa Rangel D\u00edaz comunic\u00f3 que el evento dar\u00e1 inicio en punto de las 17:00 horas y contar\u00e1 con dos atractivos premios: el primer lugar consta de $2000 mientras que el segundo mejor performance se llevar\u00e1 a casa $1500, ambos en efectivo.<\/p>\n<blockquote><p>\u201cTenemos registrados j\u00f3venes de entre 15 y 25 a\u00f1os, todos ellos cuentan con alguna discapacidad y precisamente este evento fue creado para promover la inclusi\u00f3n, para reconocer los talentos extraordinarios de ellos fomentando mayores oportunidades\u201d, subray\u00f3 Ana Rosa Rangel.<\/p><\/blockquote>\n<p>Por lo anterior, la funcionaria hace extensiva la invitaci\u00f3n a todo aquel que desee acudir a presenciar el talento de este importante sector de la juventud altamirense.<\/p>\n\n\t\t\t<style type='text\/css'>\n\t\t\t\t#sc_gallery-1 {\n\t\t\t\t\tmargin: auto;\n\t\t\t\t}\n\t\t\t\t#sc_gallery-1 .gallery-item {\n\t\t\t\t\tfloat: left;\n\t\t\t\t\ttext-align: center;\n\t\t\t\t\twidth: 33.33%;\n\t\t\t\t}\n\t\t\t\t#sc_gallery-1 img {\n\t\t\t\t\tborder: 2px solid #cfcfcf;\n\t\t\t\t}\n\t\t\t\t\/* see sc_gallery() in functions\/theme-shortcodes.php *\/\n\t\t\t<\/style>\n\t\t<div id='sc_gallery-1' class='gallery galleryid-1776 gallery-columns-3 gallery-size-thumbnail file gallery-default'><dl class='gallery-item' data-title='atencion-a-juventud-concurso1' data-description=''><div class='gallery-item-wrapper'>\n\t\t\t\t<dt class='gallery-icon landscape'>\n\t\t\t\t\t<a href='https:\/\/difaltamira.gob.mx\/2021-2024\/wp-content\/uploads\/2023\/12\/atencion-a-juventud-concurso1.jpeg'><img fetchpriority=\"high\" decoding=\"async\" width=\"300\" height=\"300\" src=\"https:\/\/difaltamira.gob.mx\/2021-2024\/wp-content\/uploads\/2023\/12\/atencion-a-juventud-concurso1-300x300.jpeg\" class=\"attachment-thumbnail size-thumbnail\" alt=\"\" srcset=\"https:\/\/difaltamira.gob.mx\/2021-2024\/wp-content\/uploads\/2023\/12\/atencion-a-juventud-concurso1-300x300.jpeg 300w, https:\/\/difaltamira.gob.mx\/2021-2024\/wp-content\/uploads\/2023\/12\/atencion-a-juventud-concurso1-85x85.jpeg 85w, https:\/\/difaltamira.gob.mx\/2021-2024\/wp-content\/uploads\/2023\/12\/atencion-a-juventud-concurso1-80x80.jpeg 80w\" sizes=\"(max-width:767px) 300px, 300px\" \/><\/a>\n\t\t\t\t<\/dt><\/div><\/dl><dl class='gallery-item' data-title='atencion-a-juventud-concurso2' data-description=''><div class='gallery-item-wrapper'>\n\t\t\t\t<dt class='gallery-icon landscape'>\n\t\t\t\t\t<a href='https:\/\/difaltamira.gob.mx\/2021-2024\/wp-content\/uploads\/2023\/12\/atencion-a-juventud-concurso2.jpeg'><img decoding=\"async\" width=\"300\" height=\"300\" src=\"https:\/\/difaltamira.gob.mx\/2021-2024\/wp-content\/uploads\/2023\/12\/atencion-a-juventud-concurso2-300x300.jpeg\" class=\"attachment-thumbnail size-thumbnail\" alt=\"\" srcset=\"https:\/\/difaltamira.gob.mx\/2021-2024\/wp-content\/uploads\/2023\/12\/atencion-a-juventud-concurso2-300x300.jpeg 300w, https:\/\/difaltamira.gob.mx\/2021-2024\/wp-content\/uploads\/2023\/12\/atencion-a-juventud-concurso2-85x85.jpeg 85w, https:\/\/difaltamira.gob.mx\/2021-2024\/wp-content\/uploads\/2023\/12\/atencion-a-juventud-concurso2-80x80.jpeg 80w\" sizes=\"(max-width:767px) 300px, 300px\" \/><\/a>\n\t\t\t\t<\/dt><\/div><\/dl><dl class='gallery-item' data-title='atencion-a-juventud-concurso3' data-description=''><div class='gallery-item-wrapper'>\n\t\t\t\t<dt class='gallery-icon landscape'>\n\t\t\t\t\t<a href='https:\/\/difaltamira.gob.mx\/2021-2024\/wp-content\/uploads\/2023\/12\/atencion-a-juventud-concurso3.jpeg'><img decoding=\"async\" width=\"300\" height=\"300\" src=\"https:\/\/difaltamira.gob.mx\/2021-2024\/wp-content\/uploads\/2023\/12\/atencion-a-juventud-concurso3-300x300.jpeg\" class=\"attachment-thumbnail size-thumbnail\" alt=\"\" srcset=\"https:\/\/difaltamira.gob.mx\/2021-2024\/wp-content\/uploads\/2023\/12\/atencion-a-juventud-concurso3-300x300.jpeg 300w, https:\/\/difaltamira.gob.mx\/2021-2024\/wp-content\/uploads\/2023\/12\/atencion-a-juventud-concurso3-85x85.jpeg 85w, https:\/\/difaltamira.gob.mx\/2021-2024\/wp-content\/uploads\/2023\/12\/atencion-a-juventud-concurso3-80x80.jpeg 80w\" sizes=\"(max-width:767px) 300px, 300px\" \/><\/a>\n\t\t\t\t<\/dt><\/div><\/dl><br style=\"clear: both\" \/><dl class='gallery-item' data-title='atencion-a-juventud-concurso4' data-description=''><div class='gallery-item-wrapper'>\n\t\t\t\t<dt class='gallery-icon landscape'>\n\t\t\t\t\t<a href='https:\/\/difaltamira.gob.mx\/2021-2024\/wp-content\/uploads\/2023\/12\/atencion-a-juventud-concurso4.jpeg'><img loading=\"lazy\" decoding=\"async\" width=\"300\" height=\"300\" src=\"https:\/\/difaltamira.gob.mx\/2021-2024\/wp-content\/uploads\/2023\/12\/atencion-a-juventud-concurso4-300x300.jpeg\" class=\"attachment-thumbnail size-thumbnail\" alt=\"\" srcset=\"https:\/\/difaltamira.gob.mx\/2021-2024\/wp-content\/uploads\/2023\/12\/atencion-a-juventud-concurso4-300x300.jpeg 300w, https:\/\/difaltamira.gob.mx\/2021-2024\/wp-content\/uploads\/2023\/12\/atencion-a-juventud-concurso4-85x85.jpeg 85w, https:\/\/difaltamira.gob.mx\/2021-2024\/wp-content\/uploads\/2023\/12\/atencion-a-juventud-concurso4-80x80.jpeg 80w\" sizes=\"(max-width:767px) 300px, 300px\" \/><\/a>\n\t\t\t\t<\/dt><\/div><\/dl>\n\t\t\t\t<br style='clear: both' \/>\n\t\t\t<\/div>\n\n<p>&nbsp;<\/p>\n<p>.<\/p>\n<p>&nbsp;<\/p>\n<p>&nbsp;<\/p>\n","protected":false},"excerpt":{"rendered":"<p>Un extraordinario concurso de talentos inclusivo habr\u00e1 de llevarse a cabo el d\u00eda de ma\u00f1ana viernes a trav\u00e9s de la Direcci\u00f3n de Atenci\u00f3n a la Juventud<span class=\"excerpt-hellip\"> [\u2026]<\/span><\/p>\n","protected":false},"author":2,"featured_media":1779,"comment_status":"open","ping_status":"open","sticky":false,"template":"","format":"standard","meta":{"footnotes":""},"categories":[5],"tags":[],"class_list":["post-1776","post","type-post","status-publish","format-standard","has-post-thumbnail","hentry","category-dif-altamira"],"_links":{"self":[{"href":"https:\/\/difaltamira.gob.mx\/2021-2024\/wp-json\/wp\/v2\/posts\/1776","targetHints":{"allow":["GET"]}}],"collection":[{"href":"https:\/\/difaltamira.gob.mx\/2021-2024\/wp-json\/wp\/v2\/posts"}],"about":[{"href":"https:\/\/difaltamira.gob.mx\/2021-2024\/wp-json\/wp\/v2\/types\/post"}],"author":[{"embeddable":true,"href":"https:\/\/difaltamira.gob.mx\/2021-2024\/wp-json\/wp\/v2\/users\/2"}],"replies":[{"embeddable":true,"href":"https:\/\/difaltamira.gob.mx\/2021-2024\/wp-json\/wp\/v2\/comments?post=1776"}],"version-history":[{"count":1,"href":"https:\/\/difaltamira.gob.mx\/2021-2024\/wp-json\/wp\/v2\/posts\/1776\/revisions"}],"predecessor-version":[{"id":1781,"href":"https:\/\/difaltamira.gob.mx\/2021-2024\/wp-json\/wp\/v2\/posts\/1776\/revisions\/1781"}],"wp:featuredmedia":[{"embeddable":true,"href":"https:\/\/difaltamira.gob.mx\/2021-2024\/wp-json\/wp\/v2\/media\/1779"}],"wp:attachment":[{"href":"https:\/\/difaltamira.gob.mx\/2021-2024\/wp-json\/wp\/v2\/media?parent=1776"}],"wp:term":[{"taxonomy":"category","embeddable":true,"href":"https:\/\/difaltamira.gob.mx\/2021-2024\/wp-json\/wp\/v2\/categories?post=1776"},{"taxonomy":"post_tag","embeddable":true,"href":"https:\/\/difaltamira.gob.mx\/2021-2024\/wp-json\/wp\/v2\/tags?post=1776"}],"curies":[{"name":"wp","href":"https:\/\/api.w.org\/{rel}","templated":true}]}}