{"id":1769,"date":"2023-11-18T17:20:43","date_gmt":"2023-11-18T23:20:43","guid":{"rendered":"https:\/\/difaltamira.gob.mx\/2021-2024\/?p=1769"},"modified":"2023-12-19T11:59:18","modified_gmt":"2023-12-19T17:59:18","slug":"celebra-sistema-dif-altamira-14-aniversario-de-la-escuela-camino-de-luz","status":"publish","type":"post","link":"https:\/\/difaltamira.gob.mx\/2021-2024\/2023\/11\/18\/celebra-sistema-dif-altamira-14-aniversario-de-la-escuela-camino-de-luz\/","title":{"rendered":"Celebra Sistema DIF Altamira 14 aniversario de la escuela \u201cCamino de Luz\u201d"},"content":{"rendered":"<h2>El Sistema para el Desarrollo Integral de la Familia, dirigido por la C.P. Rossy Luque de Mart\u00ednez conmemor\u00f3 el 14 aniversario de la escuela para personas con discapacidad visual \u201cCamino de Luz\u201d, misma que cuenta con un aula interactiva dentro de las instalaciones del Centro de Rehabilitaci\u00f3n Integral del organismo.<\/h2>\n<p>Como parte de esta celebraci\u00f3n, fue efectuada una amena convivencia en el Sal\u00f3n S.U.T.R.A de la zona centro de la ciudad. All\u00ed los 26 alumnos con los que cuenta esta escuela tuvieron la oportunidad de disfrutar de un ameno rato de esparcimiento, as\u00ed tambi\u00e9n sus familiares escucharon una pl\u00e1tica de sensibilizaci\u00f3n en torno a la atenci\u00f3n de personas con discapacidad.<\/p>\n<blockquote><p>\u201cEs un honor para m\u00ed ser testigo de un gran acto de justicia social como el que se hace todos los d\u00edas en esta noble escuela, estamos muy contentos por lo aqu\u00ed realizado y celebro grandemente la colaboraci\u00f3n entre padres y maestros por sumar en la vida de sus estudiantes\u201d, se\u00f1al\u00f3 la titular del Sistema DIF Altamira.<\/p><\/blockquote>\n<p>Asimismo, el Mtro. Roberto Evaristo C\u00e1zares Rubio, responsable de la escuela \u201cCamino de Luz\u201d, agradeci\u00f3 ampliamente a la se\u00f1ora Rossy Luque de Mart\u00ednez por su disposici\u00f3n de apoyar a la escuela, pues la misma estuvo temporalmente cerrada al iniciar la pandemia de COVID &#8211; 19 hace un par de a\u00f1os.<\/p>\n<p>Cabe hacer menci\u00f3n que los asistentes a este evento llevaron a cabo la actividad \u201cponte en mi lugar\u201d, que consisti\u00f3 en simular tener discapacidad visual a fin de ejemplificar las dificultades que estas personas llevan en su d\u00eda a d\u00eda.<\/p>\n<p>Se cont\u00f3 adem\u00e1s en dicha convivencia con presentaciones art\u00edsticas que le dieron el toque lucido y entretenido a la tarde.<\/p>\n\n\t\t\t<style type='text\/css'>\n\t\t\t\t#sc_gallery-1 {\n\t\t\t\t\tmargin: auto;\n\t\t\t\t}\n\t\t\t\t#sc_gallery-1 .gallery-item {\n\t\t\t\t\tfloat: left;\n\t\t\t\t\ttext-align: center;\n\t\t\t\t\twidth: 33.33%;\n\t\t\t\t}\n\t\t\t\t#sc_gallery-1 img {\n\t\t\t\t\tborder: 2px solid #cfcfcf;\n\t\t\t\t}\n\t\t\t\t\/* see sc_gallery() in functions\/theme-shortcodes.php *\/\n\t\t\t<\/style>\n\t\t<div id='sc_gallery-1' class='gallery galleryid-1769 gallery-columns-3 gallery-size-thumbnail file gallery-default'><dl class='gallery-item' data-title='14-aniversrio-altamira1' data-description=''><div class='gallery-item-wrapper'>\n\t\t\t\t<dt class='gallery-icon landscape'>\n\t\t\t\t\t<a href='https:\/\/difaltamira.gob.mx\/2021-2024\/wp-content\/uploads\/2023\/12\/14-aniversrio-altamira1.jpg'><img fetchpriority=\"high\" decoding=\"async\" width=\"300\" height=\"300\" src=\"https:\/\/difaltamira.gob.mx\/2021-2024\/wp-content\/uploads\/2023\/12\/14-aniversrio-altamira1-300x300.jpg\" class=\"attachment-thumbnail size-thumbnail\" alt=\"\" srcset=\"https:\/\/difaltamira.gob.mx\/2021-2024\/wp-content\/uploads\/2023\/12\/14-aniversrio-altamira1-300x300.jpg 300w, https:\/\/difaltamira.gob.mx\/2021-2024\/wp-content\/uploads\/2023\/12\/14-aniversrio-altamira1-85x85.jpg 85w, https:\/\/difaltamira.gob.mx\/2021-2024\/wp-content\/uploads\/2023\/12\/14-aniversrio-altamira1-80x80.jpg 80w\" sizes=\"(max-width:767px) 300px, 300px\" \/><\/a>\n\t\t\t\t<\/dt><\/div><\/dl><dl class='gallery-item' data-title='14-aniversrio-altamira3' data-description=''><div class='gallery-item-wrapper'>\n\t\t\t\t<dt class='gallery-icon landscape'>\n\t\t\t\t\t<a href='https:\/\/difaltamira.gob.mx\/2021-2024\/wp-content\/uploads\/2023\/12\/14-aniversrio-altamira3.jpg'><img decoding=\"async\" width=\"300\" height=\"300\" src=\"https:\/\/difaltamira.gob.mx\/2021-2024\/wp-content\/uploads\/2023\/12\/14-aniversrio-altamira3-300x300.jpg\" class=\"attachment-thumbnail size-thumbnail\" alt=\"\" srcset=\"https:\/\/difaltamira.gob.mx\/2021-2024\/wp-content\/uploads\/2023\/12\/14-aniversrio-altamira3-300x300.jpg 300w, https:\/\/difaltamira.gob.mx\/2021-2024\/wp-content\/uploads\/2023\/12\/14-aniversrio-altamira3-85x85.jpg 85w, https:\/\/difaltamira.gob.mx\/2021-2024\/wp-content\/uploads\/2023\/12\/14-aniversrio-altamira3-80x80.jpg 80w\" sizes=\"(max-width:767px) 300px, 300px\" \/><\/a>\n\t\t\t\t<\/dt><\/div><\/dl><dl class='gallery-item' data-title='14-aniversrio-altamira4' data-description=''><div class='gallery-item-wrapper'>\n\t\t\t\t<dt class='gallery-icon landscape'>\n\t\t\t\t\t<a href='https:\/\/difaltamira.gob.mx\/2021-2024\/wp-content\/uploads\/2023\/12\/14-aniversrio-altamira4.jpg'><img decoding=\"async\" width=\"300\" height=\"300\" src=\"https:\/\/difaltamira.gob.mx\/2021-2024\/wp-content\/uploads\/2023\/12\/14-aniversrio-altamira4-300x300.jpg\" class=\"attachment-thumbnail size-thumbnail\" alt=\"\" srcset=\"https:\/\/difaltamira.gob.mx\/2021-2024\/wp-content\/uploads\/2023\/12\/14-aniversrio-altamira4-300x300.jpg 300w, https:\/\/difaltamira.gob.mx\/2021-2024\/wp-content\/uploads\/2023\/12\/14-aniversrio-altamira4-85x85.jpg 85w, https:\/\/difaltamira.gob.mx\/2021-2024\/wp-content\/uploads\/2023\/12\/14-aniversrio-altamira4-80x80.jpg 80w\" sizes=\"(max-width:767px) 300px, 300px\" \/><\/a>\n\t\t\t\t<\/dt><\/div><\/dl><br style=\"clear: both\" \/><dl class='gallery-item' data-title='14-aniversrio-altamira5' data-description=''><div class='gallery-item-wrapper'>\n\t\t\t\t<dt class='gallery-icon landscape'>\n\t\t\t\t\t<a href='https:\/\/difaltamira.gob.mx\/2021-2024\/wp-content\/uploads\/2023\/12\/14-aniversrio-altamira5.jpg'><img loading=\"lazy\" decoding=\"async\" width=\"300\" height=\"300\" src=\"https:\/\/difaltamira.gob.mx\/2021-2024\/wp-content\/uploads\/2023\/12\/14-aniversrio-altamira5-300x300.jpg\" class=\"attachment-thumbnail size-thumbnail\" alt=\"\" srcset=\"https:\/\/difaltamira.gob.mx\/2021-2024\/wp-content\/uploads\/2023\/12\/14-aniversrio-altamira5-300x300.jpg 300w, https:\/\/difaltamira.gob.mx\/2021-2024\/wp-content\/uploads\/2023\/12\/14-aniversrio-altamira5-85x85.jpg 85w, https:\/\/difaltamira.gob.mx\/2021-2024\/wp-content\/uploads\/2023\/12\/14-aniversrio-altamira5-80x80.jpg 80w\" sizes=\"(max-width:767px) 300px, 300px\" \/><\/a>\n\t\t\t\t<\/dt><\/div><\/dl><dl class='gallery-item' data-title='14-aniversrio-altamira2' data-description=''><div class='gallery-item-wrapper'>\n\t\t\t\t<dt class='gallery-icon landscape'>\n\t\t\t\t\t<a href='https:\/\/difaltamira.gob.mx\/2021-2024\/wp-content\/uploads\/2023\/12\/14-aniversrio-altamira2.jpg'><img loading=\"lazy\" decoding=\"async\" width=\"300\" height=\"300\" src=\"https:\/\/difaltamira.gob.mx\/2021-2024\/wp-content\/uploads\/2023\/12\/14-aniversrio-altamira2-300x300.jpg\" class=\"attachment-thumbnail size-thumbnail\" alt=\"\" srcset=\"https:\/\/difaltamira.gob.mx\/2021-2024\/wp-content\/uploads\/2023\/12\/14-aniversrio-altamira2-300x300.jpg 300w, https:\/\/difaltamira.gob.mx\/2021-2024\/wp-content\/uploads\/2023\/12\/14-aniversrio-altamira2-85x85.jpg 85w, https:\/\/difaltamira.gob.mx\/2021-2024\/wp-content\/uploads\/2023\/12\/14-aniversrio-altamira2-80x80.jpg 80w\" sizes=\"(max-width:767px) 300px, 300px\" \/><\/a>\n\t\t\t\t<\/dt><\/div><\/dl>\n\t\t\t\t<br style='clear: both' \/>\n\t\t\t<\/div>\n\n","protected":false},"excerpt":{"rendered":"<p>El Sistema para el Desarrollo Integral de la Familia, dirigido por la C.P. Rossy Luque de Mart\u00ednez conmemor\u00f3 el 14 aniversario de la escuela para personas<span class=\"excerpt-hellip\"> [\u2026]<\/span><\/p>\n","protected":false},"author":2,"featured_media":1774,"comment_status":"open","ping_status":"open","sticky":false,"template":"","format":"standard","meta":{"footnotes":""},"categories":[5],"tags":[],"class_list":["post-1769","post","type-post","status-publish","format-standard","has-post-thumbnail","hentry","category-dif-altamira"],"_links":{"self":[{"href":"https:\/\/difaltamira.gob.mx\/2021-2024\/wp-json\/wp\/v2\/posts\/1769","targetHints":{"allow":["GET"]}}],"collection":[{"href":"https:\/\/difaltamira.gob.mx\/2021-2024\/wp-json\/wp\/v2\/posts"}],"about":[{"href":"https:\/\/difaltamira.gob.mx\/2021-2024\/wp-json\/wp\/v2\/types\/post"}],"author":[{"embeddable":true,"href":"https:\/\/difaltamira.gob.mx\/2021-2024\/wp-json\/wp\/v2\/users\/2"}],"replies":[{"embeddable":true,"href":"https:\/\/difaltamira.gob.mx\/2021-2024\/wp-json\/wp\/v2\/comments?post=1769"}],"version-history":[{"count":1,"href":"https:\/\/difaltamira.gob.mx\/2021-2024\/wp-json\/wp\/v2\/posts\/1769\/revisions"}],"predecessor-version":[{"id":1775,"href":"https:\/\/difaltamira.gob.mx\/2021-2024\/wp-json\/wp\/v2\/posts\/1769\/revisions\/1775"}],"wp:featuredmedia":[{"embeddable":true,"href":"https:\/\/difaltamira.gob.mx\/2021-2024\/wp-json\/wp\/v2\/media\/1774"}],"wp:attachment":[{"href":"https:\/\/difaltamira.gob.mx\/2021-2024\/wp-json\/wp\/v2\/media?parent=1769"}],"wp:term":[{"taxonomy":"category","embeddable":true,"href":"https:\/\/difaltamira.gob.mx\/2021-2024\/wp-json\/wp\/v2\/categories?post=1769"},{"taxonomy":"post_tag","embeddable":true,"href":"https:\/\/difaltamira.gob.mx\/2021-2024\/wp-json\/wp\/v2\/tags?post=1769"}],"curies":[{"name":"wp","href":"https:\/\/api.w.org\/{rel}","templated":true}]}}