{"id":1762,"date":"2023-11-05T12:55:06","date_gmt":"2023-11-05T18:55:06","guid":{"rendered":"https:\/\/difaltamira.gob.mx\/2021-2024\/?p=1762"},"modified":"2023-12-18T14:03:57","modified_gmt":"2023-12-18T20:03:57","slug":"respalda-dif-altamira-a-189-mujeres-emprendedoras-del-cedif-con-entrega-de-equipo","status":"publish","type":"post","link":"https:\/\/difaltamira.gob.mx\/2021-2024\/2023\/11\/05\/respalda-dif-altamira-a-189-mujeres-emprendedoras-del-cedif-con-entrega-de-equipo\/","title":{"rendered":"Respalda DIF Altamira a 189 mujeres emprendedoras del CEDIF con entrega de equipo"},"content":{"rendered":"<h2>La presidenta del organismo, C.P. Rossy Luque de Mart\u00ednez entreg\u00f3 equipamiento para las alumnas de los diversos talleres que se ofrecen en los Centros de Desarrollo Integral y Familiar en la zona centro y sector Monte Alto<\/h2>\n<p>Una gira de trabajo para equipar todav\u00eda m\u00e1s a los Centros de Desarrollo Integral y Familiar (CEDIF) realiz\u00f3 la presidenta del Sistema para el Desarrollo Integral de la Familia en Altamira, C.P. Rossy Luque de Mart\u00ednez, beneficiando con esto a 189 mujeres.<\/p>\n<p>En primer t\u00e9rmino, la C.P. Rossy Luque visit\u00f3 el CEDIF de la zona centro de la ciudad para saludar a sus 139 alumnas inscritas y hacer la entrega oficial de 15 m\u00e1quinas de coser, una plancha de vapor semi industrial, un burro de planchar semi industrial, as\u00ed como dos espejos para el taller de corte y confecci\u00f3n de corseter\u00eda, lencer\u00eda, bolsas y mochilas.<\/p>\n<blockquote><p>Durante este bondadoso acto, Luque de Mart\u00ednez mencion\u00f3; \u201cla intenci\u00f3n es que cuenten con insumos de primera calidad que les ayuden a desarrollar un aprendizaje importante para que el d\u00eda de ma\u00f1ana puedan generar ingresos, queremos empoderarlas para que establezcan su propia empresa y sean due\u00f1as de su tiempo\u201d.<\/p><\/blockquote>\n<p>Indic\u00f3 que el rubro de atenci\u00f3n a la mujer es uno de los m\u00e1s sensibles de entre los ejes de trabajo que se atienden dentro del organismo que preside.<\/p>\n<p>Toda vez que acot\u00f3 que muestra de ello es el lanzamiento de la \u201cCasa Violeta\u201d, un recinto seguro en el que mujeres v\u00edctimas de violencia pueden ser atendidas de manera integral, siendo esto un claro ejemplo del trabajo sobre esta misma l\u00ednea.<\/p>\n<p>Al t\u00e9rmino de esta visita, la presidenta se aperson\u00f3 en el CEDIF Monte Alto para de igual manera respaldar la educaci\u00f3n de sus 50 alumnas con la entrega de 3 secadoras y 3 planchas para el cabello, 3 lava cabezas, una silla de corte de cabello infantil, una silla de corte de cabello para adulto y 2 carritos auxiliares que ser\u00e1n empleados en el taller de belleza, mientras que para el taller de corte y confecci\u00f3n fueron obsequiados 3 m\u00e1quinas de coser, 2 over took, un burro de planchar semi industrial, una plancha de vapor semi industrial as\u00ed como 2 espejos.<\/p>\n<p>Concluy\u00f3 su gira por los CEDIF Rossy Luque subrayando que continuar\u00e1n trabajando en dotar a la mujer altamirense de conocimientos pr\u00e1cticos que fomenten en ellas el esp\u00edritu del emprendedurismo.<\/p>\n\n\t\t\t<style type='text\/css'>\n\t\t\t\t#sc_gallery-1 {\n\t\t\t\t\tmargin: auto;\n\t\t\t\t}\n\t\t\t\t#sc_gallery-1 .gallery-item {\n\t\t\t\t\tfloat: left;\n\t\t\t\t\ttext-align: center;\n\t\t\t\t\twidth: 33.33%;\n\t\t\t\t}\n\t\t\t\t#sc_gallery-1 img {\n\t\t\t\t\tborder: 2px solid #cfcfcf;\n\t\t\t\t}\n\t\t\t\t\/* see sc_gallery() in functions\/theme-shortcodes.php *\/\n\t\t\t<\/style>\n\t\t<div id='sc_gallery-1' class='gallery galleryid-1762 gallery-columns-3 gallery-size-thumbnail file gallery-default'><dl class='gallery-item' data-title='respalda-dif-mujeres-emprendedoras-con-equipo-01' data-description=''><div class='gallery-item-wrapper'>\n\t\t\t\t<dt class='gallery-icon landscape'>\n\t\t\t\t\t<a href='https:\/\/difaltamira.gob.mx\/2021-2024\/wp-content\/uploads\/2023\/12\/respalda-dif-mujeres-emprendedoras-con-equipo-01.jpg'><img fetchpriority=\"high\" decoding=\"async\" width=\"300\" height=\"300\" src=\"https:\/\/difaltamira.gob.mx\/2021-2024\/wp-content\/uploads\/2023\/12\/respalda-dif-mujeres-emprendedoras-con-equipo-01-300x300.jpg\" class=\"attachment-thumbnail size-thumbnail\" alt=\"\" srcset=\"https:\/\/difaltamira.gob.mx\/2021-2024\/wp-content\/uploads\/2023\/12\/respalda-dif-mujeres-emprendedoras-con-equipo-01-300x300.jpg 300w, https:\/\/difaltamira.gob.mx\/2021-2024\/wp-content\/uploads\/2023\/12\/respalda-dif-mujeres-emprendedoras-con-equipo-01-85x85.jpg 85w, https:\/\/difaltamira.gob.mx\/2021-2024\/wp-content\/uploads\/2023\/12\/respalda-dif-mujeres-emprendedoras-con-equipo-01-80x80.jpg 80w\" sizes=\"(max-width:767px) 300px, 300px\" \/><\/a>\n\t\t\t\t<\/dt><\/div><\/dl><dl class='gallery-item' data-title='respalda-dif-mujeres-emprendedoras-con-equipo-02' data-description=''><div class='gallery-item-wrapper'>\n\t\t\t\t<dt class='gallery-icon landscape'>\n\t\t\t\t\t<a href='https:\/\/difaltamira.gob.mx\/2021-2024\/wp-content\/uploads\/2023\/12\/respalda-dif-mujeres-emprendedoras-con-equipo-02.jpg'><img decoding=\"async\" width=\"300\" height=\"300\" src=\"https:\/\/difaltamira.gob.mx\/2021-2024\/wp-content\/uploads\/2023\/12\/respalda-dif-mujeres-emprendedoras-con-equipo-02-300x300.jpg\" class=\"attachment-thumbnail size-thumbnail\" alt=\"\" srcset=\"https:\/\/difaltamira.gob.mx\/2021-2024\/wp-content\/uploads\/2023\/12\/respalda-dif-mujeres-emprendedoras-con-equipo-02-300x300.jpg 300w, https:\/\/difaltamira.gob.mx\/2021-2024\/wp-content\/uploads\/2023\/12\/respalda-dif-mujeres-emprendedoras-con-equipo-02-85x85.jpg 85w, https:\/\/difaltamira.gob.mx\/2021-2024\/wp-content\/uploads\/2023\/12\/respalda-dif-mujeres-emprendedoras-con-equipo-02-80x80.jpg 80w\" sizes=\"(max-width:767px) 300px, 300px\" \/><\/a>\n\t\t\t\t<\/dt><\/div><\/dl><dl class='gallery-item' data-title='respalda-dif-mujeres-emprendedoras-con-equipo-03' data-description=''><div class='gallery-item-wrapper'>\n\t\t\t\t<dt class='gallery-icon landscape'>\n\t\t\t\t\t<a href='https:\/\/difaltamira.gob.mx\/2021-2024\/wp-content\/uploads\/2023\/12\/respalda-dif-mujeres-emprendedoras-con-equipo-03.jpg'><img decoding=\"async\" width=\"300\" height=\"300\" src=\"https:\/\/difaltamira.gob.mx\/2021-2024\/wp-content\/uploads\/2023\/12\/respalda-dif-mujeres-emprendedoras-con-equipo-03-300x300.jpg\" class=\"attachment-thumbnail size-thumbnail\" alt=\"\" srcset=\"https:\/\/difaltamira.gob.mx\/2021-2024\/wp-content\/uploads\/2023\/12\/respalda-dif-mujeres-emprendedoras-con-equipo-03-300x300.jpg 300w, https:\/\/difaltamira.gob.mx\/2021-2024\/wp-content\/uploads\/2023\/12\/respalda-dif-mujeres-emprendedoras-con-equipo-03-85x85.jpg 85w, https:\/\/difaltamira.gob.mx\/2021-2024\/wp-content\/uploads\/2023\/12\/respalda-dif-mujeres-emprendedoras-con-equipo-03-80x80.jpg 80w\" sizes=\"(max-width:767px) 300px, 300px\" \/><\/a>\n\t\t\t\t<\/dt><\/div><\/dl><br style=\"clear: both\" \/><dl class='gallery-item' data-title='respalda-dif-mujeres-emprendedoras-con-equipo-04' data-description=''><div class='gallery-item-wrapper'>\n\t\t\t\t<dt class='gallery-icon landscape'>\n\t\t\t\t\t<a href='https:\/\/difaltamira.gob.mx\/2021-2024\/wp-content\/uploads\/2023\/12\/respalda-dif-mujeres-emprendedoras-con-equipo-04.jpg'><img loading=\"lazy\" decoding=\"async\" width=\"300\" height=\"300\" src=\"https:\/\/difaltamira.gob.mx\/2021-2024\/wp-content\/uploads\/2023\/12\/respalda-dif-mujeres-emprendedoras-con-equipo-04-300x300.jpg\" class=\"attachment-thumbnail size-thumbnail\" alt=\"\" srcset=\"https:\/\/difaltamira.gob.mx\/2021-2024\/wp-content\/uploads\/2023\/12\/respalda-dif-mujeres-emprendedoras-con-equipo-04-300x300.jpg 300w, https:\/\/difaltamira.gob.mx\/2021-2024\/wp-content\/uploads\/2023\/12\/respalda-dif-mujeres-emprendedoras-con-equipo-04-85x85.jpg 85w, https:\/\/difaltamira.gob.mx\/2021-2024\/wp-content\/uploads\/2023\/12\/respalda-dif-mujeres-emprendedoras-con-equipo-04-80x80.jpg 80w\" sizes=\"(max-width:767px) 300px, 300px\" \/><\/a>\n\t\t\t\t<\/dt><\/div><\/dl><dl class='gallery-item' data-title='respalda-dif-mujeres-emprendedoras-con-equipo-05' data-description=''><div class='gallery-item-wrapper'>\n\t\t\t\t<dt class='gallery-icon landscape'>\n\t\t\t\t\t<a href='https:\/\/difaltamira.gob.mx\/2021-2024\/wp-content\/uploads\/2023\/12\/respalda-dif-mujeres-emprendedoras-con-equipo-05.jpg'><img loading=\"lazy\" decoding=\"async\" width=\"300\" height=\"300\" src=\"https:\/\/difaltamira.gob.mx\/2021-2024\/wp-content\/uploads\/2023\/12\/respalda-dif-mujeres-emprendedoras-con-equipo-05-300x300.jpg\" class=\"attachment-thumbnail size-thumbnail\" alt=\"\" srcset=\"https:\/\/difaltamira.gob.mx\/2021-2024\/wp-content\/uploads\/2023\/12\/respalda-dif-mujeres-emprendedoras-con-equipo-05-300x300.jpg 300w, https:\/\/difaltamira.gob.mx\/2021-2024\/wp-content\/uploads\/2023\/12\/respalda-dif-mujeres-emprendedoras-con-equipo-05-85x85.jpg 85w, https:\/\/difaltamira.gob.mx\/2021-2024\/wp-content\/uploads\/2023\/12\/respalda-dif-mujeres-emprendedoras-con-equipo-05-80x80.jpg 80w\" sizes=\"(max-width:767px) 300px, 300px\" \/><\/a>\n\t\t\t\t<\/dt><\/div><\/dl>\n\t\t\t\t<br style='clear: both' \/>\n\t\t\t<\/div>\n\n","protected":false},"excerpt":{"rendered":"<p>La presidenta del organismo, C.P. Rossy Luque de Mart\u00ednez entreg\u00f3 equipamiento para las alumnas de los diversos talleres que se ofrecen en los Centros de Desarrollo<span class=\"excerpt-hellip\"> [\u2026]<\/span><\/p>\n","protected":false},"author":2,"featured_media":1767,"comment_status":"open","ping_status":"open","sticky":false,"template":"","format":"standard","meta":{"footnotes":""},"categories":[5],"tags":[],"class_list":["post-1762","post","type-post","status-publish","format-standard","has-post-thumbnail","hentry","category-dif-altamira"],"_links":{"self":[{"href":"https:\/\/difaltamira.gob.mx\/2021-2024\/wp-json\/wp\/v2\/posts\/1762","targetHints":{"allow":["GET"]}}],"collection":[{"href":"https:\/\/difaltamira.gob.mx\/2021-2024\/wp-json\/wp\/v2\/posts"}],"about":[{"href":"https:\/\/difaltamira.gob.mx\/2021-2024\/wp-json\/wp\/v2\/types\/post"}],"author":[{"embeddable":true,"href":"https:\/\/difaltamira.gob.mx\/2021-2024\/wp-json\/wp\/v2\/users\/2"}],"replies":[{"embeddable":true,"href":"https:\/\/difaltamira.gob.mx\/2021-2024\/wp-json\/wp\/v2\/comments?post=1762"}],"version-history":[{"count":1,"href":"https:\/\/difaltamira.gob.mx\/2021-2024\/wp-json\/wp\/v2\/posts\/1762\/revisions"}],"predecessor-version":[{"id":1768,"href":"https:\/\/difaltamira.gob.mx\/2021-2024\/wp-json\/wp\/v2\/posts\/1762\/revisions\/1768"}],"wp:featuredmedia":[{"embeddable":true,"href":"https:\/\/difaltamira.gob.mx\/2021-2024\/wp-json\/wp\/v2\/media\/1767"}],"wp:attachment":[{"href":"https:\/\/difaltamira.gob.mx\/2021-2024\/wp-json\/wp\/v2\/media?parent=1762"}],"wp:term":[{"taxonomy":"category","embeddable":true,"href":"https:\/\/difaltamira.gob.mx\/2021-2024\/wp-json\/wp\/v2\/categories?post=1762"},{"taxonomy":"post_tag","embeddable":true,"href":"https:\/\/difaltamira.gob.mx\/2021-2024\/wp-json\/wp\/v2\/tags?post=1762"}],"curies":[{"name":"wp","href":"https:\/\/api.w.org\/{rel}","templated":true}]}}