{"id":1755,"date":"2023-11-03T10:15:22","date_gmt":"2023-11-03T16:15:22","guid":{"rendered":"https:\/\/difaltamira.gob.mx\/2021-2024\/?p=1755"},"modified":"2023-12-18T13:20:10","modified_gmt":"2023-12-18T19:20:10","slug":"sistema-dif-altamira-se-sensibiliza-con-personas-con-discapacidad-a-traves-de-entrega-de-credenciales","status":"publish","type":"post","link":"https:\/\/difaltamira.gob.mx\/2021-2024\/2023\/11\/03\/sistema-dif-altamira-se-sensibiliza-con-personas-con-discapacidad-a-traves-de-entrega-de-credenciales\/","title":{"rendered":"Sistema DIF Altamira se sensibiliza con personas con discapacidad a trav\u00e9s de entrega de credenciales"},"content":{"rendered":"<h2>En un emotivo evento celebrado en las canchas del MECED de la zona centro de la ciudad, se llev\u00f3 a cabo la entrega de 143 Credenciales de Discapacidad, un respaldo significativo en la atenci\u00f3n a las personas con discapacidad en la urbe. La ceremonia fue gestada gracias a una importante colaboraci\u00f3n entre el Sistema DIF Nacional, el Sistema DIF Estatal, dirigido por la Dra. Mar\u00eda de Villarreal, y el Sistema DIF de Altamira, que preside la C.P. Rossy Luque de Mart\u00ednez.<\/h2>\n<p>La titular del organismo altamirense, destac\u00f3 durante esta entrega su firme compromiso con el apoyo a aquellas personas que padecen discapacidad.<\/p>\n<p>Se hizo menci\u00f3n que estas credenciales, adem\u00e1s de brindar una identificaci\u00f3n oficial, ofrecen beneficios sustanciales a sus titulares, como descuentos en pasajes de la l\u00ednea ADO, \u00d3mnibus y ventajas en establecimientos, incluyendo farmacias que otorgan descuentos de un 5 % hasta un 10%.<\/p>\n<blockquote><p>Durante su discurso, Rossy Luque expres\u00f3; \u201choy estamos haciendo la entrega de 143 credenciales para personas con discapacidad en sinergia con DIF Nacional y Estatal para atender a toda la poblaci\u00f3n que padece alguna discapacidad ya sea visual, auditiva, neuromotora, psicosocial e intelectual\u201d.<\/p><\/blockquote>\n<p>Asegur\u00f3 que para el organismo que dirige, ha quedado claro que este eje de atenci\u00f3n es una prioridad, y que seguir\u00e1n trabajando para lograr mayor inclusi\u00f3n social y mejorar las condiciones de vida de quienes cuentan con alguna limitante visual, motriz o neurol\u00f3gica.<\/p>\n<p>Cabe hacer menci\u00f3n que quienes deseen tramitar alguna de estas credenciales, deber\u00e1n visitar las oficinas generales del Sistema DIF Altamira ubicadas en Calle Quintero No. 18 de la zona centro de la ciudad, y llevar consigo la siguiente documentaci\u00f3n: Acta de nacimiento del paciente, CURP del paciente, Comprobante de domicilio, Dos fotograf\u00edas tama\u00f1o infantil recientes, Certificado de discapacidad o constancia, CURP e INE de la madre o tutor en caso de ser menor de edad, o que el paciente presente alguna discapacidad intelectual.<\/p>\n\n\t\t\t<style type='text\/css'>\n\t\t\t\t#sc_gallery-1 {\n\t\t\t\t\tmargin: auto;\n\t\t\t\t}\n\t\t\t\t#sc_gallery-1 .gallery-item {\n\t\t\t\t\tfloat: left;\n\t\t\t\t\ttext-align: center;\n\t\t\t\t\twidth: 33.33%;\n\t\t\t\t}\n\t\t\t\t#sc_gallery-1 img {\n\t\t\t\t\tborder: 2px solid #cfcfcf;\n\t\t\t\t}\n\t\t\t\t\/* see sc_gallery() in functions\/theme-shortcodes.php *\/\n\t\t\t<\/style>\n\t\t<div id='sc_gallery-1' class='gallery galleryid-1755 gallery-columns-3 gallery-size-thumbnail file gallery-default'><dl class='gallery-item' data-title='sistema-dif-entrega-credenciales-01' data-description=''><div class='gallery-item-wrapper'>\n\t\t\t\t<dt class='gallery-icon landscape'>\n\t\t\t\t\t<a href='https:\/\/difaltamira.gob.mx\/2021-2024\/wp-content\/uploads\/2023\/12\/sistema-dif-entrega-credenciales-01.jpg'><img fetchpriority=\"high\" decoding=\"async\" width=\"300\" height=\"300\" src=\"https:\/\/difaltamira.gob.mx\/2021-2024\/wp-content\/uploads\/2023\/12\/sistema-dif-entrega-credenciales-01-300x300.jpg\" class=\"attachment-thumbnail size-thumbnail\" alt=\"\" srcset=\"https:\/\/difaltamira.gob.mx\/2021-2024\/wp-content\/uploads\/2023\/12\/sistema-dif-entrega-credenciales-01-300x300.jpg 300w, https:\/\/difaltamira.gob.mx\/2021-2024\/wp-content\/uploads\/2023\/12\/sistema-dif-entrega-credenciales-01-85x85.jpg 85w, https:\/\/difaltamira.gob.mx\/2021-2024\/wp-content\/uploads\/2023\/12\/sistema-dif-entrega-credenciales-01-80x80.jpg 80w\" sizes=\"(max-width:767px) 300px, 300px\" \/><\/a>\n\t\t\t\t<\/dt><\/div><\/dl><dl class='gallery-item' data-title='sistema-dif-entrega-credenciales-02' data-description=''><div class='gallery-item-wrapper'>\n\t\t\t\t<dt class='gallery-icon landscape'>\n\t\t\t\t\t<a href='https:\/\/difaltamira.gob.mx\/2021-2024\/wp-content\/uploads\/2023\/12\/sistema-dif-entrega-credenciales-02.jpg'><img decoding=\"async\" width=\"300\" height=\"300\" src=\"https:\/\/difaltamira.gob.mx\/2021-2024\/wp-content\/uploads\/2023\/12\/sistema-dif-entrega-credenciales-02-300x300.jpg\" class=\"attachment-thumbnail size-thumbnail\" alt=\"\" srcset=\"https:\/\/difaltamira.gob.mx\/2021-2024\/wp-content\/uploads\/2023\/12\/sistema-dif-entrega-credenciales-02-300x300.jpg 300w, https:\/\/difaltamira.gob.mx\/2021-2024\/wp-content\/uploads\/2023\/12\/sistema-dif-entrega-credenciales-02-85x85.jpg 85w, https:\/\/difaltamira.gob.mx\/2021-2024\/wp-content\/uploads\/2023\/12\/sistema-dif-entrega-credenciales-02-80x80.jpg 80w\" sizes=\"(max-width:767px) 300px, 300px\" \/><\/a>\n\t\t\t\t<\/dt><\/div><\/dl><dl class='gallery-item' data-title='sistema-dif-entrega-credenciales-03' data-description=''><div class='gallery-item-wrapper'>\n\t\t\t\t<dt class='gallery-icon portrait'>\n\t\t\t\t\t<a href='https:\/\/difaltamira.gob.mx\/2021-2024\/wp-content\/uploads\/2023\/12\/sistema-dif-entrega-credenciales-03.jpg'><img decoding=\"async\" width=\"300\" height=\"300\" src=\"https:\/\/difaltamira.gob.mx\/2021-2024\/wp-content\/uploads\/2023\/12\/sistema-dif-entrega-credenciales-03-300x300.jpg\" class=\"attachment-thumbnail size-thumbnail\" alt=\"\" srcset=\"https:\/\/difaltamira.gob.mx\/2021-2024\/wp-content\/uploads\/2023\/12\/sistema-dif-entrega-credenciales-03-300x300.jpg 300w, https:\/\/difaltamira.gob.mx\/2021-2024\/wp-content\/uploads\/2023\/12\/sistema-dif-entrega-credenciales-03-85x85.jpg 85w, https:\/\/difaltamira.gob.mx\/2021-2024\/wp-content\/uploads\/2023\/12\/sistema-dif-entrega-credenciales-03-80x80.jpg 80w\" sizes=\"(max-width:767px) 300px, 300px\" \/><\/a>\n\t\t\t\t<\/dt><\/div><\/dl><br style=\"clear: both\" \/><dl class='gallery-item' data-title='sistema-dif-entrega-credenciales-04' data-description=''><div class='gallery-item-wrapper'>\n\t\t\t\t<dt class='gallery-icon landscape'>\n\t\t\t\t\t<a href='https:\/\/difaltamira.gob.mx\/2021-2024\/wp-content\/uploads\/2023\/12\/sistema-dif-entrega-credenciales-04.jpg'><img loading=\"lazy\" decoding=\"async\" width=\"300\" height=\"300\" src=\"https:\/\/difaltamira.gob.mx\/2021-2024\/wp-content\/uploads\/2023\/12\/sistema-dif-entrega-credenciales-04-300x300.jpg\" class=\"attachment-thumbnail size-thumbnail\" alt=\"\" srcset=\"https:\/\/difaltamira.gob.mx\/2021-2024\/wp-content\/uploads\/2023\/12\/sistema-dif-entrega-credenciales-04-300x300.jpg 300w, https:\/\/difaltamira.gob.mx\/2021-2024\/wp-content\/uploads\/2023\/12\/sistema-dif-entrega-credenciales-04-85x85.jpg 85w, https:\/\/difaltamira.gob.mx\/2021-2024\/wp-content\/uploads\/2023\/12\/sistema-dif-entrega-credenciales-04-80x80.jpg 80w\" sizes=\"(max-width:767px) 300px, 300px\" \/><\/a>\n\t\t\t\t<\/dt><\/div><\/dl><dl class='gallery-item' data-title='sistema-dif-entrega-credenciales-05' data-description=''><div class='gallery-item-wrapper'>\n\t\t\t\t<dt class='gallery-icon landscape'>\n\t\t\t\t\t<a href='https:\/\/difaltamira.gob.mx\/2021-2024\/wp-content\/uploads\/2023\/12\/sistema-dif-entrega-credenciales-05.jpg'><img loading=\"lazy\" decoding=\"async\" width=\"300\" height=\"300\" src=\"https:\/\/difaltamira.gob.mx\/2021-2024\/wp-content\/uploads\/2023\/12\/sistema-dif-entrega-credenciales-05-300x300.jpg\" class=\"attachment-thumbnail size-thumbnail\" alt=\"\" srcset=\"https:\/\/difaltamira.gob.mx\/2021-2024\/wp-content\/uploads\/2023\/12\/sistema-dif-entrega-credenciales-05-300x300.jpg 300w, https:\/\/difaltamira.gob.mx\/2021-2024\/wp-content\/uploads\/2023\/12\/sistema-dif-entrega-credenciales-05-85x85.jpg 85w, https:\/\/difaltamira.gob.mx\/2021-2024\/wp-content\/uploads\/2023\/12\/sistema-dif-entrega-credenciales-05-80x80.jpg 80w\" sizes=\"(max-width:767px) 300px, 300px\" \/><\/a>\n\t\t\t\t<\/dt><\/div><\/dl>\n\t\t\t\t<br style='clear: both' \/>\n\t\t\t<\/div>\n\n","protected":false},"excerpt":{"rendered":"<p>En un emotivo evento celebrado en las canchas del MECED de la zona centro de la ciudad, se llev\u00f3 a cabo la entrega de 143 Credenciales<span class=\"excerpt-hellip\"> [\u2026]<\/span><\/p>\n","protected":false},"author":2,"featured_media":1758,"comment_status":"open","ping_status":"open","sticky":false,"template":"","format":"standard","meta":{"footnotes":""},"categories":[5],"tags":[],"class_list":["post-1755","post","type-post","status-publish","format-standard","has-post-thumbnail","hentry","category-dif-altamira"],"_links":{"self":[{"href":"https:\/\/difaltamira.gob.mx\/2021-2024\/wp-json\/wp\/v2\/posts\/1755","targetHints":{"allow":["GET"]}}],"collection":[{"href":"https:\/\/difaltamira.gob.mx\/2021-2024\/wp-json\/wp\/v2\/posts"}],"about":[{"href":"https:\/\/difaltamira.gob.mx\/2021-2024\/wp-json\/wp\/v2\/types\/post"}],"author":[{"embeddable":true,"href":"https:\/\/difaltamira.gob.mx\/2021-2024\/wp-json\/wp\/v2\/users\/2"}],"replies":[{"embeddable":true,"href":"https:\/\/difaltamira.gob.mx\/2021-2024\/wp-json\/wp\/v2\/comments?post=1755"}],"version-history":[{"count":1,"href":"https:\/\/difaltamira.gob.mx\/2021-2024\/wp-json\/wp\/v2\/posts\/1755\/revisions"}],"predecessor-version":[{"id":1761,"href":"https:\/\/difaltamira.gob.mx\/2021-2024\/wp-json\/wp\/v2\/posts\/1755\/revisions\/1761"}],"wp:featuredmedia":[{"embeddable":true,"href":"https:\/\/difaltamira.gob.mx\/2021-2024\/wp-json\/wp\/v2\/media\/1758"}],"wp:attachment":[{"href":"https:\/\/difaltamira.gob.mx\/2021-2024\/wp-json\/wp\/v2\/media?parent=1755"}],"wp:term":[{"taxonomy":"category","embeddable":true,"href":"https:\/\/difaltamira.gob.mx\/2021-2024\/wp-json\/wp\/v2\/categories?post=1755"},{"taxonomy":"post_tag","embeddable":true,"href":"https:\/\/difaltamira.gob.mx\/2021-2024\/wp-json\/wp\/v2\/tags?post=1755"}],"curies":[{"name":"wp","href":"https:\/\/api.w.org\/{rel}","templated":true}]}}