{"id":1735,"date":"2023-10-26T16:28:10","date_gmt":"2023-10-26T22:28:10","guid":{"rendered":"https:\/\/difaltamira.gob.mx\/2021-2024\/?p=1735"},"modified":"2023-12-13T12:58:08","modified_gmt":"2023-12-13T18:58:08","slug":"conmemora-sistema-dif-el-dia-del-medico-con-amena-convivencia","status":"publish","type":"post","link":"https:\/\/difaltamira.gob.mx\/2021-2024\/2023\/10\/26\/conmemora-sistema-dif-el-dia-del-medico-con-amena-convivencia\/","title":{"rendered":"Conmemora Sistema DIF el d\u00eda del m\u00e9dico con amena convivencia"},"content":{"rendered":"<h2>Con una emotiva celebraci\u00f3n, el Sistema para el Desarrollo Integral de la Familia (DIF) en Altamira conmemor\u00f3 el D\u00eda del M\u00e9dico. La actividad estuvo marcada por una amena comida que tuvo lugar en la Palapa del Champay\u00e1n y organizada especialmente para el personal dedicado al \u00e1rea de la salud de la administraci\u00f3n local. Durante este evento, se rindi\u00f3 homenaje a los m\u00e9dicos por su compromiso y dedicaci\u00f3n en el cuidado de la salud de la comunidad, cumpliendo su labor con el coraz\u00f3n.<\/h2>\n<p>El acto en cuesti\u00f3n estuvo presidido por la presidenta del organismo, C.P. Rossy Luque de Mart\u00ednez, quien junto a su esposo, el alcalde altamirense Dr. Armando Mart\u00ednez Manr\u00edquez reconoci\u00f3 la val\u00eda de los m\u00e9dicos.<\/p>\n<p>El mun\u00edcipe expres\u00f3 su profundo reconocimiento a los m\u00e9dicos generales y especialistas por su extraordinario trabajo en la salvaguardia de la salud y el bienestar de la poblaci\u00f3n. Destac\u00f3 que estos profesionales son verdaderos mensajeros de paz y justicia social, y que su compromiso ha permitido brindar atenci\u00f3n m\u00e9dica gratuita en las cl\u00ednicas de las zonas centro y norte, as\u00ed como en las casas de salud con las que cuenta el Sistema DIF.<\/p>\n<p>Por su parte, Rossy Luque enfatiz\u00f3 que los m\u00e9dicos entregan su vida con valent\u00eda y empe\u00f1o para aliviar el sufrimiento de los dem\u00e1s. Agradeci\u00f3 a estos profesionales por su pasi\u00f3n y dedicaci\u00f3n en su trabajo, que ha ganado un merecido reconocimiento social, y concluy\u00f3 expresando que su presencia y entrega son un regalo invaluable para la comunidad.<\/p>\n<p>Este evento conmemorativo reflej\u00f3 el aprecio y gratitud del Sistema DIF y el Gobierno Municipal hacia los m\u00e9dicos que desempe\u00f1an un papel fundamental en la promoci\u00f3n y preservaci\u00f3n de la salud en Altamira.<\/p>\n\n\t\t\t<style type='text\/css'>\n\t\t\t\t#sc_gallery-1 {\n\t\t\t\t\tmargin: auto;\n\t\t\t\t}\n\t\t\t\t#sc_gallery-1 .gallery-item {\n\t\t\t\t\tfloat: left;\n\t\t\t\t\ttext-align: center;\n\t\t\t\t\twidth: 33.33%;\n\t\t\t\t}\n\t\t\t\t#sc_gallery-1 img {\n\t\t\t\t\tborder: 2px solid #cfcfcf;\n\t\t\t\t}\n\t\t\t\t\/* see sc_gallery() in functions\/theme-shortcodes.php *\/\n\t\t\t<\/style>\n\t\t<div id='sc_gallery-1' class='gallery galleryid-1735 gallery-columns-3 gallery-size-thumbnail file gallery-default'><dl class='gallery-item' data-title='conmemora-sistema-dif-el-dia-del-medico-con-amena-convivencia-01' data-description=''><div class='gallery-item-wrapper'>\n\t\t\t\t<dt class='gallery-icon landscape'>\n\t\t\t\t\t<a href='https:\/\/difaltamira.gob.mx\/2021-2024\/wp-content\/uploads\/2023\/12\/conmemora-sistema-dif-el-dia-del-medico-con-amena-convivencia-01.jpeg'><img fetchpriority=\"high\" decoding=\"async\" width=\"300\" height=\"300\" src=\"https:\/\/difaltamira.gob.mx\/2021-2024\/wp-content\/uploads\/2023\/12\/conmemora-sistema-dif-el-dia-del-medico-con-amena-convivencia-01-300x300.jpeg\" class=\"attachment-thumbnail size-thumbnail\" alt=\"\" srcset=\"https:\/\/difaltamira.gob.mx\/2021-2024\/wp-content\/uploads\/2023\/12\/conmemora-sistema-dif-el-dia-del-medico-con-amena-convivencia-01-300x300.jpeg 300w, https:\/\/difaltamira.gob.mx\/2021-2024\/wp-content\/uploads\/2023\/12\/conmemora-sistema-dif-el-dia-del-medico-con-amena-convivencia-01-85x85.jpeg 85w, https:\/\/difaltamira.gob.mx\/2021-2024\/wp-content\/uploads\/2023\/12\/conmemora-sistema-dif-el-dia-del-medico-con-amena-convivencia-01-80x80.jpeg 80w\" sizes=\"(max-width:767px) 300px, 300px\" \/><\/a>\n\t\t\t\t<\/dt><\/div><\/dl><dl class='gallery-item' data-title='conmemora-sistema-dif-el-dia-del-medico-con-amena-convivencia-02' data-description=''><div class='gallery-item-wrapper'>\n\t\t\t\t<dt class='gallery-icon landscape'>\n\t\t\t\t\t<a href='https:\/\/difaltamira.gob.mx\/2021-2024\/wp-content\/uploads\/2023\/12\/conmemora-sistema-dif-el-dia-del-medico-con-amena-convivencia-02.jpeg'><img decoding=\"async\" width=\"300\" height=\"300\" src=\"https:\/\/difaltamira.gob.mx\/2021-2024\/wp-content\/uploads\/2023\/12\/conmemora-sistema-dif-el-dia-del-medico-con-amena-convivencia-02-300x300.jpeg\" class=\"attachment-thumbnail size-thumbnail\" alt=\"\" srcset=\"https:\/\/difaltamira.gob.mx\/2021-2024\/wp-content\/uploads\/2023\/12\/conmemora-sistema-dif-el-dia-del-medico-con-amena-convivencia-02-300x300.jpeg 300w, https:\/\/difaltamira.gob.mx\/2021-2024\/wp-content\/uploads\/2023\/12\/conmemora-sistema-dif-el-dia-del-medico-con-amena-convivencia-02-85x85.jpeg 85w, https:\/\/difaltamira.gob.mx\/2021-2024\/wp-content\/uploads\/2023\/12\/conmemora-sistema-dif-el-dia-del-medico-con-amena-convivencia-02-80x80.jpeg 80w\" sizes=\"(max-width:767px) 300px, 300px\" \/><\/a>\n\t\t\t\t<\/dt><\/div><\/dl><dl class='gallery-item' data-title='conmemora-sistema-dif-el-dia-del-medico-con-amena-convivencia-03' data-description=''><div class='gallery-item-wrapper'>\n\t\t\t\t<dt class='gallery-icon landscape'>\n\t\t\t\t\t<a href='https:\/\/difaltamira.gob.mx\/2021-2024\/wp-content\/uploads\/2023\/12\/conmemora-sistema-dif-el-dia-del-medico-con-amena-convivencia-03.jpeg'><img decoding=\"async\" width=\"300\" height=\"300\" src=\"https:\/\/difaltamira.gob.mx\/2021-2024\/wp-content\/uploads\/2023\/12\/conmemora-sistema-dif-el-dia-del-medico-con-amena-convivencia-03-300x300.jpeg\" class=\"attachment-thumbnail size-thumbnail\" alt=\"\" srcset=\"https:\/\/difaltamira.gob.mx\/2021-2024\/wp-content\/uploads\/2023\/12\/conmemora-sistema-dif-el-dia-del-medico-con-amena-convivencia-03-300x300.jpeg 300w, https:\/\/difaltamira.gob.mx\/2021-2024\/wp-content\/uploads\/2023\/12\/conmemora-sistema-dif-el-dia-del-medico-con-amena-convivencia-03-85x85.jpeg 85w, https:\/\/difaltamira.gob.mx\/2021-2024\/wp-content\/uploads\/2023\/12\/conmemora-sistema-dif-el-dia-del-medico-con-amena-convivencia-03-80x80.jpeg 80w\" sizes=\"(max-width:767px) 300px, 300px\" \/><\/a>\n\t\t\t\t<\/dt><\/div><\/dl><br style=\"clear: both\" \/><dl class='gallery-item' data-title='conmemora-sistema-dif-el-dia-del-medico-con-amena-convivencia-04' data-description=''><div class='gallery-item-wrapper'>\n\t\t\t\t<dt class='gallery-icon landscape'>\n\t\t\t\t\t<a href='https:\/\/difaltamira.gob.mx\/2021-2024\/wp-content\/uploads\/2023\/12\/conmemora-sistema-dif-el-dia-del-medico-con-amena-convivencia-04.jpeg'><img loading=\"lazy\" decoding=\"async\" width=\"300\" height=\"300\" src=\"https:\/\/difaltamira.gob.mx\/2021-2024\/wp-content\/uploads\/2023\/12\/conmemora-sistema-dif-el-dia-del-medico-con-amena-convivencia-04-300x300.jpeg\" class=\"attachment-thumbnail size-thumbnail\" alt=\"\" srcset=\"https:\/\/difaltamira.gob.mx\/2021-2024\/wp-content\/uploads\/2023\/12\/conmemora-sistema-dif-el-dia-del-medico-con-amena-convivencia-04-300x300.jpeg 300w, https:\/\/difaltamira.gob.mx\/2021-2024\/wp-content\/uploads\/2023\/12\/conmemora-sistema-dif-el-dia-del-medico-con-amena-convivencia-04-85x85.jpeg 85w, https:\/\/difaltamira.gob.mx\/2021-2024\/wp-content\/uploads\/2023\/12\/conmemora-sistema-dif-el-dia-del-medico-con-amena-convivencia-04-80x80.jpeg 80w\" sizes=\"(max-width:767px) 300px, 300px\" \/><\/a>\n\t\t\t\t<\/dt><\/div><\/dl><dl class='gallery-item' data-title='conmemora-sistema-dif-el-dia-del-medico-con-amena-convivencia-05' data-description=''><div class='gallery-item-wrapper'>\n\t\t\t\t<dt class='gallery-icon landscape'>\n\t\t\t\t\t<a href='https:\/\/difaltamira.gob.mx\/2021-2024\/wp-content\/uploads\/2023\/12\/conmemora-sistema-dif-el-dia-del-medico-con-amena-convivencia-05.jpeg'><img loading=\"lazy\" decoding=\"async\" width=\"300\" height=\"300\" src=\"https:\/\/difaltamira.gob.mx\/2021-2024\/wp-content\/uploads\/2023\/12\/conmemora-sistema-dif-el-dia-del-medico-con-amena-convivencia-05-300x300.jpeg\" class=\"attachment-thumbnail size-thumbnail\" alt=\"\" srcset=\"https:\/\/difaltamira.gob.mx\/2021-2024\/wp-content\/uploads\/2023\/12\/conmemora-sistema-dif-el-dia-del-medico-con-amena-convivencia-05-300x300.jpeg 300w, https:\/\/difaltamira.gob.mx\/2021-2024\/wp-content\/uploads\/2023\/12\/conmemora-sistema-dif-el-dia-del-medico-con-amena-convivencia-05-85x85.jpeg 85w, https:\/\/difaltamira.gob.mx\/2021-2024\/wp-content\/uploads\/2023\/12\/conmemora-sistema-dif-el-dia-del-medico-con-amena-convivencia-05-80x80.jpeg 80w\" sizes=\"(max-width:767px) 300px, 300px\" \/><\/a>\n\t\t\t\t<\/dt><\/div><\/dl>\n\t\t\t\t<br style='clear: both' \/>\n\t\t\t<\/div>\n\n","protected":false},"excerpt":{"rendered":"<p>Con una emotiva celebraci\u00f3n, el Sistema para el Desarrollo Integral de la Familia (DIF) en Altamira conmemor\u00f3 el D\u00eda del M\u00e9dico. La actividad estuvo marcada por<span class=\"excerpt-hellip\"> [\u2026]<\/span><\/p>\n","protected":false},"author":2,"featured_media":1738,"comment_status":"open","ping_status":"open","sticky":false,"template":"","format":"standard","meta":{"footnotes":""},"categories":[5],"tags":[],"class_list":["post-1735","post","type-post","status-publish","format-standard","has-post-thumbnail","hentry","category-dif-altamira"],"_links":{"self":[{"href":"https:\/\/difaltamira.gob.mx\/2021-2024\/wp-json\/wp\/v2\/posts\/1735","targetHints":{"allow":["GET"]}}],"collection":[{"href":"https:\/\/difaltamira.gob.mx\/2021-2024\/wp-json\/wp\/v2\/posts"}],"about":[{"href":"https:\/\/difaltamira.gob.mx\/2021-2024\/wp-json\/wp\/v2\/types\/post"}],"author":[{"embeddable":true,"href":"https:\/\/difaltamira.gob.mx\/2021-2024\/wp-json\/wp\/v2\/users\/2"}],"replies":[{"embeddable":true,"href":"https:\/\/difaltamira.gob.mx\/2021-2024\/wp-json\/wp\/v2\/comments?post=1735"}],"version-history":[{"count":1,"href":"https:\/\/difaltamira.gob.mx\/2021-2024\/wp-json\/wp\/v2\/posts\/1735\/revisions"}],"predecessor-version":[{"id":1741,"href":"https:\/\/difaltamira.gob.mx\/2021-2024\/wp-json\/wp\/v2\/posts\/1735\/revisions\/1741"}],"wp:featuredmedia":[{"embeddable":true,"href":"https:\/\/difaltamira.gob.mx\/2021-2024\/wp-json\/wp\/v2\/media\/1738"}],"wp:attachment":[{"href":"https:\/\/difaltamira.gob.mx\/2021-2024\/wp-json\/wp\/v2\/media?parent=1735"}],"wp:term":[{"taxonomy":"category","embeddable":true,"href":"https:\/\/difaltamira.gob.mx\/2021-2024\/wp-json\/wp\/v2\/categories?post=1735"},{"taxonomy":"post_tag","embeddable":true,"href":"https:\/\/difaltamira.gob.mx\/2021-2024\/wp-json\/wp\/v2\/tags?post=1735"}],"curies":[{"name":"wp","href":"https:\/\/api.w.org\/{rel}","templated":true}]}}