{"id":1728,"date":"2023-10-25T16:00:38","date_gmt":"2023-10-25T22:00:38","guid":{"rendered":"https:\/\/difaltamira.gob.mx\/2021-2024\/?p=1728"},"modified":"2023-12-13T12:51:07","modified_gmt":"2023-12-13T18:51:07","slug":"sistema-dif-altamira-aliado-de-la-colecta-teleton-2023","status":"publish","type":"post","link":"https:\/\/difaltamira.gob.mx\/2021-2024\/2023\/10\/25\/sistema-dif-altamira-aliado-de-la-colecta-teleton-2023\/","title":{"rendered":"Sistema DIF Altamira, aliado de la colecta Telet\u00f3n 2023"},"content":{"rendered":"<h2>Una rueda de prensa fue llevada a cabo en las oficinas generales del Sistema DIF altamirense para dar a conocer los pormenores de la Colecta 2023 del Telet\u00f3n, actividad en la que particip\u00f3 activamente la presidenta del organismo municipal, C.P. Rossy Luque de Mart\u00ednez.<\/h2>\n<p>All\u00ed, mencion\u00f3 que el DIF a su cargo es un orgulloso aliado del Telet\u00f3n. Asimismo asegur\u00f3 que conf\u00eda en la voluntad de las familias altamirenses por apoyar esta causa y se pueda llegar a la meta en la colecta de este a\u00f1o.<\/p>\n<p>Rossy Luque destac\u00f3 al respecto \u201cqueremos tener una destacada participaci\u00f3n en el boteo y lograr una mayor recaudaci\u00f3n en beneficio de ni\u00f1as y ni\u00f1os tamaulipecos que se atienden en el CRIT del sur de la Entidad y de todo M\u00e9xico, por ello ponemos en marcha la Colecta Telet\u00f3n 2023\u201d.<\/p>\n<p>Cabe destacar que la meta prevista para Tamaulipas es de 2 millones de pesos, que se logra gracias a la colocaci\u00f3n de alcanc\u00edas y proyectos de recaudaci\u00f3n. Son 2,000 alcanc\u00edas que se distribuyen en Tamaulipas para poder alcanzar el objetivo, cada una con una meta de 750 pesos como m\u00ednimo y sumar con programas de recaudaci\u00f3n.<\/p>\n<p>Se inform\u00f3 que la campa\u00f1a finaliza el 16 de diciembre, fecha donde se har\u00e1 un gran evento a nivel nacional. La meta nacional es de $410 millones 473 mil 714 pesos.<\/p>\n<blockquote><p>\u201cBajo el lema &#8216;Orgullosamente Tercos&#8217;, seguimos comprometidos de coraz\u00f3n con el Telet\u00f3n siendo mensajeros de esperanza a trav\u00e9s de estas \u00e1nforas. Esto es algo maravilloso que nos da la oportunidad de participar en un movimiento que ha sido a lo largo de 25 a\u00f1os, un ejemplo de ayuda que ha brindado un gran beneficio para toda la sociedad\u201d, subray\u00f3 la presidenta del DIF.<\/p><\/blockquote>\n<p>Participaron en esta rueda de prensa de igual manera la C.P. Delia Margarita Orta Valles, directora general del Sistema DIF Altamira; la Lic. Flor Esther Pulido M\u00e9ndez, subdirectora de Alianzas Estrat\u00e9gicas y Procuraci\u00f3n de Fondos del CRIT; as\u00ed como el Dr. Jorge G\u00f3mez Hern\u00e1ndez, director m\u00e9dico del CRIT Tamaulipas.<\/p>\n\n\t\t\t<style type='text\/css'>\n\t\t\t\t#sc_gallery-1 {\n\t\t\t\t\tmargin: auto;\n\t\t\t\t}\n\t\t\t\t#sc_gallery-1 .gallery-item {\n\t\t\t\t\tfloat: left;\n\t\t\t\t\ttext-align: center;\n\t\t\t\t\twidth: 33.33%;\n\t\t\t\t}\n\t\t\t\t#sc_gallery-1 img {\n\t\t\t\t\tborder: 2px solid #cfcfcf;\n\t\t\t\t}\n\t\t\t\t\/* see sc_gallery() in functions\/theme-shortcodes.php *\/\n\t\t\t<\/style>\n\t\t<div id='sc_gallery-1' class='gallery galleryid-1728 gallery-columns-3 gallery-size-thumbnail file gallery-default'><dl class='gallery-item' data-title='sistema-dif-altamira-aliado-de-la-colecta-telet\u00f3n-2023-01' data-description=''><div class='gallery-item-wrapper'>\n\t\t\t\t<dt class='gallery-icon landscape'>\n\t\t\t\t\t<a href='https:\/\/difaltamira.gob.mx\/2021-2024\/wp-content\/uploads\/2023\/12\/sistema-dif-altamira-aliado-de-la-colecta-teleton-2023-01.jpeg'><img fetchpriority=\"high\" decoding=\"async\" width=\"300\" height=\"300\" src=\"https:\/\/difaltamira.gob.mx\/2021-2024\/wp-content\/uploads\/2023\/12\/sistema-dif-altamira-aliado-de-la-colecta-teleton-2023-01-300x300.jpeg\" class=\"attachment-thumbnail size-thumbnail\" alt=\"\" srcset=\"https:\/\/difaltamira.gob.mx\/2021-2024\/wp-content\/uploads\/2023\/12\/sistema-dif-altamira-aliado-de-la-colecta-teleton-2023-01-300x300.jpeg 300w, https:\/\/difaltamira.gob.mx\/2021-2024\/wp-content\/uploads\/2023\/12\/sistema-dif-altamira-aliado-de-la-colecta-teleton-2023-01-85x85.jpeg 85w, https:\/\/difaltamira.gob.mx\/2021-2024\/wp-content\/uploads\/2023\/12\/sistema-dif-altamira-aliado-de-la-colecta-teleton-2023-01-80x80.jpeg 80w\" sizes=\"(max-width:767px) 300px, 300px\" \/><\/a>\n\t\t\t\t<\/dt><\/div><\/dl><dl class='gallery-item' data-title='sistema-dif-altamira-aliado-de-la-colecta-telet\u00f3n-2023-02' data-description=''><div class='gallery-item-wrapper'>\n\t\t\t\t<dt class='gallery-icon landscape'>\n\t\t\t\t\t<a href='https:\/\/difaltamira.gob.mx\/2021-2024\/wp-content\/uploads\/2023\/12\/sistema-dif-altamira-aliado-de-la-colecta-teleton-2023-02.jpeg'><img decoding=\"async\" width=\"300\" height=\"300\" src=\"https:\/\/difaltamira.gob.mx\/2021-2024\/wp-content\/uploads\/2023\/12\/sistema-dif-altamira-aliado-de-la-colecta-teleton-2023-02-300x300.jpeg\" class=\"attachment-thumbnail size-thumbnail\" alt=\"\" srcset=\"https:\/\/difaltamira.gob.mx\/2021-2024\/wp-content\/uploads\/2023\/12\/sistema-dif-altamira-aliado-de-la-colecta-teleton-2023-02-300x300.jpeg 300w, https:\/\/difaltamira.gob.mx\/2021-2024\/wp-content\/uploads\/2023\/12\/sistema-dif-altamira-aliado-de-la-colecta-teleton-2023-02-85x85.jpeg 85w, https:\/\/difaltamira.gob.mx\/2021-2024\/wp-content\/uploads\/2023\/12\/sistema-dif-altamira-aliado-de-la-colecta-teleton-2023-02-80x80.jpeg 80w\" sizes=\"(max-width:767px) 300px, 300px\" \/><\/a>\n\t\t\t\t<\/dt><\/div><\/dl><dl class='gallery-item' data-title='sistema-dif-altamira-aliado-de-la-colecta-telet\u00f3n-2023-03' data-description=''><div class='gallery-item-wrapper'>\n\t\t\t\t<dt class='gallery-icon landscape'>\n\t\t\t\t\t<a href='https:\/\/difaltamira.gob.mx\/2021-2024\/wp-content\/uploads\/2023\/12\/sistema-dif-altamira-aliado-de-la-colecta-teleton-2023-03.jpeg'><img decoding=\"async\" width=\"300\" height=\"300\" src=\"https:\/\/difaltamira.gob.mx\/2021-2024\/wp-content\/uploads\/2023\/12\/sistema-dif-altamira-aliado-de-la-colecta-teleton-2023-03-300x300.jpeg\" class=\"attachment-thumbnail size-thumbnail\" alt=\"\" srcset=\"https:\/\/difaltamira.gob.mx\/2021-2024\/wp-content\/uploads\/2023\/12\/sistema-dif-altamira-aliado-de-la-colecta-teleton-2023-03-300x300.jpeg 300w, https:\/\/difaltamira.gob.mx\/2021-2024\/wp-content\/uploads\/2023\/12\/sistema-dif-altamira-aliado-de-la-colecta-teleton-2023-03-85x85.jpeg 85w, https:\/\/difaltamira.gob.mx\/2021-2024\/wp-content\/uploads\/2023\/12\/sistema-dif-altamira-aliado-de-la-colecta-teleton-2023-03-80x80.jpeg 80w\" sizes=\"(max-width:767px) 300px, 300px\" \/><\/a>\n\t\t\t\t<\/dt><\/div><\/dl><br style=\"clear: both\" \/><dl class='gallery-item' data-title='sistema-dif-altamira-aliado-de-la-colecta-telet\u00f3n-2023-04' data-description=''><div class='gallery-item-wrapper'>\n\t\t\t\t<dt class='gallery-icon landscape'>\n\t\t\t\t\t<a href='https:\/\/difaltamira.gob.mx\/2021-2024\/wp-content\/uploads\/2023\/12\/sistema-dif-altamira-aliado-de-la-colecta-teleton-2023-04.jpeg'><img loading=\"lazy\" decoding=\"async\" width=\"300\" height=\"300\" src=\"https:\/\/difaltamira.gob.mx\/2021-2024\/wp-content\/uploads\/2023\/12\/sistema-dif-altamira-aliado-de-la-colecta-teleton-2023-04-300x300.jpeg\" class=\"attachment-thumbnail size-thumbnail\" alt=\"\" srcset=\"https:\/\/difaltamira.gob.mx\/2021-2024\/wp-content\/uploads\/2023\/12\/sistema-dif-altamira-aliado-de-la-colecta-teleton-2023-04-300x300.jpeg 300w, https:\/\/difaltamira.gob.mx\/2021-2024\/wp-content\/uploads\/2023\/12\/sistema-dif-altamira-aliado-de-la-colecta-teleton-2023-04-85x85.jpeg 85w, https:\/\/difaltamira.gob.mx\/2021-2024\/wp-content\/uploads\/2023\/12\/sistema-dif-altamira-aliado-de-la-colecta-teleton-2023-04-80x80.jpeg 80w\" sizes=\"(max-width:767px) 300px, 300px\" \/><\/a>\n\t\t\t\t<\/dt><\/div><\/dl><dl class='gallery-item' data-title='sistema-dif-altamira-aliado-de-la-colecta-telet\u00f3n-2023-05' data-description=''><div class='gallery-item-wrapper'>\n\t\t\t\t<dt class='gallery-icon landscape'>\n\t\t\t\t\t<a href='https:\/\/difaltamira.gob.mx\/2021-2024\/wp-content\/uploads\/2023\/12\/sistema-dif-altamira-aliado-de-la-colecta-teleton-2023-05.jpeg'><img loading=\"lazy\" decoding=\"async\" width=\"300\" height=\"300\" src=\"https:\/\/difaltamira.gob.mx\/2021-2024\/wp-content\/uploads\/2023\/12\/sistema-dif-altamira-aliado-de-la-colecta-teleton-2023-05-300x300.jpeg\" class=\"attachment-thumbnail size-thumbnail\" alt=\"\" srcset=\"https:\/\/difaltamira.gob.mx\/2021-2024\/wp-content\/uploads\/2023\/12\/sistema-dif-altamira-aliado-de-la-colecta-teleton-2023-05-300x300.jpeg 300w, https:\/\/difaltamira.gob.mx\/2021-2024\/wp-content\/uploads\/2023\/12\/sistema-dif-altamira-aliado-de-la-colecta-teleton-2023-05-85x85.jpeg 85w, https:\/\/difaltamira.gob.mx\/2021-2024\/wp-content\/uploads\/2023\/12\/sistema-dif-altamira-aliado-de-la-colecta-teleton-2023-05-80x80.jpeg 80w\" sizes=\"(max-width:767px) 300px, 300px\" \/><\/a>\n\t\t\t\t<\/dt><\/div><\/dl>\n\t\t\t\t<br style='clear: both' \/>\n\t\t\t<\/div>\n\n","protected":false},"excerpt":{"rendered":"<p>Una rueda de prensa fue llevada a cabo en las oficinas generales del Sistema DIF altamirense para dar a conocer los pormenores de la Colecta 2023<span class=\"excerpt-hellip\"> [\u2026]<\/span><\/p>\n","protected":false},"author":2,"featured_media":1730,"comment_status":"open","ping_status":"open","sticky":false,"template":"","format":"standard","meta":{"footnotes":""},"categories":[5],"tags":[],"class_list":["post-1728","post","type-post","status-publish","format-standard","has-post-thumbnail","hentry","category-dif-altamira"],"_links":{"self":[{"href":"https:\/\/difaltamira.gob.mx\/2021-2024\/wp-json\/wp\/v2\/posts\/1728","targetHints":{"allow":["GET"]}}],"collection":[{"href":"https:\/\/difaltamira.gob.mx\/2021-2024\/wp-json\/wp\/v2\/posts"}],"about":[{"href":"https:\/\/difaltamira.gob.mx\/2021-2024\/wp-json\/wp\/v2\/types\/post"}],"author":[{"embeddable":true,"href":"https:\/\/difaltamira.gob.mx\/2021-2024\/wp-json\/wp\/v2\/users\/2"}],"replies":[{"embeddable":true,"href":"https:\/\/difaltamira.gob.mx\/2021-2024\/wp-json\/wp\/v2\/comments?post=1728"}],"version-history":[{"count":1,"href":"https:\/\/difaltamira.gob.mx\/2021-2024\/wp-json\/wp\/v2\/posts\/1728\/revisions"}],"predecessor-version":[{"id":1734,"href":"https:\/\/difaltamira.gob.mx\/2021-2024\/wp-json\/wp\/v2\/posts\/1728\/revisions\/1734"}],"wp:featuredmedia":[{"embeddable":true,"href":"https:\/\/difaltamira.gob.mx\/2021-2024\/wp-json\/wp\/v2\/media\/1730"}],"wp:attachment":[{"href":"https:\/\/difaltamira.gob.mx\/2021-2024\/wp-json\/wp\/v2\/media?parent=1728"}],"wp:term":[{"taxonomy":"category","embeddable":true,"href":"https:\/\/difaltamira.gob.mx\/2021-2024\/wp-json\/wp\/v2\/categories?post=1728"},{"taxonomy":"post_tag","embeddable":true,"href":"https:\/\/difaltamira.gob.mx\/2021-2024\/wp-json\/wp\/v2\/tags?post=1728"}],"curies":[{"name":"wp","href":"https:\/\/api.w.org\/{rel}","templated":true}]}}