{"id":1721,"date":"2023-10-22T12:58:25","date_gmt":"2023-10-22T18:58:25","guid":{"rendered":"https:\/\/difaltamira.gob.mx\/2021-2024\/?p=1721"},"modified":"2023-12-13T12:20:05","modified_gmt":"2023-12-13T18:20:05","slug":"altamira-se-moviliza-por-la-lucha-contra-el-cancer-de-mama-vive-fin-de-semana-deportivo-organizado-por-el-sistema-dif","status":"publish","type":"post","link":"https:\/\/difaltamira.gob.mx\/2021-2024\/2023\/10\/22\/altamira-se-moviliza-por-la-lucha-contra-el-cancer-de-mama-vive-fin-de-semana-deportivo-organizado-por-el-sistema-dif\/","title":{"rendered":"Altamira se moviliza por la lucha contra el c\u00e1ncer de mama: Vive fin de semana deportivo organizado por el Sistema DIF"},"content":{"rendered":"<h2>El fin de semana en Altamira se llen\u00f3 de vitalidad y apoyo a la lucha contra el c\u00e1ncer de mama gracias a las actividades deportivas organizadas por el Sistema para el Desarrollo Integral de la Familia de Altamira, bajo la direcci\u00f3n de su presidenta, la C.P. Rossy Luque de Mart\u00ednez.<\/h2>\n<blockquote><p>Durante estas actividades, destac\u00f3 la denominada &#8220;Rodada Rosa&#8221; que sum\u00f3 a decenas de familias. En este evento, la presidenta del Sistema DIF expres\u00f3 su gratitud afirmando: &#8220;agradezco a todos su participaci\u00f3n en esta actividad de concientizaci\u00f3n sobre el c\u00e1ncer de mama, unamos nuestra voz en alianza a quienes d\u00eda a d\u00eda combaten esta enfermedad&#8221;. A este encuentro se sum\u00f3 tambi\u00e9n el presidente municipal, Dr. Armando Mart\u00ednez Manr\u00edquez, quien junto con los asistentes recorri\u00f3 la ruta en bicicleta.<\/p><\/blockquote>\n<p>Los participantes no solo se activaron f\u00edsicamente pedaleando en solidaridad, junto al alcalde y dem\u00e1s funcionarios municipales, sino que tambi\u00e9n elevaron su voz para aumentar la atenci\u00f3n y el apoyo a la detecci\u00f3n temprana del c\u00e1ncer de mama. La rodada en cuesti\u00f3n comenz\u00f3 en el Boulevard Cuco S\u00e1nchez y concluy\u00f3 en el Ejido El Repecho, donde se llevaron a cabo rifas para todos los ciclistas.<\/p>\n<p>Rossy Luque enfatiz\u00f3 que la pr\u00e1ctica de ejercicio f\u00edsico, junto con la autoexploraci\u00f3n, son medidas esenciales para la prevenci\u00f3n y una mayor supervivencia en la lucha contra el c\u00e1ncer de mama. Altamira, tierra de campeones, demuestra su compromiso y entrega a trav\u00e9s de diversas actividades deportivas, promoviendo la salud y el bienestar en la comunidad.<\/p>\n<p>Se hace menci\u00f3n que el d\u00eda s\u00e1bado, la Plaza Pies Descalzos se llen\u00f3 de ritmo y energ\u00eda con la actividad de baile retro denominada &#8220;Dance DIF&#8221;. Cientos de mujeres se unieron a esta divertida experiencia, guiadas por talentosos instructores de baile, fortaleciendo as\u00ed la camarader\u00eda y la promoci\u00f3n de un estilo de vida saludable.<\/p>\n<blockquote><p>\u201cEl Sistema DIF Altamira se enorgullece de la participaci\u00f3n de la comunidad en estas actividades deportivas, que contribuyen a la concienciaci\u00f3n sobre el c\u00e1ncer de mama y fortalecen el esp\u00edritu solidario de sus habitantes\u201d, concluy\u00f3 Rossy Luque de Mart\u00ednez.<\/p><\/blockquote>\n\n\t\t\t<style type='text\/css'>\n\t\t\t\t#sc_gallery-1 {\n\t\t\t\t\tmargin: auto;\n\t\t\t\t}\n\t\t\t\t#sc_gallery-1 .gallery-item {\n\t\t\t\t\tfloat: left;\n\t\t\t\t\ttext-align: center;\n\t\t\t\t\twidth: 33.33%;\n\t\t\t\t}\n\t\t\t\t#sc_gallery-1 img {\n\t\t\t\t\tborder: 2px solid #cfcfcf;\n\t\t\t\t}\n\t\t\t\t\/* see sc_gallery() in functions\/theme-shortcodes.php *\/\n\t\t\t<\/style>\n\t\t<div id='sc_gallery-1' class='gallery galleryid-1721 gallery-columns-3 gallery-size-thumbnail file gallery-default'><dl class='gallery-item' data-title='altamira-se-moviliza-por-la-lucha-contra-el-cancer-de-mama-vive-fin-de-semana-deportivo-organizado-por-el-sistema-dif-01' data-description=''><div class='gallery-item-wrapper'>\n\t\t\t\t<dt class='gallery-icon landscape'>\n\t\t\t\t\t<a href='https:\/\/difaltamira.gob.mx\/2021-2024\/wp-content\/uploads\/2023\/12\/altamira-se-moviliza-por-la-lucha-contra-el-cancer-de-mama-vive-fin-de-semana-deportivo-organizado-por-el-sistema-dif-01.jpeg'><img fetchpriority=\"high\" decoding=\"async\" width=\"300\" height=\"300\" src=\"https:\/\/difaltamira.gob.mx\/2021-2024\/wp-content\/uploads\/2023\/12\/altamira-se-moviliza-por-la-lucha-contra-el-cancer-de-mama-vive-fin-de-semana-deportivo-organizado-por-el-sistema-dif-01-300x300.jpeg\" class=\"attachment-thumbnail size-thumbnail\" alt=\"\" srcset=\"https:\/\/difaltamira.gob.mx\/2021-2024\/wp-content\/uploads\/2023\/12\/altamira-se-moviliza-por-la-lucha-contra-el-cancer-de-mama-vive-fin-de-semana-deportivo-organizado-por-el-sistema-dif-01-300x300.jpeg 300w, https:\/\/difaltamira.gob.mx\/2021-2024\/wp-content\/uploads\/2023\/12\/altamira-se-moviliza-por-la-lucha-contra-el-cancer-de-mama-vive-fin-de-semana-deportivo-organizado-por-el-sistema-dif-01-85x85.jpeg 85w, https:\/\/difaltamira.gob.mx\/2021-2024\/wp-content\/uploads\/2023\/12\/altamira-se-moviliza-por-la-lucha-contra-el-cancer-de-mama-vive-fin-de-semana-deportivo-organizado-por-el-sistema-dif-01-80x80.jpeg 80w\" sizes=\"(max-width:767px) 300px, 300px\" \/><\/a>\n\t\t\t\t<\/dt><\/div><\/dl><dl class='gallery-item' data-title='altamira-se-moviliza-por-la-lucha-contra-el-cancer-de-mama-vive-fin-de-semana-deportivo-organizado-por-el-sistema-dif-02' data-description=''><div class='gallery-item-wrapper'>\n\t\t\t\t<dt class='gallery-icon landscape'>\n\t\t\t\t\t<a href='https:\/\/difaltamira.gob.mx\/2021-2024\/wp-content\/uploads\/2023\/12\/altamira-se-moviliza-por-la-lucha-contra-el-cancer-de-mama-vive-fin-de-semana-deportivo-organizado-por-el-sistema-dif-02.jpeg'><img decoding=\"async\" width=\"300\" height=\"300\" src=\"https:\/\/difaltamira.gob.mx\/2021-2024\/wp-content\/uploads\/2023\/12\/altamira-se-moviliza-por-la-lucha-contra-el-cancer-de-mama-vive-fin-de-semana-deportivo-organizado-por-el-sistema-dif-02-300x300.jpeg\" class=\"attachment-thumbnail size-thumbnail\" alt=\"\" srcset=\"https:\/\/difaltamira.gob.mx\/2021-2024\/wp-content\/uploads\/2023\/12\/altamira-se-moviliza-por-la-lucha-contra-el-cancer-de-mama-vive-fin-de-semana-deportivo-organizado-por-el-sistema-dif-02-300x300.jpeg 300w, https:\/\/difaltamira.gob.mx\/2021-2024\/wp-content\/uploads\/2023\/12\/altamira-se-moviliza-por-la-lucha-contra-el-cancer-de-mama-vive-fin-de-semana-deportivo-organizado-por-el-sistema-dif-02-85x85.jpeg 85w, https:\/\/difaltamira.gob.mx\/2021-2024\/wp-content\/uploads\/2023\/12\/altamira-se-moviliza-por-la-lucha-contra-el-cancer-de-mama-vive-fin-de-semana-deportivo-organizado-por-el-sistema-dif-02-80x80.jpeg 80w\" sizes=\"(max-width:767px) 300px, 300px\" \/><\/a>\n\t\t\t\t<\/dt><\/div><\/dl><dl class='gallery-item' data-title='altamira-se-moviliza-por-la-lucha-contra-el-cancer-de-mama-vive-fin-de-semana-deportivo-organizado-por-el-sistema-dif-03' data-description=''><div class='gallery-item-wrapper'>\n\t\t\t\t<dt class='gallery-icon landscape'>\n\t\t\t\t\t<a href='https:\/\/difaltamira.gob.mx\/2021-2024\/wp-content\/uploads\/2023\/12\/altamira-se-moviliza-por-la-lucha-contra-el-cancer-de-mama-vive-fin-de-semana-deportivo-organizado-por-el-sistema-dif-03.jpeg'><img decoding=\"async\" width=\"300\" height=\"300\" src=\"https:\/\/difaltamira.gob.mx\/2021-2024\/wp-content\/uploads\/2023\/12\/altamira-se-moviliza-por-la-lucha-contra-el-cancer-de-mama-vive-fin-de-semana-deportivo-organizado-por-el-sistema-dif-03-300x300.jpeg\" class=\"attachment-thumbnail size-thumbnail\" alt=\"\" srcset=\"https:\/\/difaltamira.gob.mx\/2021-2024\/wp-content\/uploads\/2023\/12\/altamira-se-moviliza-por-la-lucha-contra-el-cancer-de-mama-vive-fin-de-semana-deportivo-organizado-por-el-sistema-dif-03-300x300.jpeg 300w, https:\/\/difaltamira.gob.mx\/2021-2024\/wp-content\/uploads\/2023\/12\/altamira-se-moviliza-por-la-lucha-contra-el-cancer-de-mama-vive-fin-de-semana-deportivo-organizado-por-el-sistema-dif-03-85x85.jpeg 85w, https:\/\/difaltamira.gob.mx\/2021-2024\/wp-content\/uploads\/2023\/12\/altamira-se-moviliza-por-la-lucha-contra-el-cancer-de-mama-vive-fin-de-semana-deportivo-organizado-por-el-sistema-dif-03-80x80.jpeg 80w\" sizes=\"(max-width:767px) 300px, 300px\" \/><\/a>\n\t\t\t\t<\/dt><\/div><\/dl><br style=\"clear: both\" \/><dl class='gallery-item' data-title='altamira-se-moviliza-por-la-lucha-contra-el-cancer-de-mama-vive-fin-de-semana-deportivo-organizado-por-el-sistema-dif-04' data-description=''><div class='gallery-item-wrapper'>\n\t\t\t\t<dt class='gallery-icon landscape'>\n\t\t\t\t\t<a href='https:\/\/difaltamira.gob.mx\/2021-2024\/wp-content\/uploads\/2023\/12\/altamira-se-moviliza-por-la-lucha-contra-el-cancer-de-mama-vive-fin-de-semana-deportivo-organizado-por-el-sistema-dif-04.jpeg'><img loading=\"lazy\" decoding=\"async\" width=\"300\" height=\"300\" src=\"https:\/\/difaltamira.gob.mx\/2021-2024\/wp-content\/uploads\/2023\/12\/altamira-se-moviliza-por-la-lucha-contra-el-cancer-de-mama-vive-fin-de-semana-deportivo-organizado-por-el-sistema-dif-04-300x300.jpeg\" class=\"attachment-thumbnail size-thumbnail\" alt=\"\" srcset=\"https:\/\/difaltamira.gob.mx\/2021-2024\/wp-content\/uploads\/2023\/12\/altamira-se-moviliza-por-la-lucha-contra-el-cancer-de-mama-vive-fin-de-semana-deportivo-organizado-por-el-sistema-dif-04-300x300.jpeg 300w, https:\/\/difaltamira.gob.mx\/2021-2024\/wp-content\/uploads\/2023\/12\/altamira-se-moviliza-por-la-lucha-contra-el-cancer-de-mama-vive-fin-de-semana-deportivo-organizado-por-el-sistema-dif-04-85x85.jpeg 85w, https:\/\/difaltamira.gob.mx\/2021-2024\/wp-content\/uploads\/2023\/12\/altamira-se-moviliza-por-la-lucha-contra-el-cancer-de-mama-vive-fin-de-semana-deportivo-organizado-por-el-sistema-dif-04-80x80.jpeg 80w\" sizes=\"(max-width:767px) 300px, 300px\" \/><\/a>\n\t\t\t\t<\/dt><\/div><\/dl><dl class='gallery-item' data-title='altamira-se-moviliza-por-la-lucha-contra-el-cancer-de-mama-vive-fin-de-semana-deportivo-organizado-por-el-sistema-dif-05' data-description=''><div class='gallery-item-wrapper'>\n\t\t\t\t<dt class='gallery-icon landscape'>\n\t\t\t\t\t<a href='https:\/\/difaltamira.gob.mx\/2021-2024\/wp-content\/uploads\/2023\/12\/altamira-se-moviliza-por-la-lucha-contra-el-cancer-de-mama-vive-fin-de-semana-deportivo-organizado-por-el-sistema-dif-05.jpeg'><img loading=\"lazy\" decoding=\"async\" width=\"300\" height=\"300\" src=\"https:\/\/difaltamira.gob.mx\/2021-2024\/wp-content\/uploads\/2023\/12\/altamira-se-moviliza-por-la-lucha-contra-el-cancer-de-mama-vive-fin-de-semana-deportivo-organizado-por-el-sistema-dif-05-300x300.jpeg\" class=\"attachment-thumbnail size-thumbnail\" alt=\"\" srcset=\"https:\/\/difaltamira.gob.mx\/2021-2024\/wp-content\/uploads\/2023\/12\/altamira-se-moviliza-por-la-lucha-contra-el-cancer-de-mama-vive-fin-de-semana-deportivo-organizado-por-el-sistema-dif-05-300x300.jpeg 300w, https:\/\/difaltamira.gob.mx\/2021-2024\/wp-content\/uploads\/2023\/12\/altamira-se-moviliza-por-la-lucha-contra-el-cancer-de-mama-vive-fin-de-semana-deportivo-organizado-por-el-sistema-dif-05-85x85.jpeg 85w, https:\/\/difaltamira.gob.mx\/2021-2024\/wp-content\/uploads\/2023\/12\/altamira-se-moviliza-por-la-lucha-contra-el-cancer-de-mama-vive-fin-de-semana-deportivo-organizado-por-el-sistema-dif-05-80x80.jpeg 80w\" sizes=\"(max-width:767px) 300px, 300px\" \/><\/a>\n\t\t\t\t<\/dt><\/div><\/dl>\n\t\t\t\t<br style='clear: both' \/>\n\t\t\t<\/div>\n\n","protected":false},"excerpt":{"rendered":"<p>El fin de semana en Altamira se llen\u00f3 de vitalidad y apoyo a la lucha contra el c\u00e1ncer de mama gracias a las actividades deportivas organizadas<span class=\"excerpt-hellip\"> [\u2026]<\/span><\/p>\n","protected":false},"author":2,"featured_media":1722,"comment_status":"open","ping_status":"open","sticky":false,"template":"","format":"standard","meta":{"footnotes":""},"categories":[5],"tags":[],"class_list":["post-1721","post","type-post","status-publish","format-standard","has-post-thumbnail","hentry","category-dif-altamira"],"_links":{"self":[{"href":"https:\/\/difaltamira.gob.mx\/2021-2024\/wp-json\/wp\/v2\/posts\/1721","targetHints":{"allow":["GET"]}}],"collection":[{"href":"https:\/\/difaltamira.gob.mx\/2021-2024\/wp-json\/wp\/v2\/posts"}],"about":[{"href":"https:\/\/difaltamira.gob.mx\/2021-2024\/wp-json\/wp\/v2\/types\/post"}],"author":[{"embeddable":true,"href":"https:\/\/difaltamira.gob.mx\/2021-2024\/wp-json\/wp\/v2\/users\/2"}],"replies":[{"embeddable":true,"href":"https:\/\/difaltamira.gob.mx\/2021-2024\/wp-json\/wp\/v2\/comments?post=1721"}],"version-history":[{"count":1,"href":"https:\/\/difaltamira.gob.mx\/2021-2024\/wp-json\/wp\/v2\/posts\/1721\/revisions"}],"predecessor-version":[{"id":1727,"href":"https:\/\/difaltamira.gob.mx\/2021-2024\/wp-json\/wp\/v2\/posts\/1721\/revisions\/1727"}],"wp:featuredmedia":[{"embeddable":true,"href":"https:\/\/difaltamira.gob.mx\/2021-2024\/wp-json\/wp\/v2\/media\/1722"}],"wp:attachment":[{"href":"https:\/\/difaltamira.gob.mx\/2021-2024\/wp-json\/wp\/v2\/media?parent=1721"}],"wp:term":[{"taxonomy":"category","embeddable":true,"href":"https:\/\/difaltamira.gob.mx\/2021-2024\/wp-json\/wp\/v2\/categories?post=1721"},{"taxonomy":"post_tag","embeddable":true,"href":"https:\/\/difaltamira.gob.mx\/2021-2024\/wp-json\/wp\/v2\/tags?post=1721"}],"curies":[{"name":"wp","href":"https:\/\/api.w.org\/{rel}","templated":true}]}}