{"id":1707,"date":"2023-10-16T13:36:07","date_gmt":"2023-10-16T19:36:07","guid":{"rendered":"https:\/\/difaltamira.gob.mx\/2021-2024\/?p=1707"},"modified":"2023-12-12T16:12:38","modified_gmt":"2023-12-12T22:12:38","slug":"rinde-rossy-luque-segundo-informe-de-resultados-al-frente-del-sistema-dif-altamira","status":"publish","type":"post","link":"https:\/\/difaltamira.gob.mx\/2021-2024\/2023\/10\/16\/rinde-rossy-luque-segundo-informe-de-resultados-al-frente-del-sistema-dif-altamira\/","title":{"rendered":"Rinde Rossy Luque segundo informe de resultados al frente del Sistema DIF Altamira"},"content":{"rendered":"<div dir=\"ltr\">\n<h2>El Sistema para el Desarrollo Integral de la Familia (DIF) en Altamira, bajo la direcci\u00f3n de la C.P. Rossy Luque de Mart\u00ednez, rindi\u00f3 su segundo informe anual de resultados, bajo el lema \u201cdos all\u00e1 latiendo y transformando\u201d en las instalaciones del gimnasio H.H. \u201cJack\u201d Fleishman, del Tec. de Monterrey Campus Altamira.<\/h2>\n<div dir=\"ltr\"><\/div>\n<div>Acompa\u00f1ada de su esposo, el alcalde Dr. Armando Mart\u00ednez Manr\u00edquez, la C.P. Rosa Irma indic\u00f3 que en los \u00faltimos doce meses, el DIF Altamira respald\u00f3 a la comunidad a trav\u00e9s de 4 comedores comunitarios ubicados estrat\u00e9gicamente en el Ejido el Fuerte, Colonia Diana Laura, Villa Cuauht\u00e9moc y Altamira Zona Centro. En total, se proporcionaron 63,352 raciones de comida caliente y nutritiva, asegurando que la esperanza nunca se desvaneciera y que nadie quedara atr\u00e1s.<\/div>\n<div dir=\"ltr\"><\/div>\n<div>\u201cAltamira se convirti\u00f3 en el \u00fanico municipio con un enfoque renovado en el desarrollo de talentos en diversas disciplinas, incluyendo m\u00fasica, artes, deporte, capacitaci\u00f3n y desarrollo. En este per\u00edodo, 426 alumnos se matricularon en cursos que promovieron el talento local\u201d, puntualiz\u00f3.<\/div>\n<div dir=\"ltr\"><\/div>\n<div>As\u00ed tambi\u00e9n, se hizo menci\u00f3n que los Centros de Desarrollo Integral de la Familia (CEDIF) se convirtieron en centros de autoempleo de primera calidad, con 8 de ellos completamente rehabilitados. En ese sentido, se ofrecieron 9 talleres sin costo, atendiendo a un total de 692 alumnos matriculados en la generaci\u00f3n 2023-2024, en cursos como corte y confecci\u00f3n, cocina, panader\u00eda, bolsas y mochilas, corseter\u00eda y lencer\u00eda, bisuter\u00eda y alambrismo, belleza y manualidades.<\/div>\n<div dir=\"ltr\"><\/div>\n<div>Subray\u00f3 Luque de Mart\u00ednez que el Parque Acu\u00e1tico Altamira, se consolid\u00f3 como uno de los destinos tur\u00edsticos m\u00e1s atractivos en la zona sur de Tamaulipas para la diversi\u00f3n familiar. Desde abril hasta la fecha, recibi\u00f3 a un total de 29,968 visitantes y recaud\u00f3 $896,270 pesos a trav\u00e9s de la cuota de recuperaci\u00f3n.<\/div>\n<div dir=\"ltr\"><\/div>\n<div>El compromiso del DIF altamirense con la comunidad se reflej\u00f3 en la entrega de 2,107 asesor\u00edas jur\u00eddicas durante este segundo a\u00f1o, beneficiando a m\u00e1s de 2,000 personas de todas las edades. Adem\u00e1s, se atendieron a 5,363 personas v\u00edctimas de violencia familiar y 3,680 personas se beneficiaron con sesiones terap\u00e9uticas.<\/div>\n<div dir=\"ltr\"><\/div>\n<div>Las intervenciones quir\u00fargicas oftalmol\u00f3gicas fueron un logro destacado durante este per\u00edodo, con 272 cirug\u00edas de estrabismo, pr\u00f3tesis oculares, cataratas y pterigi\u00f3n realizadas en colaboraci\u00f3n con el equipo m\u00e9dico certificado de la Cl\u00ednica de Ojos de Monterrey, liderado por el Dr. Arturo Enr\u00edquez Huerta. Adicionalmente, 46 cirug\u00edas oftalmol\u00f3gicas de cataratas, 5 de pterigi\u00f3n y 1 de evisceraci\u00f3n se llevaron a cabo con recursos municipales, aliviando a las familias de una carga econ\u00f3mica que ascendi\u00f3 a 1 mill\u00f3n, 281 mil, 235 pesos.<\/div>\n<div dir=\"ltr\"><\/div>\n<div>El DIF Altamira tom\u00f3 medidas significativas para garantizar el acceso a servicios de salud de calidad para todos los ciudadanos. Se cancel\u00f3 de manera definitiva la caja de cobro de todos los servicios de salud, lo que result\u00f3 en la entrega de m\u00e1s de 180,000 consultas gratuitas y de especialidad, incluyendo materiales m\u00e9dico-hospitalarios, con un valor total de 23 millones, 957 mil, 140 pesos que los ciudadanos no tuvieron que pagar de su bolsillo.<\/div>\n<div dir=\"ltr\"><\/div>\n<div>Un punto importante a tocar fue el sector ejidal. En ese contexto, se dio a conocer que m\u00e1s de 20 ejidos recibieron atenci\u00f3n m\u00e9dica de calidad a trav\u00e9s de 7 consultorios m\u00e9dicos fijos, con un total de 19,191 consultas m\u00e9dicas, 442 visitas del programa m\u00e9dico en tu casa y 556 traslados en ambulancia.<\/div>\n<div dir=\"ltr\"><\/div>\n<blockquote>\n<div>\u201cEl cami\u00f3n de la esperanza, una unidad m\u00f3vil especializada, brind\u00f3 atenci\u00f3n m\u00e9dica a trav\u00e9s de 1,795 mastograf\u00edas y 2,655 ex\u00e1menes de papanicolaou y VPH, contribuyendo a la salud y bienestar de nuestras mujeres\u201d, se\u00f1al\u00f3 la presidenta del DIF.<\/div>\n<\/blockquote>\n<div dir=\"ltr\"><\/div>\n<div>Se anunci\u00f3 la apertura de la primera Casa Violeta en la zona sur de Tamaulipas, un proyecto importante en colaboraci\u00f3n con el Instituto de las Mujeres Tamaulipas.<\/div>\n<div dir=\"ltr\"><\/div>\n<div>El DIF Altamira demostr\u00f3 su compromiso con la educaci\u00f3n al preparar 937,344 desayunos escolares con recursos estatales. Estos desayunos beneficiaron a 90 escuelas y 5,542 ni\u00f1os y ni\u00f1as.<\/div>\n<div dir=\"ltr\"><\/div>\n<div>Adem\u00e1s, se mantuvieron en funcionamiento 15 Centros de Atenci\u00f3n Infantil Comunitarios (CAIC), con 542 alumnos matriculados en edades de 2 a 5 a\u00f1os, 11 meses.<\/div>\n<div dir=\"ltr\"><\/div>\n<div>La Procuradur\u00eda de Protecci\u00f3n a Ni\u00f1os, Ni\u00f1as y Adolescentes, en el \u00faltimo a\u00f1o, atendi\u00f3 780 casos de v\u00edctimas de maltrato f\u00edsico, psicol\u00f3gico y sexual, as\u00ed como tratos negligentes, reforzando el compromiso del DIF Altamira con la protecci\u00f3n de los m\u00e1s vulnerables.<\/div>\n<div dir=\"ltr\"><\/div>\n<div>El DIF Altamira brind\u00f3 atenci\u00f3n m\u00e9dica no hospitalaria para ayudar a la recuperaci\u00f3n de aquellas personas que lo necesitaban, logrando con ello una mejor participaci\u00f3n en la vida familiar y de su comunidad. Se brindaron 1,620 consultas m\u00e9dicas de especialidades en Traumatolog\u00eda, Neuropediatr\u00eda y M\u00e9dico en rehabilitaci\u00f3n, adem\u00e1s de servicios como Psicolog\u00eda cl\u00ednica, de lenguaje, conductual y aprendizaje, junto con 19,142 terapias f\u00edsicas, todo sin costo alguno.<\/div>\n<div dir=\"ltr\"><\/div>\n<div>El Sistema DIF Altamira, bajo el liderazgo de la C.P. Rossy Luque de Mart\u00ednez, ha demostrado su firme compromiso con el bienestar de la comunidad y su dedicaci\u00f3n para mejorar la calidad de vida de sus habitantes. Estos logros son un testimonio de los esfuerzos pasados para asegurar que ning\u00fan ciudadano se quedara atr\u00e1s. Juntos, han contribuido a crear un Altamira m\u00e1s fuerte y un futuro mejor para todos.<\/div>\n<div dir=\"ltr\"><\/div>\n<\/div>\n<div dir=\"ltr\">Asistieron a este evento en representaci\u00f3n del Secretario de Gobernaci\u00f3n, el Lic. H\u00e9ctor Joel Villegas Gonzalez, la Secretaria del Trabajo y Previsi\u00f3n Social, Mtra. Olga Sosa Ruiz; en representaci\u00f3n de la Presidenta del Sistema DIF Tamaulipas, la Dra. Mar\u00eda Santiago de Villarreal asisti\u00f3 el Lic. Geancarlo Bonetta Cavazos, Director Del Dif Tamaulipas; as\u00ed como presidentas DIF de los diversos municipios de la zona sur del Estado y el Norte de Veracruz, adem\u00e1s de autoridades navales y de las diversas fuerzas del orden.\n\t\t\t<style type='text\/css'>\n\t\t\t\t#sc_gallery-1 {\n\t\t\t\t\tmargin: auto;\n\t\t\t\t}\n\t\t\t\t#sc_gallery-1 .gallery-item {\n\t\t\t\t\tfloat: left;\n\t\t\t\t\ttext-align: center;\n\t\t\t\t\twidth: 33.33%;\n\t\t\t\t}\n\t\t\t\t#sc_gallery-1 img {\n\t\t\t\t\tborder: 2px solid #cfcfcf;\n\t\t\t\t}\n\t\t\t\t\/* see sc_gallery() in functions\/theme-shortcodes.php *\/\n\t\t\t<\/style>\n\t\t<div id='sc_gallery-1' class='gallery galleryid-1707 gallery-columns-3 gallery-size-thumbnail file gallery-default'><dl class='gallery-item' data-title='Rossy-Luque-Segundo5' data-description=''><div class='gallery-item-wrapper'>\n\t\t\t\t<dt class='gallery-icon landscape'>\n\t\t\t\t\t<a href='https:\/\/difaltamira.gob.mx\/2021-2024\/wp-content\/uploads\/2023\/12\/Rossy-Luque-Segundo5.jpeg'><img fetchpriority=\"high\" decoding=\"async\" width=\"300\" height=\"300\" src=\"https:\/\/difaltamira.gob.mx\/2021-2024\/wp-content\/uploads\/2023\/12\/Rossy-Luque-Segundo5-300x300.jpeg\" class=\"attachment-thumbnail size-thumbnail\" alt=\"\" srcset=\"https:\/\/difaltamira.gob.mx\/2021-2024\/wp-content\/uploads\/2023\/12\/Rossy-Luque-Segundo5-300x300.jpeg 300w, https:\/\/difaltamira.gob.mx\/2021-2024\/wp-content\/uploads\/2023\/12\/Rossy-Luque-Segundo5-85x85.jpeg 85w, https:\/\/difaltamira.gob.mx\/2021-2024\/wp-content\/uploads\/2023\/12\/Rossy-Luque-Segundo5-80x80.jpeg 80w\" sizes=\"(max-width:767px) 300px, 300px\" \/><\/a>\n\t\t\t\t<\/dt><\/div><\/dl><dl class='gallery-item' data-title='Rossy-Luque-Segundo4' data-description=''><div class='gallery-item-wrapper'>\n\t\t\t\t<dt class='gallery-icon landscape'>\n\t\t\t\t\t<a href='https:\/\/difaltamira.gob.mx\/2021-2024\/wp-content\/uploads\/2023\/12\/Rossy-Luque-Segundo4.jpeg'><img decoding=\"async\" width=\"300\" height=\"300\" src=\"https:\/\/difaltamira.gob.mx\/2021-2024\/wp-content\/uploads\/2023\/12\/Rossy-Luque-Segundo4-300x300.jpeg\" class=\"attachment-thumbnail size-thumbnail\" alt=\"\" srcset=\"https:\/\/difaltamira.gob.mx\/2021-2024\/wp-content\/uploads\/2023\/12\/Rossy-Luque-Segundo4-300x300.jpeg 300w, https:\/\/difaltamira.gob.mx\/2021-2024\/wp-content\/uploads\/2023\/12\/Rossy-Luque-Segundo4-85x85.jpeg 85w, https:\/\/difaltamira.gob.mx\/2021-2024\/wp-content\/uploads\/2023\/12\/Rossy-Luque-Segundo4-80x80.jpeg 80w\" sizes=\"(max-width:767px) 300px, 300px\" \/><\/a>\n\t\t\t\t<\/dt><\/div><\/dl><dl class='gallery-item' data-title='Rossy-Luque-Segundo3' data-description=''><div class='gallery-item-wrapper'>\n\t\t\t\t<dt class='gallery-icon landscape'>\n\t\t\t\t\t<a href='https:\/\/difaltamira.gob.mx\/2021-2024\/wp-content\/uploads\/2023\/12\/Rossy-Luque-Segundo3.jpeg'><img decoding=\"async\" width=\"300\" height=\"300\" src=\"https:\/\/difaltamira.gob.mx\/2021-2024\/wp-content\/uploads\/2023\/12\/Rossy-Luque-Segundo3-300x300.jpeg\" class=\"attachment-thumbnail size-thumbnail\" alt=\"\" srcset=\"https:\/\/difaltamira.gob.mx\/2021-2024\/wp-content\/uploads\/2023\/12\/Rossy-Luque-Segundo3-300x300.jpeg 300w, https:\/\/difaltamira.gob.mx\/2021-2024\/wp-content\/uploads\/2023\/12\/Rossy-Luque-Segundo3-85x85.jpeg 85w, https:\/\/difaltamira.gob.mx\/2021-2024\/wp-content\/uploads\/2023\/12\/Rossy-Luque-Segundo3-80x80.jpeg 80w\" sizes=\"(max-width:767px) 300px, 300px\" \/><\/a>\n\t\t\t\t<\/dt><\/div><\/dl><br style=\"clear: both\" \/><dl class='gallery-item' data-title='Rossy-Luque-Segundo2' data-description=''><div class='gallery-item-wrapper'>\n\t\t\t\t<dt class='gallery-icon landscape'>\n\t\t\t\t\t<a href='https:\/\/difaltamira.gob.mx\/2021-2024\/wp-content\/uploads\/2023\/12\/Rossy-Luque-Segundo2.jpeg'><img loading=\"lazy\" decoding=\"async\" width=\"300\" height=\"300\" src=\"https:\/\/difaltamira.gob.mx\/2021-2024\/wp-content\/uploads\/2023\/12\/Rossy-Luque-Segundo2-300x300.jpeg\" class=\"attachment-thumbnail size-thumbnail\" alt=\"\" srcset=\"https:\/\/difaltamira.gob.mx\/2021-2024\/wp-content\/uploads\/2023\/12\/Rossy-Luque-Segundo2-300x300.jpeg 300w, https:\/\/difaltamira.gob.mx\/2021-2024\/wp-content\/uploads\/2023\/12\/Rossy-Luque-Segundo2-85x85.jpeg 85w, https:\/\/difaltamira.gob.mx\/2021-2024\/wp-content\/uploads\/2023\/12\/Rossy-Luque-Segundo2-80x80.jpeg 80w\" sizes=\"(max-width:767px) 300px, 300px\" \/><\/a>\n\t\t\t\t<\/dt><\/div><\/dl><dl class='gallery-item' data-title='Rossy-Luque-Segundo1' data-description=''><div class='gallery-item-wrapper'>\n\t\t\t\t<dt class='gallery-icon landscape'>\n\t\t\t\t\t<a href='https:\/\/difaltamira.gob.mx\/2021-2024\/wp-content\/uploads\/2023\/12\/Rossy-Luque-Segundo1.jpeg'><img loading=\"lazy\" decoding=\"async\" width=\"300\" height=\"300\" src=\"https:\/\/difaltamira.gob.mx\/2021-2024\/wp-content\/uploads\/2023\/12\/Rossy-Luque-Segundo1-300x300.jpeg\" class=\"attachment-thumbnail size-thumbnail\" alt=\"\" srcset=\"https:\/\/difaltamira.gob.mx\/2021-2024\/wp-content\/uploads\/2023\/12\/Rossy-Luque-Segundo1-300x300.jpeg 300w, https:\/\/difaltamira.gob.mx\/2021-2024\/wp-content\/uploads\/2023\/12\/Rossy-Luque-Segundo1-85x85.jpeg 85w, https:\/\/difaltamira.gob.mx\/2021-2024\/wp-content\/uploads\/2023\/12\/Rossy-Luque-Segundo1-80x80.jpeg 80w\" sizes=\"(max-width:767px) 300px, 300px\" \/><\/a>\n\t\t\t\t<\/dt><\/div><\/dl>\n\t\t\t\t<br style='clear: both' \/>\n\t\t\t<\/div>\n<\/div>\n","protected":false},"excerpt":{"rendered":"<p>El Sistema para el Desarrollo Integral de la Familia (DIF) en Altamira, bajo la direcci\u00f3n de la C.P. Rossy Luque de Mart\u00ednez, rindi\u00f3 su segundo informe<span class=\"excerpt-hellip\"> [\u2026]<\/span><\/p>\n","protected":false},"author":2,"featured_media":1709,"comment_status":"open","ping_status":"open","sticky":false,"template":"","format":"standard","meta":{"footnotes":""},"categories":[5],"tags":[],"class_list":["post-1707","post","type-post","status-publish","format-standard","has-post-thumbnail","hentry","category-dif-altamira"],"_links":{"self":[{"href":"https:\/\/difaltamira.gob.mx\/2021-2024\/wp-json\/wp\/v2\/posts\/1707","targetHints":{"allow":["GET"]}}],"collection":[{"href":"https:\/\/difaltamira.gob.mx\/2021-2024\/wp-json\/wp\/v2\/posts"}],"about":[{"href":"https:\/\/difaltamira.gob.mx\/2021-2024\/wp-json\/wp\/v2\/types\/post"}],"author":[{"embeddable":true,"href":"https:\/\/difaltamira.gob.mx\/2021-2024\/wp-json\/wp\/v2\/users\/2"}],"replies":[{"embeddable":true,"href":"https:\/\/difaltamira.gob.mx\/2021-2024\/wp-json\/wp\/v2\/comments?post=1707"}],"version-history":[{"count":1,"href":"https:\/\/difaltamira.gob.mx\/2021-2024\/wp-json\/wp\/v2\/posts\/1707\/revisions"}],"predecessor-version":[{"id":1713,"href":"https:\/\/difaltamira.gob.mx\/2021-2024\/wp-json\/wp\/v2\/posts\/1707\/revisions\/1713"}],"wp:featuredmedia":[{"embeddable":true,"href":"https:\/\/difaltamira.gob.mx\/2021-2024\/wp-json\/wp\/v2\/media\/1709"}],"wp:attachment":[{"href":"https:\/\/difaltamira.gob.mx\/2021-2024\/wp-json\/wp\/v2\/media?parent=1707"}],"wp:term":[{"taxonomy":"category","embeddable":true,"href":"https:\/\/difaltamira.gob.mx\/2021-2024\/wp-json\/wp\/v2\/categories?post=1707"},{"taxonomy":"post_tag","embeddable":true,"href":"https:\/\/difaltamira.gob.mx\/2021-2024\/wp-json\/wp\/v2\/tags?post=1707"}],"curies":[{"name":"wp","href":"https:\/\/api.w.org\/{rel}","templated":true}]}}