{"id":1700,"date":"2023-10-14T13:29:15","date_gmt":"2023-10-14T19:29:15","guid":{"rendered":"https:\/\/difaltamira.gob.mx\/2021-2024\/?p=1700"},"modified":"2023-12-13T13:36:31","modified_gmt":"2023-12-13T19:36:31","slug":"encabeza-rossy-luque-segunda-entrega-de-protesis-de-mama-a-vencedoras-del-cancer","status":"publish","type":"post","link":"https:\/\/difaltamira.gob.mx\/2021-2024\/2023\/10\/14\/encabeza-rossy-luque-segunda-entrega-de-protesis-de-mama-a-vencedoras-del-cancer\/","title":{"rendered":"Encabeza Rossy Luque segunda entrega de pr\u00f3tesis de mama a vencedoras del c\u00e1ncer"},"content":{"rendered":"<h2>En una emotiva ceremonia celebrada en el Sal\u00f3n de Actos \u201cJuan Mac\u00edas Castillo\u201d de la zona centro de Altamira, se llev\u00f3 a cabo la segunda entrega de pr\u00f3tesis de mama y mangas de compresi\u00f3n en conmemoraci\u00f3n del Mes Rosa, que organiza el Sistema DIF Altamira encabezado por su presidenta la C.P. Rossy Luque de Mart\u00ednez.<\/h2>\n<p>En este evento, se rindi\u00f3 homenaje a mujeres valientes que han demostrado una fortaleza extraordinaria y una determinaci\u00f3n admirable a lo largo de su viaje por vencer el c\u00e1ncer de mama. Un total de 11 mujeres fueron beneficiadas en esta ocasi\u00f3n, todo ello bajo el lema \u201cCuidarte es Quererte\u201d.<\/p>\n<p>En compa\u00f1\u00eda de su esposo, el alcalde Dr. Armando Mart\u00ednez, Rossy Luque entreg\u00f3 nueve pr\u00f3tesis de mama a las beneficiarias: Karen Mariel Lino Mendoza; Margarita Rangel Garc\u00eda; Mar\u00eda de los Angeles Fortuna Palmilla; Yolanda Cocino del Angel; Amparo M\u00e9ndez Armendares; Mar\u00eda Guadalupe Herrera Mart\u00ednez; Ang\u00e9lica Ma. Zamarr\u00f3n Mora; Mar\u00eda Elena Cruz Villanueva y Mar\u00eda del Carmen Cruz Villanueva<\/p>\n<p>La presidenta del Sistema DIF, destac\u00f3 la importancia de estas pr\u00f3tesis mamarias, se\u00f1alando que no son simplemente dispositivos m\u00e9dicos, sino s\u00edmbolos de esperanza y autoestima, adem\u00e1s de que representan la capacidad de volver a sentirse completas.<\/p>\n<p>De igual forma, tres mangas de compresi\u00f3n fueron canalizadas a Mar\u00eda del Carmen Cruz Villanueva; Concepci\u00f3n Herrera Mart\u00ednez y Anselmo \u00c1vila Franco<\/p>\n<p>Este acto refleja el compromiso del Gobierno Municipal de Altamira y el Sistema DIF local con la comunidad, apoyando a quienes enfrentan desaf\u00edos de salud con empat\u00eda y solidaridad<\/p>\n<blockquote><p>\u201cEl Sistema DIF Altamira agradece a todos los involucrados en hacer posible este emotivo acto y reitera su compromiso de continuar brindando apoyo a quienes lo requieran\u201d, finaliz\u00f3 Luque de Mart\u00ednez.<\/p>\n\n\t\t\t<style type='text\/css'>\n\t\t\t\t#sc_gallery-1 {\n\t\t\t\t\tmargin: auto;\n\t\t\t\t}\n\t\t\t\t#sc_gallery-1 .gallery-item {\n\t\t\t\t\tfloat: left;\n\t\t\t\t\ttext-align: center;\n\t\t\t\t\twidth: 33.33%;\n\t\t\t\t}\n\t\t\t\t#sc_gallery-1 img {\n\t\t\t\t\tborder: 2px solid #cfcfcf;\n\t\t\t\t}\n\t\t\t\t\/* see sc_gallery() in functions\/theme-shortcodes.php *\/\n\t\t\t<\/style>\n\t\t<div id='sc_gallery-1' class='gallery galleryid-1700 gallery-columns-3 gallery-size-thumbnail file gallery-default'><dl class='gallery-item' data-title='Encabeza-Rossy-segunda-entrega1' data-description=''><div class='gallery-item-wrapper'>\n\t\t\t\t<dt class='gallery-icon landscape'>\n\t\t\t\t\t<a href='https:\/\/difaltamira.gob.mx\/2021-2024\/wp-content\/uploads\/2023\/12\/Encabeza-Rossy-segunda-entrega1.jpeg'><img fetchpriority=\"high\" decoding=\"async\" width=\"300\" height=\"300\" src=\"https:\/\/difaltamira.gob.mx\/2021-2024\/wp-content\/uploads\/2023\/12\/Encabeza-Rossy-segunda-entrega1-300x300.jpeg\" class=\"attachment-thumbnail size-thumbnail\" alt=\"\" srcset=\"https:\/\/difaltamira.gob.mx\/2021-2024\/wp-content\/uploads\/2023\/12\/Encabeza-Rossy-segunda-entrega1-300x300.jpeg 300w, https:\/\/difaltamira.gob.mx\/2021-2024\/wp-content\/uploads\/2023\/12\/Encabeza-Rossy-segunda-entrega1-85x85.jpeg 85w, https:\/\/difaltamira.gob.mx\/2021-2024\/wp-content\/uploads\/2023\/12\/Encabeza-Rossy-segunda-entrega1-80x80.jpeg 80w\" sizes=\"(max-width:767px) 300px, 300px\" \/><\/a>\n\t\t\t\t<\/dt><\/div><\/dl><dl class='gallery-item' data-title='Encabeza-Rossy-segunda-entrega2' data-description=''><div class='gallery-item-wrapper'>\n\t\t\t\t<dt class='gallery-icon landscape'>\n\t\t\t\t\t<a href='https:\/\/difaltamira.gob.mx\/2021-2024\/wp-content\/uploads\/2023\/12\/Encabeza-Rossy-segunda-entrega2.jpeg'><img decoding=\"async\" width=\"300\" height=\"300\" src=\"https:\/\/difaltamira.gob.mx\/2021-2024\/wp-content\/uploads\/2023\/12\/Encabeza-Rossy-segunda-entrega2-300x300.jpeg\" class=\"attachment-thumbnail size-thumbnail\" alt=\"\" srcset=\"https:\/\/difaltamira.gob.mx\/2021-2024\/wp-content\/uploads\/2023\/12\/Encabeza-Rossy-segunda-entrega2-300x300.jpeg 300w, https:\/\/difaltamira.gob.mx\/2021-2024\/wp-content\/uploads\/2023\/12\/Encabeza-Rossy-segunda-entrega2-85x85.jpeg 85w, https:\/\/difaltamira.gob.mx\/2021-2024\/wp-content\/uploads\/2023\/12\/Encabeza-Rossy-segunda-entrega2-80x80.jpeg 80w\" sizes=\"(max-width:767px) 300px, 300px\" \/><\/a>\n\t\t\t\t<\/dt><\/div><\/dl><dl class='gallery-item' data-title='Encabeza-Rossy-segunda-entrega3' data-description=''><div class='gallery-item-wrapper'>\n\t\t\t\t<dt class='gallery-icon landscape'>\n\t\t\t\t\t<a href='https:\/\/difaltamira.gob.mx\/2021-2024\/wp-content\/uploads\/2023\/12\/Encabeza-Rossy-segunda-entrega3.jpeg'><img decoding=\"async\" width=\"300\" height=\"300\" src=\"https:\/\/difaltamira.gob.mx\/2021-2024\/wp-content\/uploads\/2023\/12\/Encabeza-Rossy-segunda-entrega3-300x300.jpeg\" class=\"attachment-thumbnail size-thumbnail\" alt=\"\" srcset=\"https:\/\/difaltamira.gob.mx\/2021-2024\/wp-content\/uploads\/2023\/12\/Encabeza-Rossy-segunda-entrega3-300x300.jpeg 300w, https:\/\/difaltamira.gob.mx\/2021-2024\/wp-content\/uploads\/2023\/12\/Encabeza-Rossy-segunda-entrega3-85x85.jpeg 85w, https:\/\/difaltamira.gob.mx\/2021-2024\/wp-content\/uploads\/2023\/12\/Encabeza-Rossy-segunda-entrega3-80x80.jpeg 80w\" sizes=\"(max-width:767px) 300px, 300px\" \/><\/a>\n\t\t\t\t<\/dt><\/div><\/dl><br style=\"clear: both\" \/><dl class='gallery-item' data-title='Encabeza-Rossy-segunda-entrega4' data-description=''><div class='gallery-item-wrapper'>\n\t\t\t\t<dt class='gallery-icon portrait'>\n\t\t\t\t\t<a href='https:\/\/difaltamira.gob.mx\/2021-2024\/wp-content\/uploads\/2023\/12\/Encabeza-Rossy-segunda-entrega4.jpeg'><img loading=\"lazy\" decoding=\"async\" width=\"300\" height=\"300\" src=\"https:\/\/difaltamira.gob.mx\/2021-2024\/wp-content\/uploads\/2023\/12\/Encabeza-Rossy-segunda-entrega4-300x300.jpeg\" class=\"attachment-thumbnail size-thumbnail\" alt=\"\" srcset=\"https:\/\/difaltamira.gob.mx\/2021-2024\/wp-content\/uploads\/2023\/12\/Encabeza-Rossy-segunda-entrega4-300x300.jpeg 300w, https:\/\/difaltamira.gob.mx\/2021-2024\/wp-content\/uploads\/2023\/12\/Encabeza-Rossy-segunda-entrega4-85x85.jpeg 85w, https:\/\/difaltamira.gob.mx\/2021-2024\/wp-content\/uploads\/2023\/12\/Encabeza-Rossy-segunda-entrega4-80x80.jpeg 80w\" sizes=\"(max-width:767px) 300px, 300px\" \/><\/a>\n\t\t\t\t<\/dt><\/div><\/dl><dl class='gallery-item' data-title='Encabeza-Rossy-segunda-entrega5' data-description=''><div class='gallery-item-wrapper'>\n\t\t\t\t<dt class='gallery-icon landscape'>\n\t\t\t\t\t<a href='https:\/\/difaltamira.gob.mx\/2021-2024\/wp-content\/uploads\/2023\/12\/Encabeza-Rossy-segunda-entrega5.jpeg'><img loading=\"lazy\" decoding=\"async\" width=\"300\" height=\"300\" src=\"https:\/\/difaltamira.gob.mx\/2021-2024\/wp-content\/uploads\/2023\/12\/Encabeza-Rossy-segunda-entrega5-300x300.jpeg\" class=\"attachment-thumbnail size-thumbnail\" alt=\"\" srcset=\"https:\/\/difaltamira.gob.mx\/2021-2024\/wp-content\/uploads\/2023\/12\/Encabeza-Rossy-segunda-entrega5-300x300.jpeg 300w, https:\/\/difaltamira.gob.mx\/2021-2024\/wp-content\/uploads\/2023\/12\/Encabeza-Rossy-segunda-entrega5-85x85.jpeg 85w, https:\/\/difaltamira.gob.mx\/2021-2024\/wp-content\/uploads\/2023\/12\/Encabeza-Rossy-segunda-entrega5-80x80.jpeg 80w\" sizes=\"(max-width:767px) 300px, 300px\" \/><\/a>\n\t\t\t\t<\/dt><\/div><\/dl>\n\t\t\t\t<br style='clear: both' \/>\n\t\t\t<\/div>\n<\/blockquote>\n","protected":false},"excerpt":{"rendered":"<p>En una emotiva ceremonia celebrada en el Sal\u00f3n de Actos \u201cJuan Mac\u00edas Castillo\u201d de la zona centro de Altamira, se llev\u00f3 a cabo la segunda entrega<span class=\"excerpt-hellip\"> [\u2026]<\/span><\/p>\n","protected":false},"author":2,"featured_media":1705,"comment_status":"open","ping_status":"open","sticky":false,"template":"","format":"standard","meta":{"footnotes":""},"categories":[5],"tags":[],"class_list":["post-1700","post","type-post","status-publish","format-standard","has-post-thumbnail","hentry","category-dif-altamira"],"_links":{"self":[{"href":"https:\/\/difaltamira.gob.mx\/2021-2024\/wp-json\/wp\/v2\/posts\/1700","targetHints":{"allow":["GET"]}}],"collection":[{"href":"https:\/\/difaltamira.gob.mx\/2021-2024\/wp-json\/wp\/v2\/posts"}],"about":[{"href":"https:\/\/difaltamira.gob.mx\/2021-2024\/wp-json\/wp\/v2\/types\/post"}],"author":[{"embeddable":true,"href":"https:\/\/difaltamira.gob.mx\/2021-2024\/wp-json\/wp\/v2\/users\/2"}],"replies":[{"embeddable":true,"href":"https:\/\/difaltamira.gob.mx\/2021-2024\/wp-json\/wp\/v2\/comments?post=1700"}],"version-history":[{"count":2,"href":"https:\/\/difaltamira.gob.mx\/2021-2024\/wp-json\/wp\/v2\/posts\/1700\/revisions"}],"predecessor-version":[{"id":1747,"href":"https:\/\/difaltamira.gob.mx\/2021-2024\/wp-json\/wp\/v2\/posts\/1700\/revisions\/1747"}],"wp:featuredmedia":[{"embeddable":true,"href":"https:\/\/difaltamira.gob.mx\/2021-2024\/wp-json\/wp\/v2\/media\/1705"}],"wp:attachment":[{"href":"https:\/\/difaltamira.gob.mx\/2021-2024\/wp-json\/wp\/v2\/media?parent=1700"}],"wp:term":[{"taxonomy":"category","embeddable":true,"href":"https:\/\/difaltamira.gob.mx\/2021-2024\/wp-json\/wp\/v2\/categories?post=1700"},{"taxonomy":"post_tag","embeddable":true,"href":"https:\/\/difaltamira.gob.mx\/2021-2024\/wp-json\/wp\/v2\/tags?post=1700"}],"curies":[{"name":"wp","href":"https:\/\/api.w.org\/{rel}","templated":true}]}}