{"id":1689,"date":"2023-10-04T12:34:33","date_gmt":"2023-10-04T18:34:33","guid":{"rendered":"https:\/\/difaltamira.gob.mx\/2021-2024\/?p=1689"},"modified":"2023-12-13T13:19:18","modified_gmt":"2023-12-13T19:19:18","slug":"realizan-conferencia-de-concientizacion-sobre-la-esterilizacion-de-mascotas-en-altamira","status":"publish","type":"post","link":"https:\/\/difaltamira.gob.mx\/2021-2024\/2023\/10\/04\/realizan-conferencia-de-concientizacion-sobre-la-esterilizacion-de-mascotas-en-altamira\/","title":{"rendered":"Realizan conferencia de concientizaci\u00f3n sobre la esterilizaci\u00f3n de mascotas en Altamira"},"content":{"rendered":"<h2>La Direcci\u00f3n de Bienestar Animal de Altamira, en colaboraci\u00f3n con m\u00e9dicos veterinarios de la zona, llev\u00f3 a cabo una importante conferencia de concientizaci\u00f3n sobre la esterilizaci\u00f3n de mascotas, con el objetivo de sensibilizar a los due\u00f1os de animales en la regi\u00f3n. Este evento form\u00f3 parte tambi\u00e9n del inicio de una campa\u00f1a de esterilizaci\u00f3n pionera en Am\u00e9rica Latina.<\/h2>\n<p>La conferencia cont\u00f3 con la presencia de la Presidenta del Sistema DIF local, la C.P. Rosa Irma Luque de Mart\u00ednez, as\u00ed como del Encargado de Despacho de la Direcci\u00f3n de Bienestar Animal, Lic. Juan Pablo Ingram, as\u00ed como directores, regidores y m\u00e1s invitados especiales.<\/p>\n<p>Durante su discurso, el Juan Pablo Ingram destac\u00f3 el compromiso constante con la comunidad animal y sus defensores, lo que ha resultado en un aumento significativo en la atenci\u00f3n m\u00e9dica brindada a las mascotas y en el n\u00famero de propietarios responsables que se han sumado al proyecto del Registro \u00danico de Animales de Compa\u00f1\u00eda (RUAC), que permite llevar un registro de las mascotas en el municipio, para con ello promover mayores acciones de beneficio para ellas.<\/p>\n<p>En esta conferencia se resalt\u00f3 la importancia de la esterilizaci\u00f3n y castraci\u00f3n como medidas preventivas para evitar enfermedades, c\u00e1ncer y enfermedades de transmisi\u00f3n sexual o cr\u00f3nicas que pueden poner en riesgo la vida de las mascotas.<\/p>\n<p>Con esta iniciativa, Altamira demuestra su compromiso con el bienestar animal y busca crear una comunidad m\u00e1s informada y responsable en cuanto al cuidado de sus mascotas.<\/p>\n\n\t\t\t<style type='text\/css'>\n\t\t\t\t#sc_gallery-1 {\n\t\t\t\t\tmargin: auto;\n\t\t\t\t}\n\t\t\t\t#sc_gallery-1 .gallery-item {\n\t\t\t\t\tfloat: left;\n\t\t\t\t\ttext-align: center;\n\t\t\t\t\twidth: 33.33%;\n\t\t\t\t}\n\t\t\t\t#sc_gallery-1 img {\n\t\t\t\t\tborder: 2px solid #cfcfcf;\n\t\t\t\t}\n\t\t\t\t\/* see sc_gallery() in functions\/theme-shortcodes.php *\/\n\t\t\t<\/style>\n\t\t<div id='sc_gallery-1' class='gallery galleryid-1689 gallery-columns-3 gallery-size-thumbnail file gallery-default'><dl class='gallery-item' data-title='Conferencia-Concientizacion-1' data-description=''><div class='gallery-item-wrapper'>\n\t\t\t\t<dt class='gallery-icon landscape'>\n\t\t\t\t\t<a href='https:\/\/difaltamira.gob.mx\/2021-2024\/wp-content\/uploads\/2023\/12\/Conferencia-Concientizacion-1.jpeg'><img fetchpriority=\"high\" decoding=\"async\" width=\"300\" height=\"300\" src=\"https:\/\/difaltamira.gob.mx\/2021-2024\/wp-content\/uploads\/2023\/12\/Conferencia-Concientizacion-1-300x300.jpeg\" class=\"attachment-thumbnail size-thumbnail\" alt=\"\" srcset=\"https:\/\/difaltamira.gob.mx\/2021-2024\/wp-content\/uploads\/2023\/12\/Conferencia-Concientizacion-1-300x300.jpeg 300w, https:\/\/difaltamira.gob.mx\/2021-2024\/wp-content\/uploads\/2023\/12\/Conferencia-Concientizacion-1-85x85.jpeg 85w, https:\/\/difaltamira.gob.mx\/2021-2024\/wp-content\/uploads\/2023\/12\/Conferencia-Concientizacion-1-80x80.jpeg 80w\" sizes=\"(max-width:767px) 300px, 300px\" \/><\/a>\n\t\t\t\t<\/dt><\/div><\/dl><dl class='gallery-item' data-title='Conferencia-Concientizacion-2' data-description=''><div class='gallery-item-wrapper'>\n\t\t\t\t<dt class='gallery-icon landscape'>\n\t\t\t\t\t<a href='https:\/\/difaltamira.gob.mx\/2021-2024\/wp-content\/uploads\/2023\/12\/Conferencia-Concientizacion-2.jpeg'><img decoding=\"async\" width=\"300\" height=\"300\" src=\"https:\/\/difaltamira.gob.mx\/2021-2024\/wp-content\/uploads\/2023\/12\/Conferencia-Concientizacion-2-300x300.jpeg\" class=\"attachment-thumbnail size-thumbnail\" alt=\"\" srcset=\"https:\/\/difaltamira.gob.mx\/2021-2024\/wp-content\/uploads\/2023\/12\/Conferencia-Concientizacion-2-300x300.jpeg 300w, https:\/\/difaltamira.gob.mx\/2021-2024\/wp-content\/uploads\/2023\/12\/Conferencia-Concientizacion-2-85x85.jpeg 85w, https:\/\/difaltamira.gob.mx\/2021-2024\/wp-content\/uploads\/2023\/12\/Conferencia-Concientizacion-2-80x80.jpeg 80w\" sizes=\"(max-width:767px) 300px, 300px\" \/><\/a>\n\t\t\t\t<\/dt><\/div><\/dl><dl class='gallery-item' data-title='Conferencia-Concientizacion-3' data-description=''><div class='gallery-item-wrapper'>\n\t\t\t\t<dt class='gallery-icon landscape'>\n\t\t\t\t\t<a href='https:\/\/difaltamira.gob.mx\/2021-2024\/wp-content\/uploads\/2023\/12\/Conferencia-Concientizacion-3.jpeg'><img decoding=\"async\" width=\"300\" height=\"300\" src=\"https:\/\/difaltamira.gob.mx\/2021-2024\/wp-content\/uploads\/2023\/12\/Conferencia-Concientizacion-3-300x300.jpeg\" class=\"attachment-thumbnail size-thumbnail\" alt=\"\" srcset=\"https:\/\/difaltamira.gob.mx\/2021-2024\/wp-content\/uploads\/2023\/12\/Conferencia-Concientizacion-3-300x300.jpeg 300w, https:\/\/difaltamira.gob.mx\/2021-2024\/wp-content\/uploads\/2023\/12\/Conferencia-Concientizacion-3-85x85.jpeg 85w, https:\/\/difaltamira.gob.mx\/2021-2024\/wp-content\/uploads\/2023\/12\/Conferencia-Concientizacion-3-80x80.jpeg 80w\" sizes=\"(max-width:767px) 300px, 300px\" \/><\/a>\n\t\t\t\t<\/dt><\/div><\/dl><br style=\"clear: both\" \/><dl class='gallery-item' data-title='Conferencia-Concientizacion-4' data-description=''><div class='gallery-item-wrapper'>\n\t\t\t\t<dt class='gallery-icon landscape'>\n\t\t\t\t\t<a href='https:\/\/difaltamira.gob.mx\/2021-2024\/wp-content\/uploads\/2023\/12\/Conferencia-Concientizacion-4.jpeg'><img loading=\"lazy\" decoding=\"async\" width=\"300\" height=\"300\" src=\"https:\/\/difaltamira.gob.mx\/2021-2024\/wp-content\/uploads\/2023\/12\/Conferencia-Concientizacion-4-300x300.jpeg\" class=\"attachment-thumbnail size-thumbnail\" alt=\"\" srcset=\"https:\/\/difaltamira.gob.mx\/2021-2024\/wp-content\/uploads\/2023\/12\/Conferencia-Concientizacion-4-300x300.jpeg 300w, https:\/\/difaltamira.gob.mx\/2021-2024\/wp-content\/uploads\/2023\/12\/Conferencia-Concientizacion-4-85x85.jpeg 85w, https:\/\/difaltamira.gob.mx\/2021-2024\/wp-content\/uploads\/2023\/12\/Conferencia-Concientizacion-4-80x80.jpeg 80w\" sizes=\"(max-width:767px) 300px, 300px\" \/><\/a>\n\t\t\t\t<\/dt><\/div><\/dl><dl class='gallery-item' data-title='Conferencia-Concientizacion-5' data-description=''><div class='gallery-item-wrapper'>\n\t\t\t\t<dt class='gallery-icon landscape'>\n\t\t\t\t\t<a href='https:\/\/difaltamira.gob.mx\/2021-2024\/wp-content\/uploads\/2023\/12\/Conferencia-Concientizacion-5.jpeg'><img loading=\"lazy\" decoding=\"async\" width=\"300\" height=\"300\" src=\"https:\/\/difaltamira.gob.mx\/2021-2024\/wp-content\/uploads\/2023\/12\/Conferencia-Concientizacion-5-300x300.jpeg\" class=\"attachment-thumbnail size-thumbnail\" alt=\"\" srcset=\"https:\/\/difaltamira.gob.mx\/2021-2024\/wp-content\/uploads\/2023\/12\/Conferencia-Concientizacion-5-300x300.jpeg 300w, https:\/\/difaltamira.gob.mx\/2021-2024\/wp-content\/uploads\/2023\/12\/Conferencia-Concientizacion-5-85x85.jpeg 85w, https:\/\/difaltamira.gob.mx\/2021-2024\/wp-content\/uploads\/2023\/12\/Conferencia-Concientizacion-5-80x80.jpeg 80w\" sizes=\"(max-width:767px) 300px, 300px\" \/><\/a>\n\t\t\t\t<\/dt><\/div><\/dl>\n\t\t\t\t<br style='clear: both' \/>\n\t\t\t<\/div>\n\n","protected":false},"excerpt":{"rendered":"<p>La Direcci\u00f3n de Bienestar Animal de Altamira, en colaboraci\u00f3n con m\u00e9dicos veterinarios de la zona, llev\u00f3 a cabo una importante conferencia de concientizaci\u00f3n sobre la esterilizaci\u00f3n<span class=\"excerpt-hellip\"> [\u2026]<\/span><\/p>\n","protected":false},"author":2,"featured_media":1693,"comment_status":"open","ping_status":"open","sticky":false,"template":"","format":"standard","meta":{"footnotes":""},"categories":[5],"tags":[],"class_list":["post-1689","post","type-post","status-publish","format-standard","has-post-thumbnail","hentry","category-dif-altamira"],"_links":{"self":[{"href":"https:\/\/difaltamira.gob.mx\/2021-2024\/wp-json\/wp\/v2\/posts\/1689","targetHints":{"allow":["GET"]}}],"collection":[{"href":"https:\/\/difaltamira.gob.mx\/2021-2024\/wp-json\/wp\/v2\/posts"}],"about":[{"href":"https:\/\/difaltamira.gob.mx\/2021-2024\/wp-json\/wp\/v2\/types\/post"}],"author":[{"embeddable":true,"href":"https:\/\/difaltamira.gob.mx\/2021-2024\/wp-json\/wp\/v2\/users\/2"}],"replies":[{"embeddable":true,"href":"https:\/\/difaltamira.gob.mx\/2021-2024\/wp-json\/wp\/v2\/comments?post=1689"}],"version-history":[{"count":2,"href":"https:\/\/difaltamira.gob.mx\/2021-2024\/wp-json\/wp\/v2\/posts\/1689\/revisions"}],"predecessor-version":[{"id":1742,"href":"https:\/\/difaltamira.gob.mx\/2021-2024\/wp-json\/wp\/v2\/posts\/1689\/revisions\/1742"}],"wp:featuredmedia":[{"embeddable":true,"href":"https:\/\/difaltamira.gob.mx\/2021-2024\/wp-json\/wp\/v2\/media\/1693"}],"wp:attachment":[{"href":"https:\/\/difaltamira.gob.mx\/2021-2024\/wp-json\/wp\/v2\/media?parent=1689"}],"wp:term":[{"taxonomy":"category","embeddable":true,"href":"https:\/\/difaltamira.gob.mx\/2021-2024\/wp-json\/wp\/v2\/categories?post=1689"},{"taxonomy":"post_tag","embeddable":true,"href":"https:\/\/difaltamira.gob.mx\/2021-2024\/wp-json\/wp\/v2\/tags?post=1689"}],"curies":[{"name":"wp","href":"https:\/\/api.w.org\/{rel}","templated":true}]}}