{"id":1662,"date":"2023-10-08T17:06:02","date_gmt":"2023-10-08T23:06:02","guid":{"rendered":"https:\/\/difaltamira.gob.mx\/2021-2024\/?p=1662"},"modified":"2023-12-11T14:31:49","modified_gmt":"2023-12-11T20:31:49","slug":"2-anos-latiendo-y-transformando-rendira-rossy-luque-su-segundo-informe-al-frente-del-sistema-dif-altamira","status":"publish","type":"post","link":"https:\/\/difaltamira.gob.mx\/2021-2024\/2023\/10\/08\/2-anos-latiendo-y-transformando-rendira-rossy-luque-su-segundo-informe-al-frente-del-sistema-dif-altamira\/","title":{"rendered":"2 a\u00f1os latiendo y transformando: Rendir\u00e1 Rossy Luque su segundo informe al frente del Sistema DIF Altamira"},"content":{"rendered":"<h2>La presidenta del organismo se ha caracterizado por atender a la ciudadan\u00eda con calidad y calidez desde el d\u00eda uno<\/h2>\n<p>Dos a\u00f1os de logros, proyectos concretados y miles de personas beneficiadas se han desarrollado desde que la presidenta del Sistema DIF Altamira, C.P. Rossy Luque de Mart\u00ednez encabez\u00f3 el organismo a partir de octubre del 2021. Para rendirle cuenta a las familias de lo implementado en el \u00faltimo a\u00f1o, la se\u00f1ora Rossy habr\u00e1 de llevar a cabo un informe de resultados este pr\u00f3ximo 16 de Octubre.<\/p>\n<p>El recinto oficial para tan importante evento ser\u00e1 el Gimnasio H.H. \u201cJack\u201d Fleishman del Instituto Tecnol\u00f3gico y de Estudios Superiores de Monterrey Campus Altamira, en donde Rossy Luque dar\u00e1 a conocer a los altamirenses los compromisos cumplidos de coraz\u00f3n en materia de asistencia social, atenci\u00f3n a grupos vulnerables, promoci\u00f3n de la salud, cuidado de adultos mayores, educaci\u00f3n en ni\u00f1os y j\u00f3venes, entre otras rubros que forman parte de los seis ejes de acci\u00f3n en los que trabaja el DIF Altamira.<\/p>\n<blockquote><p>En relaci\u00f3n a este informe, Rossy Luque se muestra entusiasmada por poder rendir cuentas a la ciudadan\u00eda, pues declara abiertamente; \u201cnos debemos al pueblo, a la gente, por ello es que hemos hecho cambios desde el d\u00eda uno de haber presidido el DIF. Hoy la salud est\u00e1 al alcance para todos, los centros Tamul son recintos vivos donde se promueve el arte y la cultura, y muchas cosas m\u00e1s. Por ello vamos a rendirle informe a las familias, vamos por buen camino\u201d.<\/p><\/blockquote>\n<p>Concluy\u00f3 invitando a la gente a que sigan en vivo este gran evento a trav\u00e9s de la p\u00e1gina oficial del organismo en Facebook: DIF Municipal Altamira el pr\u00f3ximo 16 de Octubre en punto de las 6:00 p.m.<\/p>\n\n\t\t\t<style type='text\/css'>\n\t\t\t\t#sc_gallery-1 {\n\t\t\t\t\tmargin: auto;\n\t\t\t\t}\n\t\t\t\t#sc_gallery-1 .gallery-item {\n\t\t\t\t\tfloat: left;\n\t\t\t\t\ttext-align: center;\n\t\t\t\t\twidth: 33.33%;\n\t\t\t\t}\n\t\t\t\t#sc_gallery-1 img {\n\t\t\t\t\tborder: 2px solid #cfcfcf;\n\t\t\t\t}\n\t\t\t\t\/* see sc_gallery() in functions\/theme-shortcodes.php *\/\n\t\t\t<\/style>\n\t\t<div id='sc_gallery-1' class='gallery galleryid-1662 gallery-columns-3 gallery-size-thumbnail file gallery-default'><dl class='gallery-item' data-title='2-a\u00f1os-latiendo-y-transformando-rendira-rossy-luque-su-segundo-informe-al-frente-del-sistema-dif-altamira-01' data-description=''><div class='gallery-item-wrapper'>\n\t\t\t\t<dt class='gallery-icon landscape'>\n\t\t\t\t\t<a href='https:\/\/difaltamira.gob.mx\/2021-2024\/wp-content\/uploads\/2023\/12\/2-anos-latiendo-y-transformando-rendira-rossy-luque-su-segundo-informe-al-frente-del-sistema-dif-altamira-01.jpeg'><img fetchpriority=\"high\" decoding=\"async\" width=\"300\" height=\"300\" src=\"https:\/\/difaltamira.gob.mx\/2021-2024\/wp-content\/uploads\/2023\/12\/2-anos-latiendo-y-transformando-rendira-rossy-luque-su-segundo-informe-al-frente-del-sistema-dif-altamira-01-300x300.jpeg\" class=\"attachment-thumbnail size-thumbnail\" alt=\"\" srcset=\"https:\/\/difaltamira.gob.mx\/2021-2024\/wp-content\/uploads\/2023\/12\/2-anos-latiendo-y-transformando-rendira-rossy-luque-su-segundo-informe-al-frente-del-sistema-dif-altamira-01-300x300.jpeg 300w, https:\/\/difaltamira.gob.mx\/2021-2024\/wp-content\/uploads\/2023\/12\/2-anos-latiendo-y-transformando-rendira-rossy-luque-su-segundo-informe-al-frente-del-sistema-dif-altamira-01-85x85.jpeg 85w, https:\/\/difaltamira.gob.mx\/2021-2024\/wp-content\/uploads\/2023\/12\/2-anos-latiendo-y-transformando-rendira-rossy-luque-su-segundo-informe-al-frente-del-sistema-dif-altamira-01-80x80.jpeg 80w\" sizes=\"(max-width:767px) 300px, 300px\" \/><\/a>\n\t\t\t\t<\/dt><\/div><\/dl><dl class='gallery-item' data-title='2-a\u00f1os-latiendo-y-transformando-rendira-rossy-luque-su-segundo-informe-al-frente-del-sistema-dif-altamira-02' data-description=''><div class='gallery-item-wrapper'>\n\t\t\t\t<dt class='gallery-icon landscape'>\n\t\t\t\t\t<a href='https:\/\/difaltamira.gob.mx\/2021-2024\/wp-content\/uploads\/2023\/12\/2-anos-latiendo-y-transformando-rendira-rossy-luque-su-segundo-informe-al-frente-del-sistema-dif-altamira-02.jpeg'><img decoding=\"async\" width=\"300\" height=\"300\" src=\"https:\/\/difaltamira.gob.mx\/2021-2024\/wp-content\/uploads\/2023\/12\/2-anos-latiendo-y-transformando-rendira-rossy-luque-su-segundo-informe-al-frente-del-sistema-dif-altamira-02-300x300.jpeg\" class=\"attachment-thumbnail size-thumbnail\" alt=\"\" srcset=\"https:\/\/difaltamira.gob.mx\/2021-2024\/wp-content\/uploads\/2023\/12\/2-anos-latiendo-y-transformando-rendira-rossy-luque-su-segundo-informe-al-frente-del-sistema-dif-altamira-02-300x300.jpeg 300w, https:\/\/difaltamira.gob.mx\/2021-2024\/wp-content\/uploads\/2023\/12\/2-anos-latiendo-y-transformando-rendira-rossy-luque-su-segundo-informe-al-frente-del-sistema-dif-altamira-02-85x85.jpeg 85w, https:\/\/difaltamira.gob.mx\/2021-2024\/wp-content\/uploads\/2023\/12\/2-anos-latiendo-y-transformando-rendira-rossy-luque-su-segundo-informe-al-frente-del-sistema-dif-altamira-02-80x80.jpeg 80w\" sizes=\"(max-width:767px) 300px, 300px\" \/><\/a>\n\t\t\t\t<\/dt><\/div><\/dl><dl class='gallery-item' data-title='2-a\u00f1os-latiendo-y-transformando-rendira-rossy-luque-su-segundo-informe-al-frente-del-sistema-dif-altamira-03' data-description=''><div class='gallery-item-wrapper'>\n\t\t\t\t<dt class='gallery-icon landscape'>\n\t\t\t\t\t<a href='https:\/\/difaltamira.gob.mx\/2021-2024\/wp-content\/uploads\/2023\/12\/2-anos-latiendo-y-transformando-rendira-rossy-luque-su-segundo-informe-al-frente-del-sistema-dif-altamira-03.jpeg'><img decoding=\"async\" width=\"300\" height=\"300\" src=\"https:\/\/difaltamira.gob.mx\/2021-2024\/wp-content\/uploads\/2023\/12\/2-anos-latiendo-y-transformando-rendira-rossy-luque-su-segundo-informe-al-frente-del-sistema-dif-altamira-03-300x300.jpeg\" class=\"attachment-thumbnail size-thumbnail\" alt=\"\" srcset=\"https:\/\/difaltamira.gob.mx\/2021-2024\/wp-content\/uploads\/2023\/12\/2-anos-latiendo-y-transformando-rendira-rossy-luque-su-segundo-informe-al-frente-del-sistema-dif-altamira-03-300x300.jpeg 300w, https:\/\/difaltamira.gob.mx\/2021-2024\/wp-content\/uploads\/2023\/12\/2-anos-latiendo-y-transformando-rendira-rossy-luque-su-segundo-informe-al-frente-del-sistema-dif-altamira-03-85x85.jpeg 85w, https:\/\/difaltamira.gob.mx\/2021-2024\/wp-content\/uploads\/2023\/12\/2-anos-latiendo-y-transformando-rendira-rossy-luque-su-segundo-informe-al-frente-del-sistema-dif-altamira-03-80x80.jpeg 80w\" sizes=\"(max-width:767px) 300px, 300px\" \/><\/a>\n\t\t\t\t<\/dt><\/div><\/dl><br style=\"clear: both\" \/><dl class='gallery-item' data-title='2-a\u00f1os-latiendo-y-transformando-rendira-rossy-luque-su-segundo-informe-al-frente-del-sistema-dif-altamira-04' data-description=''><div class='gallery-item-wrapper'>\n\t\t\t\t<dt class='gallery-icon landscape'>\n\t\t\t\t\t<a href='https:\/\/difaltamira.gob.mx\/2021-2024\/wp-content\/uploads\/2023\/12\/2-anos-latiendo-y-transformando-rendira-rossy-luque-su-segundo-informe-al-frente-del-sistema-dif-altamira-04.jpeg'><img loading=\"lazy\" decoding=\"async\" width=\"300\" height=\"300\" src=\"https:\/\/difaltamira.gob.mx\/2021-2024\/wp-content\/uploads\/2023\/12\/2-anos-latiendo-y-transformando-rendira-rossy-luque-su-segundo-informe-al-frente-del-sistema-dif-altamira-04-300x300.jpeg\" class=\"attachment-thumbnail size-thumbnail\" alt=\"\" srcset=\"https:\/\/difaltamira.gob.mx\/2021-2024\/wp-content\/uploads\/2023\/12\/2-anos-latiendo-y-transformando-rendira-rossy-luque-su-segundo-informe-al-frente-del-sistema-dif-altamira-04-300x300.jpeg 300w, https:\/\/difaltamira.gob.mx\/2021-2024\/wp-content\/uploads\/2023\/12\/2-anos-latiendo-y-transformando-rendira-rossy-luque-su-segundo-informe-al-frente-del-sistema-dif-altamira-04-85x85.jpeg 85w, https:\/\/difaltamira.gob.mx\/2021-2024\/wp-content\/uploads\/2023\/12\/2-anos-latiendo-y-transformando-rendira-rossy-luque-su-segundo-informe-al-frente-del-sistema-dif-altamira-04-80x80.jpeg 80w\" sizes=\"(max-width:767px) 300px, 300px\" \/><\/a>\n\t\t\t\t<\/dt><\/div><\/dl><dl class='gallery-item' data-title='2-a\u00f1os-latiendo-y-transformando-rendira-rossy-luque-su-segundo-informe-al-frente-del-sistema-dif-altamira-05' data-description=''><div class='gallery-item-wrapper'>\n\t\t\t\t<dt class='gallery-icon landscape'>\n\t\t\t\t\t<a href='https:\/\/difaltamira.gob.mx\/2021-2024\/wp-content\/uploads\/2023\/12\/2-anos-latiendo-y-transformando-rendira-rossy-luque-su-segundo-informe-al-frente-del-sistema-dif-altamira-05.jpeg'><img loading=\"lazy\" decoding=\"async\" width=\"300\" height=\"300\" src=\"https:\/\/difaltamira.gob.mx\/2021-2024\/wp-content\/uploads\/2023\/12\/2-anos-latiendo-y-transformando-rendira-rossy-luque-su-segundo-informe-al-frente-del-sistema-dif-altamira-05-300x300.jpeg\" class=\"attachment-thumbnail size-thumbnail\" alt=\"\" srcset=\"https:\/\/difaltamira.gob.mx\/2021-2024\/wp-content\/uploads\/2023\/12\/2-anos-latiendo-y-transformando-rendira-rossy-luque-su-segundo-informe-al-frente-del-sistema-dif-altamira-05-300x300.jpeg 300w, https:\/\/difaltamira.gob.mx\/2021-2024\/wp-content\/uploads\/2023\/12\/2-anos-latiendo-y-transformando-rendira-rossy-luque-su-segundo-informe-al-frente-del-sistema-dif-altamira-05-85x85.jpeg 85w, https:\/\/difaltamira.gob.mx\/2021-2024\/wp-content\/uploads\/2023\/12\/2-anos-latiendo-y-transformando-rendira-rossy-luque-su-segundo-informe-al-frente-del-sistema-dif-altamira-05-80x80.jpeg 80w\" sizes=\"(max-width:767px) 300px, 300px\" \/><\/a>\n\t\t\t\t<\/dt><\/div><\/dl>\n\t\t\t\t<br style='clear: both' \/>\n\t\t\t<\/div>\n\n","protected":false},"excerpt":{"rendered":"<p>La presidenta del organismo se ha caracterizado por atender a la ciudadan\u00eda con calidad y calidez desde el d\u00eda uno Dos a\u00f1os de logros, proyectos concretados<span class=\"excerpt-hellip\"> [\u2026]<\/span><\/p>\n","protected":false},"author":2,"featured_media":1668,"comment_status":"open","ping_status":"open","sticky":false,"template":"","format":"standard","meta":{"footnotes":""},"categories":[5],"tags":[],"class_list":["post-1662","post","type-post","status-publish","format-standard","has-post-thumbnail","hentry","category-dif-altamira"],"_links":{"self":[{"href":"https:\/\/difaltamira.gob.mx\/2021-2024\/wp-json\/wp\/v2\/posts\/1662","targetHints":{"allow":["GET"]}}],"collection":[{"href":"https:\/\/difaltamira.gob.mx\/2021-2024\/wp-json\/wp\/v2\/posts"}],"about":[{"href":"https:\/\/difaltamira.gob.mx\/2021-2024\/wp-json\/wp\/v2\/types\/post"}],"author":[{"embeddable":true,"href":"https:\/\/difaltamira.gob.mx\/2021-2024\/wp-json\/wp\/v2\/users\/2"}],"replies":[{"embeddable":true,"href":"https:\/\/difaltamira.gob.mx\/2021-2024\/wp-json\/wp\/v2\/comments?post=1662"}],"version-history":[{"count":1,"href":"https:\/\/difaltamira.gob.mx\/2021-2024\/wp-json\/wp\/v2\/posts\/1662\/revisions"}],"predecessor-version":[{"id":1674,"href":"https:\/\/difaltamira.gob.mx\/2021-2024\/wp-json\/wp\/v2\/posts\/1662\/revisions\/1674"}],"wp:featuredmedia":[{"embeddable":true,"href":"https:\/\/difaltamira.gob.mx\/2021-2024\/wp-json\/wp\/v2\/media\/1668"}],"wp:attachment":[{"href":"https:\/\/difaltamira.gob.mx\/2021-2024\/wp-json\/wp\/v2\/media?parent=1662"}],"wp:term":[{"taxonomy":"category","embeddable":true,"href":"https:\/\/difaltamira.gob.mx\/2021-2024\/wp-json\/wp\/v2\/categories?post=1662"},{"taxonomy":"post_tag","embeddable":true,"href":"https:\/\/difaltamira.gob.mx\/2021-2024\/wp-json\/wp\/v2\/tags?post=1662"}],"curies":[{"name":"wp","href":"https:\/\/api.w.org\/{rel}","templated":true}]}}