{"id":1590,"date":"2023-08-20T17:00:09","date_gmt":"2023-08-20T23:00:09","guid":{"rendered":"https:\/\/difaltamira.gob.mx\/2021-2024\/?p=1590"},"modified":"2023-11-15T17:05:22","modified_gmt":"2023-11-15T23:05:22","slug":"altamira-celebra-la-juventud-y-el-arte-en-la-segunda-edicion-del-festival-de-talentos-2023","status":"publish","type":"post","link":"https:\/\/difaltamira.gob.mx\/2021-2024\/2023\/08\/20\/altamira-celebra-la-juventud-y-el-arte-en-la-segunda-edicion-del-festival-de-talentos-2023\/","title":{"rendered":"Altamira celebra la juventud y el arte en la segunda edici\u00f3n del Festival de Talentos 2023"},"content":{"rendered":"<h2>En un emocionante encuentro que destil\u00f3 creatividad y pasi\u00f3n, la plaza principal de la zona centro de Altamira se ilumin\u00f3 con el esplendor de la Segunda Edici\u00f3n del Festival de Talentos 2023. Con motivo del D\u00eda Internacional de la Juventud, el Sistema DIF en colaboraci\u00f3n con el Voluntariado Juvenil y la Direcci\u00f3n de Cultura unieron fuerzas para ofrecer a los j\u00f3venes altamirenses una plataforma donde demostrar sus habilidades art\u00edsticas y nutrir su desarrollo en el mundo del arte.<\/h2>\n<p>Presidi\u00f3 el evento la C.P. Rossy Luque de Mart\u00ednez, presidenta del Sistema DIF local. La apertura del festival se marc\u00f3 con la presentaci\u00f3n del jurado calificador, un panel de respetados nombres en el mundo art\u00edstico: la Mtra. Norma Cruz Mata, encargada de la Facultad de M\u00fasica de la UAT; Lic. Carlos Alvarado, director de estudio &#8220;kabal&#8221;; Lic. Luis Enrique Estrada Rivera, experto en Jazz, Acrobacia y Hip Hop; el Lic. Andr\u00e9s Ram\u00edrez Cabrera, maestro del canto, y Lic. Sa\u00fal Guerrero del \u00c1ngel, defensor de la danza folkl\u00f3rica.<\/p>\n<p>Un momento estelar fue la actuaci\u00f3n del triunfador de la edici\u00f3n inaugural del festival en 2022, Jes\u00fas Guadalupe Cruz Santos, quien volvi\u00f3 a demostrar talento a la concurrencia.<\/p>\n<p>El concurso se distribuy\u00f3 en tres categor\u00edas destacadas: canto, baile e instrumento. Despu\u00e9s de una audici\u00f3n llena de intensidad y destrezas, se anunciaron los vencedores:<\/p>\n<p>Por la Categor\u00eda de Instrumentos: Juan Arturo Figueroa, Santos Hdz Tovar y Jos\u00e9 Juan \u00c1lvarez, con el primero, segundo y tercer lugar respectivamente.<\/p>\n<p>Bajo la Categor\u00eda de Baile el primer lugar correspondi\u00f3 para \u00c1lvaro Iv\u00e1n Ruiz Orta, el segundo para Samantha Estefan\u00eda Cadena \u00c1vila, mientras que el tercero result\u00f3 para Dan Sol\u00eds Banda<\/p>\n<p>En la Categor\u00eda de Canto \u00c1ngela Rub\u00ed Rodr\u00edguez Alejandre sali\u00f3 avante con el primer lugar, mientras que Jessica Mayed Flores Anaya y Sydney Ashley Guardiola Res\u00e9ndiz obtuvieron segundo y tercer lugar.<\/p>\n<blockquote><p>En su discurso oficial, la Presidenta del DIF realz\u00f3 el esp\u00edritu del evento y la perseverancia de la juventud altamirense: &#8220;Altamira es una tierra de campeones y artistas que luchan por sus sue\u00f1os. \u00a1Estoy sumamente orgullosa de todos ustedes! Los j\u00f3venes son la promesa realizada, el presente vibrante de Altamira. Con su dedicaci\u00f3n, construyen un futuro m\u00e1s equitativo, justo y participativo&#8221;.<\/p><\/blockquote>\n<p>El Festival de Talentos 2023 rindi\u00f3 homenaje al ardor art\u00edstico y la habilidad innata de la juventud altamirense. Este evento reafirm\u00f3 el compromiso del Gobierno Municipal de Altamira de cultivar el talento emergente y brindar oportunidades para que florezcan.<\/p>\n\n\t\t\t<style type='text\/css'>\n\t\t\t\t#sc_gallery-1 {\n\t\t\t\t\tmargin: auto;\n\t\t\t\t}\n\t\t\t\t#sc_gallery-1 .gallery-item {\n\t\t\t\t\tfloat: left;\n\t\t\t\t\ttext-align: center;\n\t\t\t\t\twidth: 33.33%;\n\t\t\t\t}\n\t\t\t\t#sc_gallery-1 img {\n\t\t\t\t\tborder: 2px solid #cfcfcf;\n\t\t\t\t}\n\t\t\t\t\/* see sc_gallery() in functions\/theme-shortcodes.php *\/\n\t\t\t<\/style>\n\t\t<div id='sc_gallery-1' class='gallery galleryid-1590 gallery-columns-3 gallery-size-thumbnail file gallery-default'><dl class='gallery-item' data-title='segunda-edicion-festival-talentos-01' data-description=''><div class='gallery-item-wrapper'>\n\t\t\t\t<dt class='gallery-icon landscape'>\n\t\t\t\t\t<a href='https:\/\/difaltamira.gob.mx\/2021-2024\/wp-content\/uploads\/2023\/11\/segunda-edicion-festival-talentos-01.jpeg'><img fetchpriority=\"high\" decoding=\"async\" width=\"300\" height=\"300\" src=\"https:\/\/difaltamira.gob.mx\/2021-2024\/wp-content\/uploads\/2023\/11\/segunda-edicion-festival-talentos-01-300x300.jpeg\" class=\"attachment-thumbnail size-thumbnail\" alt=\"\" srcset=\"https:\/\/difaltamira.gob.mx\/2021-2024\/wp-content\/uploads\/2023\/11\/segunda-edicion-festival-talentos-01-300x300.jpeg 300w, https:\/\/difaltamira.gob.mx\/2021-2024\/wp-content\/uploads\/2023\/11\/segunda-edicion-festival-talentos-01-85x85.jpeg 85w, https:\/\/difaltamira.gob.mx\/2021-2024\/wp-content\/uploads\/2023\/11\/segunda-edicion-festival-talentos-01-80x80.jpeg 80w\" sizes=\"(max-width:767px) 300px, 300px\" \/><\/a>\n\t\t\t\t<\/dt><\/div><\/dl><dl class='gallery-item' data-title='segunda-edicion-festival-talentos-02' data-description=''><div class='gallery-item-wrapper'>\n\t\t\t\t<dt class='gallery-icon landscape'>\n\t\t\t\t\t<a href='https:\/\/difaltamira.gob.mx\/2021-2024\/wp-content\/uploads\/2023\/11\/segunda-edicion-festival-talentos-02.jpeg'><img decoding=\"async\" width=\"300\" height=\"300\" src=\"https:\/\/difaltamira.gob.mx\/2021-2024\/wp-content\/uploads\/2023\/11\/segunda-edicion-festival-talentos-02-300x300.jpeg\" class=\"attachment-thumbnail size-thumbnail\" alt=\"\" srcset=\"https:\/\/difaltamira.gob.mx\/2021-2024\/wp-content\/uploads\/2023\/11\/segunda-edicion-festival-talentos-02-300x300.jpeg 300w, https:\/\/difaltamira.gob.mx\/2021-2024\/wp-content\/uploads\/2023\/11\/segunda-edicion-festival-talentos-02-85x85.jpeg 85w, https:\/\/difaltamira.gob.mx\/2021-2024\/wp-content\/uploads\/2023\/11\/segunda-edicion-festival-talentos-02-80x80.jpeg 80w\" sizes=\"(max-width:767px) 300px, 300px\" \/><\/a>\n\t\t\t\t<\/dt><\/div><\/dl><dl class='gallery-item' data-title='segunda-edicion-festival-talentos-03' data-description=''><div class='gallery-item-wrapper'>\n\t\t\t\t<dt class='gallery-icon landscape'>\n\t\t\t\t\t<a href='https:\/\/difaltamira.gob.mx\/2021-2024\/wp-content\/uploads\/2023\/11\/segunda-edicion-festival-talentos-03.jpeg'><img decoding=\"async\" width=\"300\" height=\"300\" src=\"https:\/\/difaltamira.gob.mx\/2021-2024\/wp-content\/uploads\/2023\/11\/segunda-edicion-festival-talentos-03-300x300.jpeg\" class=\"attachment-thumbnail size-thumbnail\" alt=\"\" srcset=\"https:\/\/difaltamira.gob.mx\/2021-2024\/wp-content\/uploads\/2023\/11\/segunda-edicion-festival-talentos-03-300x300.jpeg 300w, https:\/\/difaltamira.gob.mx\/2021-2024\/wp-content\/uploads\/2023\/11\/segunda-edicion-festival-talentos-03-85x85.jpeg 85w, https:\/\/difaltamira.gob.mx\/2021-2024\/wp-content\/uploads\/2023\/11\/segunda-edicion-festival-talentos-03-80x80.jpeg 80w\" sizes=\"(max-width:767px) 300px, 300px\" \/><\/a>\n\t\t\t\t<\/dt><\/div><\/dl><br style=\"clear: both\" \/><dl class='gallery-item' data-title='segunda-edicion-festival-talentos-04' data-description=''><div class='gallery-item-wrapper'>\n\t\t\t\t<dt class='gallery-icon landscape'>\n\t\t\t\t\t<a href='https:\/\/difaltamira.gob.mx\/2021-2024\/wp-content\/uploads\/2023\/11\/segunda-edicion-festival-talentos-04.jpeg'><img loading=\"lazy\" decoding=\"async\" width=\"300\" height=\"300\" src=\"https:\/\/difaltamira.gob.mx\/2021-2024\/wp-content\/uploads\/2023\/11\/segunda-edicion-festival-talentos-04-300x300.jpeg\" class=\"attachment-thumbnail size-thumbnail\" alt=\"\" srcset=\"https:\/\/difaltamira.gob.mx\/2021-2024\/wp-content\/uploads\/2023\/11\/segunda-edicion-festival-talentos-04-300x300.jpeg 300w, https:\/\/difaltamira.gob.mx\/2021-2024\/wp-content\/uploads\/2023\/11\/segunda-edicion-festival-talentos-04-85x85.jpeg 85w, https:\/\/difaltamira.gob.mx\/2021-2024\/wp-content\/uploads\/2023\/11\/segunda-edicion-festival-talentos-04-80x80.jpeg 80w\" sizes=\"(max-width:767px) 300px, 300px\" \/><\/a>\n\t\t\t\t<\/dt><\/div><\/dl><dl class='gallery-item' data-title='segunda-edicion-festival-talentos-05' data-description=''><div class='gallery-item-wrapper'>\n\t\t\t\t<dt class='gallery-icon landscape'>\n\t\t\t\t\t<a href='https:\/\/difaltamira.gob.mx\/2021-2024\/wp-content\/uploads\/2023\/11\/segunda-edicion-festival-talentos-05.jpeg'><img loading=\"lazy\" decoding=\"async\" width=\"300\" height=\"300\" src=\"https:\/\/difaltamira.gob.mx\/2021-2024\/wp-content\/uploads\/2023\/11\/segunda-edicion-festival-talentos-05-300x300.jpeg\" class=\"attachment-thumbnail size-thumbnail\" alt=\"\" srcset=\"https:\/\/difaltamira.gob.mx\/2021-2024\/wp-content\/uploads\/2023\/11\/segunda-edicion-festival-talentos-05-300x300.jpeg 300w, https:\/\/difaltamira.gob.mx\/2021-2024\/wp-content\/uploads\/2023\/11\/segunda-edicion-festival-talentos-05-85x85.jpeg 85w, https:\/\/difaltamira.gob.mx\/2021-2024\/wp-content\/uploads\/2023\/11\/segunda-edicion-festival-talentos-05-80x80.jpeg 80w\" sizes=\"(max-width:767px) 300px, 300px\" \/><\/a>\n\t\t\t\t<\/dt><\/div><\/dl>\n\t\t\t\t<br style='clear: both' \/>\n\t\t\t<\/div>\n\n","protected":false},"excerpt":{"rendered":"<p>En un emocionante encuentro que destil\u00f3 creatividad y pasi\u00f3n, la plaza principal de la zona centro de Altamira se ilumin\u00f3 con el esplendor de la Segunda<span class=\"excerpt-hellip\"> [\u2026]<\/span><\/p>\n","protected":false},"author":2,"featured_media":1591,"comment_status":"open","ping_status":"open","sticky":false,"template":"","format":"standard","meta":{"footnotes":""},"categories":[5],"tags":[],"class_list":["post-1590","post","type-post","status-publish","format-standard","has-post-thumbnail","hentry","category-dif-altamira"],"_links":{"self":[{"href":"https:\/\/difaltamira.gob.mx\/2021-2024\/wp-json\/wp\/v2\/posts\/1590","targetHints":{"allow":["GET"]}}],"collection":[{"href":"https:\/\/difaltamira.gob.mx\/2021-2024\/wp-json\/wp\/v2\/posts"}],"about":[{"href":"https:\/\/difaltamira.gob.mx\/2021-2024\/wp-json\/wp\/v2\/types\/post"}],"author":[{"embeddable":true,"href":"https:\/\/difaltamira.gob.mx\/2021-2024\/wp-json\/wp\/v2\/users\/2"}],"replies":[{"embeddable":true,"href":"https:\/\/difaltamira.gob.mx\/2021-2024\/wp-json\/wp\/v2\/comments?post=1590"}],"version-history":[{"count":1,"href":"https:\/\/difaltamira.gob.mx\/2021-2024\/wp-json\/wp\/v2\/posts\/1590\/revisions"}],"predecessor-version":[{"id":1596,"href":"https:\/\/difaltamira.gob.mx\/2021-2024\/wp-json\/wp\/v2\/posts\/1590\/revisions\/1596"}],"wp:featuredmedia":[{"embeddable":true,"href":"https:\/\/difaltamira.gob.mx\/2021-2024\/wp-json\/wp\/v2\/media\/1591"}],"wp:attachment":[{"href":"https:\/\/difaltamira.gob.mx\/2021-2024\/wp-json\/wp\/v2\/media?parent=1590"}],"wp:term":[{"taxonomy":"category","embeddable":true,"href":"https:\/\/difaltamira.gob.mx\/2021-2024\/wp-json\/wp\/v2\/categories?post=1590"},{"taxonomy":"post_tag","embeddable":true,"href":"https:\/\/difaltamira.gob.mx\/2021-2024\/wp-json\/wp\/v2\/tags?post=1590"}],"curies":[{"name":"wp","href":"https:\/\/api.w.org\/{rel}","templated":true}]}}