{"id":1583,"date":"2023-08-19T16:56:35","date_gmt":"2023-08-19T22:56:35","guid":{"rendered":"https:\/\/difaltamira.gob.mx\/2021-2024\/?p=1583"},"modified":"2023-11-15T16:59:58","modified_gmt":"2023-11-15T22:59:58","slug":"campamento-de-verano-tamul-un-exito-en-la-concienciacion-ambiental-y-diversion-infantil","status":"publish","type":"post","link":"https:\/\/difaltamira.gob.mx\/2021-2024\/2023\/08\/19\/campamento-de-verano-tamul-un-exito-en-la-concienciacion-ambiental-y-diversion-infantil\/","title":{"rendered":"Campamento de verano Tamul: Un \u00e9xito en la concienciaci\u00f3n ambiental y diversi\u00f3n infantil"},"content":{"rendered":"<h2>La presidenta del DIF Altamira, C.P. Rossy Luque de Mart\u00ednez asisti\u00f3 al cierre de este divertido campamento<\/h2>\n<p>Durante dos semanas llenas de aprendizaje y diversi\u00f3n, desde el 7 hasta el 18 de agosto, se llev\u00f3 a cabo con gran \u00e9xito el Campamento de Verano Tamul 2023, bajo el lema &#8220;Sin ambiente, no hay futuro&#8221;.<\/p>\n<p>Este campamento, organizado por el Sistema DIF Altamira, se realiz\u00f3 en las locaciones del Tamul Arrecifes y Tamul Tampiquito, logrando reunir a 80 ni\u00f1os en edades comprendidas entre 6 y 12 a\u00f1os.<\/p>\n<p>Durante el \u00faltimo d\u00eda de actividades del mismo se dio a conocer que su objetivo principal fue fomentar la concienciaci\u00f3n sobre el cuidado del medio ambiente, al tiempo que se proporcionaba a los ni\u00f1os un espacio de esparcimiento y aprendizaje. Durante este per\u00edodo, los participantes disfrutaron de una serie de actividades recreativas y culturales dise\u00f1adas para promover el amor por la naturaleza y h\u00e1bitos sustentables.<\/p>\n<p>Entre las actividades destacadas se encontraron la pintura, manualidades, cocina saludable, m\u00fasica, baile, dibujo, clases de ingl\u00e9s, educaci\u00f3n ambiental, bienestar animal, equinoterapia, exhibici\u00f3n de animales silvestres, juegos educativos, reforestaci\u00f3n y sesiones de yoga.<\/p>\n<p>La clausura del campamento cont\u00f3 con la destacada presencia de la C.P. Rosa Irma Luque de Martinez, presidenta del sistema DIF Altamira, y la Lic. Rosa Elena Martinez Luque, presidenta del voluntariado juvenil del DIF. En su discurso oficial, la C.P. Rossy Luque resalt\u00f3 la importancia de educar a los m\u00e1s j\u00f3venes en la causa ecol\u00f3gica y agradeci\u00f3 al equipo organizador y patrocinadores por hacer posible este proyecto en pro del medio ambiente.<\/p>\n<p>Es de destacar que para contribuir a una causa noble, se estableci\u00f3 una cuota de inscripci\u00f3n de $100 por familia, cuyos fondos recaudados ser\u00e1n destinados a la escuela &#8220;Camino de luz&#8221;, que atiende a personas invidentes. Esta iniciativa resalta la preocupaci\u00f3n por el bienestar y desarrollo de la comunidad en general por parte del Sistema DIF altamirense.<\/p>\n<p>El evento tuvo tambi\u00e9n la participaci\u00f3n en el presidium de la C.P. Delia Margarita Orta Valles, directora del sistema DIF Altamira; la Lic. Mazcil Navarro Casados, jefa de Tamules; L.E.E Aleida Morales Gallardo, encargada del despacho de CRI; Lic. Socorro Quiroz \u00c1lvarez, gerente regional de Comex, as\u00ed como la Lic. Linda Aguirre, coordinadora de relaciones p\u00fablicas y marketing de ALPRO<\/p>\n<p>El Campamento de Verano Tamul 2023 marc\u00f3 un paso significativo en la educaci\u00f3n ambiental y el entretenimiento responsable de los m\u00e1s j\u00f3venes. Con una combinaci\u00f3n \u00fanica de diversi\u00f3n y aprendizaje, se sentaron las bases para un futuro m\u00e1s sostenible y consciente del medio ambiente.<\/p>\n\n\t\t\t<style type='text\/css'>\n\t\t\t\t#sc_gallery-1 {\n\t\t\t\t\tmargin: auto;\n\t\t\t\t}\n\t\t\t\t#sc_gallery-1 .gallery-item {\n\t\t\t\t\tfloat: left;\n\t\t\t\t\ttext-align: center;\n\t\t\t\t\twidth: 33.33%;\n\t\t\t\t}\n\t\t\t\t#sc_gallery-1 img {\n\t\t\t\t\tborder: 2px solid #cfcfcf;\n\t\t\t\t}\n\t\t\t\t\/* see sc_gallery() in functions\/theme-shortcodes.php *\/\n\t\t\t<\/style>\n\t\t<div id='sc_gallery-1' class='gallery galleryid-1583 gallery-columns-3 gallery-size-thumbnail file gallery-default'><dl class='gallery-item' data-title='campamento-verano-tamul-01' data-description=''><div class='gallery-item-wrapper'>\n\t\t\t\t<dt class='gallery-icon landscape'>\n\t\t\t\t\t<a href='https:\/\/difaltamira.gob.mx\/2021-2024\/wp-content\/uploads\/2023\/11\/campamento-verano-tamul-01.jpeg'><img fetchpriority=\"high\" decoding=\"async\" width=\"300\" height=\"300\" src=\"https:\/\/difaltamira.gob.mx\/2021-2024\/wp-content\/uploads\/2023\/11\/campamento-verano-tamul-01-300x300.jpeg\" class=\"attachment-thumbnail size-thumbnail\" alt=\"\" srcset=\"https:\/\/difaltamira.gob.mx\/2021-2024\/wp-content\/uploads\/2023\/11\/campamento-verano-tamul-01-300x300.jpeg 300w, https:\/\/difaltamira.gob.mx\/2021-2024\/wp-content\/uploads\/2023\/11\/campamento-verano-tamul-01-85x85.jpeg 85w, https:\/\/difaltamira.gob.mx\/2021-2024\/wp-content\/uploads\/2023\/11\/campamento-verano-tamul-01-80x80.jpeg 80w\" sizes=\"(max-width:767px) 300px, 300px\" \/><\/a>\n\t\t\t\t<\/dt><\/div><\/dl><dl class='gallery-item' data-title='campamento-verano-tamul-02' data-description=''><div class='gallery-item-wrapper'>\n\t\t\t\t<dt class='gallery-icon landscape'>\n\t\t\t\t\t<a href='https:\/\/difaltamira.gob.mx\/2021-2024\/wp-content\/uploads\/2023\/11\/campamento-verano-tamul-02.jpeg'><img decoding=\"async\" width=\"300\" height=\"300\" src=\"https:\/\/difaltamira.gob.mx\/2021-2024\/wp-content\/uploads\/2023\/11\/campamento-verano-tamul-02-300x300.jpeg\" class=\"attachment-thumbnail size-thumbnail\" alt=\"\" srcset=\"https:\/\/difaltamira.gob.mx\/2021-2024\/wp-content\/uploads\/2023\/11\/campamento-verano-tamul-02-300x300.jpeg 300w, https:\/\/difaltamira.gob.mx\/2021-2024\/wp-content\/uploads\/2023\/11\/campamento-verano-tamul-02-85x85.jpeg 85w, https:\/\/difaltamira.gob.mx\/2021-2024\/wp-content\/uploads\/2023\/11\/campamento-verano-tamul-02-80x80.jpeg 80w\" sizes=\"(max-width:767px) 300px, 300px\" \/><\/a>\n\t\t\t\t<\/dt><\/div><\/dl><dl class='gallery-item' data-title='campamento-verano-tamul-03' data-description=''><div class='gallery-item-wrapper'>\n\t\t\t\t<dt class='gallery-icon landscape'>\n\t\t\t\t\t<a href='https:\/\/difaltamira.gob.mx\/2021-2024\/wp-content\/uploads\/2023\/11\/campamento-verano-tamul-03.jpeg'><img decoding=\"async\" width=\"300\" height=\"300\" src=\"https:\/\/difaltamira.gob.mx\/2021-2024\/wp-content\/uploads\/2023\/11\/campamento-verano-tamul-03-300x300.jpeg\" class=\"attachment-thumbnail size-thumbnail\" alt=\"\" srcset=\"https:\/\/difaltamira.gob.mx\/2021-2024\/wp-content\/uploads\/2023\/11\/campamento-verano-tamul-03-300x300.jpeg 300w, https:\/\/difaltamira.gob.mx\/2021-2024\/wp-content\/uploads\/2023\/11\/campamento-verano-tamul-03-85x85.jpeg 85w, https:\/\/difaltamira.gob.mx\/2021-2024\/wp-content\/uploads\/2023\/11\/campamento-verano-tamul-03-80x80.jpeg 80w\" sizes=\"(max-width:767px) 300px, 300px\" \/><\/a>\n\t\t\t\t<\/dt><\/div><\/dl><br style=\"clear: both\" \/><dl class='gallery-item' data-title='campamento-verano-tamul-04' data-description=''><div class='gallery-item-wrapper'>\n\t\t\t\t<dt class='gallery-icon landscape'>\n\t\t\t\t\t<a href='https:\/\/difaltamira.gob.mx\/2021-2024\/wp-content\/uploads\/2023\/11\/campamento-verano-tamul-04.jpeg'><img loading=\"lazy\" decoding=\"async\" width=\"300\" height=\"300\" src=\"https:\/\/difaltamira.gob.mx\/2021-2024\/wp-content\/uploads\/2023\/11\/campamento-verano-tamul-04-300x300.jpeg\" class=\"attachment-thumbnail size-thumbnail\" alt=\"\" srcset=\"https:\/\/difaltamira.gob.mx\/2021-2024\/wp-content\/uploads\/2023\/11\/campamento-verano-tamul-04-300x300.jpeg 300w, https:\/\/difaltamira.gob.mx\/2021-2024\/wp-content\/uploads\/2023\/11\/campamento-verano-tamul-04-85x85.jpeg 85w, https:\/\/difaltamira.gob.mx\/2021-2024\/wp-content\/uploads\/2023\/11\/campamento-verano-tamul-04-80x80.jpeg 80w\" sizes=\"(max-width:767px) 300px, 300px\" \/><\/a>\n\t\t\t\t<\/dt><\/div><\/dl><dl class='gallery-item' data-title='campamento-verano-tamul-05' data-description=''><div class='gallery-item-wrapper'>\n\t\t\t\t<dt class='gallery-icon landscape'>\n\t\t\t\t\t<a href='https:\/\/difaltamira.gob.mx\/2021-2024\/wp-content\/uploads\/2023\/11\/campamento-verano-tamul-05.jpeg'><img loading=\"lazy\" decoding=\"async\" width=\"300\" height=\"300\" src=\"https:\/\/difaltamira.gob.mx\/2021-2024\/wp-content\/uploads\/2023\/11\/campamento-verano-tamul-05-300x300.jpeg\" class=\"attachment-thumbnail size-thumbnail\" alt=\"\" srcset=\"https:\/\/difaltamira.gob.mx\/2021-2024\/wp-content\/uploads\/2023\/11\/campamento-verano-tamul-05-300x300.jpeg 300w, https:\/\/difaltamira.gob.mx\/2021-2024\/wp-content\/uploads\/2023\/11\/campamento-verano-tamul-05-85x85.jpeg 85w, https:\/\/difaltamira.gob.mx\/2021-2024\/wp-content\/uploads\/2023\/11\/campamento-verano-tamul-05-80x80.jpeg 80w\" sizes=\"(max-width:767px) 300px, 300px\" \/><\/a>\n\t\t\t\t<\/dt><\/div><\/dl>\n\t\t\t\t<br style='clear: both' \/>\n\t\t\t<\/div>\n\n","protected":false},"excerpt":{"rendered":"<p>La presidenta del DIF Altamira, C.P. Rossy Luque de Mart\u00ednez asisti\u00f3 al cierre de este divertido campamento Durante dos semanas llenas de aprendizaje y diversi\u00f3n, desde<span class=\"excerpt-hellip\"> [\u2026]<\/span><\/p>\n","protected":false},"author":2,"featured_media":1586,"comment_status":"open","ping_status":"open","sticky":false,"template":"","format":"standard","meta":{"footnotes":""},"categories":[5],"tags":[],"class_list":["post-1583","post","type-post","status-publish","format-standard","has-post-thumbnail","hentry","category-dif-altamira"],"_links":{"self":[{"href":"https:\/\/difaltamira.gob.mx\/2021-2024\/wp-json\/wp\/v2\/posts\/1583","targetHints":{"allow":["GET"]}}],"collection":[{"href":"https:\/\/difaltamira.gob.mx\/2021-2024\/wp-json\/wp\/v2\/posts"}],"about":[{"href":"https:\/\/difaltamira.gob.mx\/2021-2024\/wp-json\/wp\/v2\/types\/post"}],"author":[{"embeddable":true,"href":"https:\/\/difaltamira.gob.mx\/2021-2024\/wp-json\/wp\/v2\/users\/2"}],"replies":[{"embeddable":true,"href":"https:\/\/difaltamira.gob.mx\/2021-2024\/wp-json\/wp\/v2\/comments?post=1583"}],"version-history":[{"count":1,"href":"https:\/\/difaltamira.gob.mx\/2021-2024\/wp-json\/wp\/v2\/posts\/1583\/revisions"}],"predecessor-version":[{"id":1589,"href":"https:\/\/difaltamira.gob.mx\/2021-2024\/wp-json\/wp\/v2\/posts\/1583\/revisions\/1589"}],"wp:featuredmedia":[{"embeddable":true,"href":"https:\/\/difaltamira.gob.mx\/2021-2024\/wp-json\/wp\/v2\/media\/1586"}],"wp:attachment":[{"href":"https:\/\/difaltamira.gob.mx\/2021-2024\/wp-json\/wp\/v2\/media?parent=1583"}],"wp:term":[{"taxonomy":"category","embeddable":true,"href":"https:\/\/difaltamira.gob.mx\/2021-2024\/wp-json\/wp\/v2\/categories?post=1583"},{"taxonomy":"post_tag","embeddable":true,"href":"https:\/\/difaltamira.gob.mx\/2021-2024\/wp-json\/wp\/v2\/tags?post=1583"}],"curies":[{"name":"wp","href":"https:\/\/api.w.org\/{rel}","templated":true}]}}