{"id":1576,"date":"2023-08-18T15:50:13","date_gmt":"2023-08-18T21:50:13","guid":{"rendered":"https:\/\/difaltamira.gob.mx\/2021-2024\/?p=1576"},"modified":"2023-11-15T16:54:48","modified_gmt":"2023-11-15T22:54:48","slug":"promueve-dif-altamira-la-vitalidad-en-abuelitos-del-municipio","status":"publish","type":"post","link":"https:\/\/difaltamira.gob.mx\/2021-2024\/2023\/08\/18\/promueve-dif-altamira-la-vitalidad-en-abuelitos-del-municipio\/","title":{"rendered":"Promueve DIF Altamira la vitalidad en abuelitos del municipio"},"content":{"rendered":"<h2>En una jornada llena de entusiasmo y vitalidad, el programa \u201cAdulto Activo\u201d del Sistema para el Desarrollo Integral de la Familia (DIF) Altamira, que dirige su presidenta, C.P. Rossy Luque de Mart\u00ednez, organiz\u00f3 un emocionante torneo de cachibol para abuelitos en las canchas ubicadas frente a la Palapa del Champay\u00e1n. El evento reuni\u00f3 a equipos de municipios vecinos y al equipo local &#8220;Guerreros y Guerreras de Altamira&#8221;, en las categor\u00edas femenil y varonil.<\/h2>\n<blockquote><p>En un emotivo discurso, la C.P. Rossy Luque resalt\u00f3 la importancia de mantener a nuestros adultos mayores activos y saludables a trav\u00e9s del ejercicio. &#8220;Para el Sistema DIF Altamira, es primordial promover un envejecimiento activo y saludable entre nuestros queridos abuelitos\u201d, pronunci\u00f3.<\/p><\/blockquote>\n<p>La actividad tuvo como objetivo impulsar a los adultos mayores a mantenerse activos y comprometidos con su bienestar a trav\u00e9s del deporte. Este torneo amistoso de cachibol fue un reflejo del esfuerzo y la dedicaci\u00f3n de los participantes por mantener una vida activa y din\u00e1mica.<\/p>\n<p>Cabe hacer menci\u00f3n que en la categor\u00eda femenil los ganadores fueron: con el 1er lugar el municipio de Ciudad Madero; con el 2do lugar la urbe industrial de Altamira, mientras que el tercer lugar result\u00f3 ser para Tampico.<\/p>\n<p>En lo que respecta a la categor\u00eda varonil, salieron avante con el primer lugar los representantes de Ciudad Madero, segundo lugar el equipo originario de Altamira, para por \u00faltimo quedar Tampico en un tercer lugar en dicha rama.<\/p>\n<p>La C.P. Rossy Luque de Mart\u00ednez y su equipo en el Sistema DIF Altamira contin\u00faan demostrando su compromiso con la promoci\u00f3n de la actividad f\u00edsica y el bienestar de los adultos mayores de la comunidad. Estos esfuerzos enriquecen la vida de los abuelitos y abuelitas, creando un ambiente de participaci\u00f3n y camarader\u00eda que refleja la atenci\u00f3n y dedicaci\u00f3n de la organizaci\u00f3n hacia esta valiosa poblaci\u00f3n.<\/p>\n\n\t\t\t<style type='text\/css'>\n\t\t\t\t#sc_gallery-1 {\n\t\t\t\t\tmargin: auto;\n\t\t\t\t}\n\t\t\t\t#sc_gallery-1 .gallery-item {\n\t\t\t\t\tfloat: left;\n\t\t\t\t\ttext-align: center;\n\t\t\t\t\twidth: 33.33%;\n\t\t\t\t}\n\t\t\t\t#sc_gallery-1 img {\n\t\t\t\t\tborder: 2px solid #cfcfcf;\n\t\t\t\t}\n\t\t\t\t\/* see sc_gallery() in functions\/theme-shortcodes.php *\/\n\t\t\t<\/style>\n\t\t<div id='sc_gallery-1' class='gallery galleryid-1576 gallery-columns-3 gallery-size-thumbnail file gallery-default'><dl class='gallery-item' data-title='vitalidad-abuelitos-dif-05' data-description=''><div class='gallery-item-wrapper'>\n\t\t\t\t<dt class='gallery-icon landscape'>\n\t\t\t\t\t<a href='https:\/\/difaltamira.gob.mx\/2021-2024\/wp-content\/uploads\/2023\/11\/vitalidad-abuelitos-dif-05.jpeg'><img fetchpriority=\"high\" decoding=\"async\" width=\"300\" height=\"300\" src=\"https:\/\/difaltamira.gob.mx\/2021-2024\/wp-content\/uploads\/2023\/11\/vitalidad-abuelitos-dif-05-300x300.jpeg\" class=\"attachment-thumbnail size-thumbnail\" alt=\"\" srcset=\"https:\/\/difaltamira.gob.mx\/2021-2024\/wp-content\/uploads\/2023\/11\/vitalidad-abuelitos-dif-05-300x300.jpeg 300w, https:\/\/difaltamira.gob.mx\/2021-2024\/wp-content\/uploads\/2023\/11\/vitalidad-abuelitos-dif-05-85x85.jpeg 85w, https:\/\/difaltamira.gob.mx\/2021-2024\/wp-content\/uploads\/2023\/11\/vitalidad-abuelitos-dif-05-80x80.jpeg 80w\" sizes=\"(max-width:767px) 300px, 300px\" \/><\/a>\n\t\t\t\t<\/dt><\/div><\/dl><dl class='gallery-item' data-title='vitalidad-abuelitos-dif-04' data-description=''><div class='gallery-item-wrapper'>\n\t\t\t\t<dt class='gallery-icon landscape'>\n\t\t\t\t\t<a href='https:\/\/difaltamira.gob.mx\/2021-2024\/wp-content\/uploads\/2023\/11\/vitalidad-abuelitos-dif-04.jpeg'><img decoding=\"async\" width=\"300\" height=\"300\" src=\"https:\/\/difaltamira.gob.mx\/2021-2024\/wp-content\/uploads\/2023\/11\/vitalidad-abuelitos-dif-04-300x300.jpeg\" class=\"attachment-thumbnail size-thumbnail\" alt=\"\" srcset=\"https:\/\/difaltamira.gob.mx\/2021-2024\/wp-content\/uploads\/2023\/11\/vitalidad-abuelitos-dif-04-300x300.jpeg 300w, https:\/\/difaltamira.gob.mx\/2021-2024\/wp-content\/uploads\/2023\/11\/vitalidad-abuelitos-dif-04-85x85.jpeg 85w, https:\/\/difaltamira.gob.mx\/2021-2024\/wp-content\/uploads\/2023\/11\/vitalidad-abuelitos-dif-04-80x80.jpeg 80w\" sizes=\"(max-width:767px) 300px, 300px\" \/><\/a>\n\t\t\t\t<\/dt><\/div><\/dl><dl class='gallery-item' data-title='vitalidad-abuelitos-dif-03' data-description=''><div class='gallery-item-wrapper'>\n\t\t\t\t<dt class='gallery-icon landscape'>\n\t\t\t\t\t<a href='https:\/\/difaltamira.gob.mx\/2021-2024\/wp-content\/uploads\/2023\/11\/vitalidad-abuelitos-dif-03.jpeg'><img decoding=\"async\" width=\"300\" height=\"300\" src=\"https:\/\/difaltamira.gob.mx\/2021-2024\/wp-content\/uploads\/2023\/11\/vitalidad-abuelitos-dif-03-300x300.jpeg\" class=\"attachment-thumbnail size-thumbnail\" alt=\"\" srcset=\"https:\/\/difaltamira.gob.mx\/2021-2024\/wp-content\/uploads\/2023\/11\/vitalidad-abuelitos-dif-03-300x300.jpeg 300w, https:\/\/difaltamira.gob.mx\/2021-2024\/wp-content\/uploads\/2023\/11\/vitalidad-abuelitos-dif-03-85x85.jpeg 85w, https:\/\/difaltamira.gob.mx\/2021-2024\/wp-content\/uploads\/2023\/11\/vitalidad-abuelitos-dif-03-80x80.jpeg 80w\" sizes=\"(max-width:767px) 300px, 300px\" \/><\/a>\n\t\t\t\t<\/dt><\/div><\/dl><br style=\"clear: both\" \/><dl class='gallery-item' data-title='vitalidad-abuelitos-dif-02' data-description=''><div class='gallery-item-wrapper'>\n\t\t\t\t<dt class='gallery-icon landscape'>\n\t\t\t\t\t<a href='https:\/\/difaltamira.gob.mx\/2021-2024\/wp-content\/uploads\/2023\/11\/vitalidad-abuelitos-dif-02.jpeg'><img loading=\"lazy\" decoding=\"async\" width=\"300\" height=\"300\" src=\"https:\/\/difaltamira.gob.mx\/2021-2024\/wp-content\/uploads\/2023\/11\/vitalidad-abuelitos-dif-02-300x300.jpeg\" class=\"attachment-thumbnail size-thumbnail\" alt=\"\" srcset=\"https:\/\/difaltamira.gob.mx\/2021-2024\/wp-content\/uploads\/2023\/11\/vitalidad-abuelitos-dif-02-300x300.jpeg 300w, https:\/\/difaltamira.gob.mx\/2021-2024\/wp-content\/uploads\/2023\/11\/vitalidad-abuelitos-dif-02-85x85.jpeg 85w, https:\/\/difaltamira.gob.mx\/2021-2024\/wp-content\/uploads\/2023\/11\/vitalidad-abuelitos-dif-02-80x80.jpeg 80w\" sizes=\"(max-width:767px) 300px, 300px\" \/><\/a>\n\t\t\t\t<\/dt><\/div><\/dl><dl class='gallery-item' data-title='vitalidad-abuelitos-dif-01' data-description=''><div class='gallery-item-wrapper'>\n\t\t\t\t<dt class='gallery-icon landscape'>\n\t\t\t\t\t<a href='https:\/\/difaltamira.gob.mx\/2021-2024\/wp-content\/uploads\/2023\/11\/vitalidad-abuelitos-dif-01.jpeg'><img loading=\"lazy\" decoding=\"async\" width=\"300\" height=\"300\" src=\"https:\/\/difaltamira.gob.mx\/2021-2024\/wp-content\/uploads\/2023\/11\/vitalidad-abuelitos-dif-01-300x300.jpeg\" class=\"attachment-thumbnail size-thumbnail\" alt=\"\" srcset=\"https:\/\/difaltamira.gob.mx\/2021-2024\/wp-content\/uploads\/2023\/11\/vitalidad-abuelitos-dif-01-300x300.jpeg 300w, https:\/\/difaltamira.gob.mx\/2021-2024\/wp-content\/uploads\/2023\/11\/vitalidad-abuelitos-dif-01-85x85.jpeg 85w, https:\/\/difaltamira.gob.mx\/2021-2024\/wp-content\/uploads\/2023\/11\/vitalidad-abuelitos-dif-01-80x80.jpeg 80w\" sizes=\"(max-width:767px) 300px, 300px\" \/><\/a>\n\t\t\t\t<\/dt><\/div><\/dl>\n\t\t\t\t<br style='clear: both' \/>\n\t\t\t<\/div>\n\n","protected":false},"excerpt":{"rendered":"<p>En una jornada llena de entusiasmo y vitalidad, el programa \u201cAdulto Activo\u201d del Sistema para el Desarrollo Integral de la Familia (DIF) Altamira, que dirige su<span class=\"excerpt-hellip\"> [\u2026]<\/span><\/p>\n","protected":false},"author":2,"featured_media":1581,"comment_status":"open","ping_status":"open","sticky":false,"template":"","format":"standard","meta":{"footnotes":""},"categories":[5],"tags":[],"class_list":["post-1576","post","type-post","status-publish","format-standard","has-post-thumbnail","hentry","category-dif-altamira"],"_links":{"self":[{"href":"https:\/\/difaltamira.gob.mx\/2021-2024\/wp-json\/wp\/v2\/posts\/1576","targetHints":{"allow":["GET"]}}],"collection":[{"href":"https:\/\/difaltamira.gob.mx\/2021-2024\/wp-json\/wp\/v2\/posts"}],"about":[{"href":"https:\/\/difaltamira.gob.mx\/2021-2024\/wp-json\/wp\/v2\/types\/post"}],"author":[{"embeddable":true,"href":"https:\/\/difaltamira.gob.mx\/2021-2024\/wp-json\/wp\/v2\/users\/2"}],"replies":[{"embeddable":true,"href":"https:\/\/difaltamira.gob.mx\/2021-2024\/wp-json\/wp\/v2\/comments?post=1576"}],"version-history":[{"count":1,"href":"https:\/\/difaltamira.gob.mx\/2021-2024\/wp-json\/wp\/v2\/posts\/1576\/revisions"}],"predecessor-version":[{"id":1582,"href":"https:\/\/difaltamira.gob.mx\/2021-2024\/wp-json\/wp\/v2\/posts\/1576\/revisions\/1582"}],"wp:featuredmedia":[{"embeddable":true,"href":"https:\/\/difaltamira.gob.mx\/2021-2024\/wp-json\/wp\/v2\/media\/1581"}],"wp:attachment":[{"href":"https:\/\/difaltamira.gob.mx\/2021-2024\/wp-json\/wp\/v2\/media?parent=1576"}],"wp:term":[{"taxonomy":"category","embeddable":true,"href":"https:\/\/difaltamira.gob.mx\/2021-2024\/wp-json\/wp\/v2\/categories?post=1576"},{"taxonomy":"post_tag","embeddable":true,"href":"https:\/\/difaltamira.gob.mx\/2021-2024\/wp-json\/wp\/v2\/tags?post=1576"}],"curies":[{"name":"wp","href":"https:\/\/api.w.org\/{rel}","templated":true}]}}