{"id":1569,"date":"2023-08-17T14:48:06","date_gmt":"2023-08-17T20:48:06","guid":{"rendered":"https:\/\/difaltamira.gob.mx\/2021-2024\/?p=1569"},"modified":"2023-11-15T16:49:52","modified_gmt":"2023-11-15T22:49:52","slug":"con-becas-de-inclusion-social-fomentan-la-educacion-en-ninos-y-jovenes-de-altamira","status":"publish","type":"post","link":"https:\/\/difaltamira.gob.mx\/2021-2024\/2023\/08\/17\/con-becas-de-inclusion-social-fomentan-la-educacion-en-ninos-y-jovenes-de-altamira\/","title":{"rendered":"Con becas de inclusi\u00f3n social fomentan la educaci\u00f3n en ni\u00f1os y j\u00f3venes de Altamira"},"content":{"rendered":"<h2>En una muestra conmovedora de solidaridad y compromiso social, el Sistema DIF Tamaulipas, a trav\u00e9s del Centro de Rehabilitaci\u00f3n Integral del DIF Altamira, dirigido por la C.P. Rossy Luque de Mart\u00ednez, llev\u00f3 a cabo la segunda entrega de becas de inclusi\u00f3n social. El evento fue dedicado a ni\u00f1os y j\u00f3venes con discapacidades, con el objetivo de brindarles apoyo para su formaci\u00f3n y satisfacci\u00f3n de necesidades esenciales en su vida diaria.<\/h2>\n<p>Un total de 18 becas de inclusi\u00f3n social fueron entregadas en un acto que destaca la importancia de crear un entorno donde cada individuo tenga la oportunidad de desarrollarse plenamente y contribuir al progreso de la sociedad en su conjunto. Esta iniciativa reafirma el compromiso del Sistema DIF Tamaulipas y DIF altamirense con la inclusi\u00f3n y el bienestar de todos sus ciudadanos.<\/p>\n<p>Durante su mensaje oficial, la C.P. Rossy Luque de Mart\u00ednez enfatiz\u00f3 la importancia de la educaci\u00f3n como cimiento para el cambio genuino en la sociedad. Bajo la premisa de que &#8220;sin educaci\u00f3n no hay transformaci\u00f3n&#8221;, la C.P. Rossy destac\u00f3 tambi\u00e9n el compromiso del Gobierno Municipal de su esposo, el alcalde Armando Mart\u00ednez Manr\u00edquez con la justicia social.<\/p>\n<p>La entrega bimestral de estas becas del programa estatal &#8220;Por la Inclusi\u00f3n Social en Tamaulipas&#8221; refleja la sensibilidad y el humanismo de un gobierno que se preocupa por respaldar a las familias de Altamira, asegurando que ning\u00fan ni\u00f1o, ni\u00f1a o joven se vea forzado a abandonar sus estudios debido a limitaciones econ\u00f3micas.<\/p>\n<p>Este acto simboliz\u00f3 el esfuerzo conjunto de diversas instituciones para fomentar la inclusi\u00f3n y la igualdad de oportunidades, permitiendo que cada individuo alcance su m\u00e1ximo potencial y contribuya al desarrollo integral de la sociedad.<\/p>\n<p>El evento cont\u00f3 con la distinguida presencia de destacados miembros en el pres\u00eddium como la Ing. Elizabeth Hern\u00e1ndez, encargada del programa de becas de inclusi\u00f3n social en Tamaulipas; el Lic. Juan Ram\u00f3n Saldivar Rios, enlace de DIF Tamaulipas, as\u00ed como dem\u00e1s invitados especiales.<\/p>\n\n\t\t\t<style type='text\/css'>\n\t\t\t\t#sc_gallery-1 {\n\t\t\t\t\tmargin: auto;\n\t\t\t\t}\n\t\t\t\t#sc_gallery-1 .gallery-item {\n\t\t\t\t\tfloat: left;\n\t\t\t\t\ttext-align: center;\n\t\t\t\t\twidth: 33.33%;\n\t\t\t\t}\n\t\t\t\t#sc_gallery-1 img {\n\t\t\t\t\tborder: 2px solid #cfcfcf;\n\t\t\t\t}\n\t\t\t\t\/* see sc_gallery() in functions\/theme-shortcodes.php *\/\n\t\t\t<\/style>\n\t\t<div id='sc_gallery-1' class='gallery galleryid-1569 gallery-columns-3 gallery-size-thumbnail file gallery-default'><dl class='gallery-item' data-title='becas-inclusion-social-dif-01' data-description=''><div class='gallery-item-wrapper'>\n\t\t\t\t<dt class='gallery-icon portrait'>\n\t\t\t\t\t<a href='https:\/\/difaltamira.gob.mx\/2021-2024\/wp-content\/uploads\/2023\/11\/becas-inclusion-social-dif-01.jpeg'><img fetchpriority=\"high\" decoding=\"async\" width=\"300\" height=\"300\" src=\"https:\/\/difaltamira.gob.mx\/2021-2024\/wp-content\/uploads\/2023\/11\/becas-inclusion-social-dif-01-300x300.jpeg\" class=\"attachment-thumbnail size-thumbnail\" alt=\"\" srcset=\"https:\/\/difaltamira.gob.mx\/2021-2024\/wp-content\/uploads\/2023\/11\/becas-inclusion-social-dif-01-300x300.jpeg 300w, https:\/\/difaltamira.gob.mx\/2021-2024\/wp-content\/uploads\/2023\/11\/becas-inclusion-social-dif-01-85x85.jpeg 85w, https:\/\/difaltamira.gob.mx\/2021-2024\/wp-content\/uploads\/2023\/11\/becas-inclusion-social-dif-01-80x80.jpeg 80w\" sizes=\"(max-width:767px) 300px, 300px\" \/><\/a>\n\t\t\t\t<\/dt><\/div><\/dl><dl class='gallery-item' data-title='becas-inclusion-social-dif-02' data-description=''><div class='gallery-item-wrapper'>\n\t\t\t\t<dt class='gallery-icon landscape'>\n\t\t\t\t\t<a href='https:\/\/difaltamira.gob.mx\/2021-2024\/wp-content\/uploads\/2023\/11\/becas-inclusion-social-dif-02.jpeg'><img decoding=\"async\" width=\"300\" height=\"300\" src=\"https:\/\/difaltamira.gob.mx\/2021-2024\/wp-content\/uploads\/2023\/11\/becas-inclusion-social-dif-02-300x300.jpeg\" class=\"attachment-thumbnail size-thumbnail\" alt=\"\" srcset=\"https:\/\/difaltamira.gob.mx\/2021-2024\/wp-content\/uploads\/2023\/11\/becas-inclusion-social-dif-02-300x300.jpeg 300w, https:\/\/difaltamira.gob.mx\/2021-2024\/wp-content\/uploads\/2023\/11\/becas-inclusion-social-dif-02-85x85.jpeg 85w, https:\/\/difaltamira.gob.mx\/2021-2024\/wp-content\/uploads\/2023\/11\/becas-inclusion-social-dif-02-80x80.jpeg 80w\" sizes=\"(max-width:767px) 300px, 300px\" \/><\/a>\n\t\t\t\t<\/dt><\/div><\/dl><dl class='gallery-item' data-title='becas-inclusion-social-dif-03' data-description=''><div class='gallery-item-wrapper'>\n\t\t\t\t<dt class='gallery-icon landscape'>\n\t\t\t\t\t<a href='https:\/\/difaltamira.gob.mx\/2021-2024\/wp-content\/uploads\/2023\/11\/becas-inclusion-social-dif-03.jpeg'><img decoding=\"async\" width=\"300\" height=\"300\" src=\"https:\/\/difaltamira.gob.mx\/2021-2024\/wp-content\/uploads\/2023\/11\/becas-inclusion-social-dif-03-300x300.jpeg\" class=\"attachment-thumbnail size-thumbnail\" alt=\"\" srcset=\"https:\/\/difaltamira.gob.mx\/2021-2024\/wp-content\/uploads\/2023\/11\/becas-inclusion-social-dif-03-300x300.jpeg 300w, https:\/\/difaltamira.gob.mx\/2021-2024\/wp-content\/uploads\/2023\/11\/becas-inclusion-social-dif-03-85x85.jpeg 85w, https:\/\/difaltamira.gob.mx\/2021-2024\/wp-content\/uploads\/2023\/11\/becas-inclusion-social-dif-03-80x80.jpeg 80w\" sizes=\"(max-width:767px) 300px, 300px\" \/><\/a>\n\t\t\t\t<\/dt><\/div><\/dl><br style=\"clear: both\" \/><dl class='gallery-item' data-title='becas-inclusion-social-dif-04' data-description=''><div class='gallery-item-wrapper'>\n\t\t\t\t<dt class='gallery-icon landscape'>\n\t\t\t\t\t<a href='https:\/\/difaltamira.gob.mx\/2021-2024\/wp-content\/uploads\/2023\/11\/becas-inclusion-social-dif-04.jpeg'><img loading=\"lazy\" decoding=\"async\" width=\"300\" height=\"300\" src=\"https:\/\/difaltamira.gob.mx\/2021-2024\/wp-content\/uploads\/2023\/11\/becas-inclusion-social-dif-04-300x300.jpeg\" class=\"attachment-thumbnail size-thumbnail\" alt=\"\" srcset=\"https:\/\/difaltamira.gob.mx\/2021-2024\/wp-content\/uploads\/2023\/11\/becas-inclusion-social-dif-04-300x300.jpeg 300w, https:\/\/difaltamira.gob.mx\/2021-2024\/wp-content\/uploads\/2023\/11\/becas-inclusion-social-dif-04-85x85.jpeg 85w, https:\/\/difaltamira.gob.mx\/2021-2024\/wp-content\/uploads\/2023\/11\/becas-inclusion-social-dif-04-80x80.jpeg 80w\" sizes=\"(max-width:767px) 300px, 300px\" \/><\/a>\n\t\t\t\t<\/dt><\/div><\/dl><dl class='gallery-item' data-title='becas-inclusion-social-dif-05' data-description=''><div class='gallery-item-wrapper'>\n\t\t\t\t<dt class='gallery-icon landscape'>\n\t\t\t\t\t<a href='https:\/\/difaltamira.gob.mx\/2021-2024\/wp-content\/uploads\/2023\/11\/becas-inclusion-social-dif-05.jpeg'><img loading=\"lazy\" decoding=\"async\" width=\"300\" height=\"300\" src=\"https:\/\/difaltamira.gob.mx\/2021-2024\/wp-content\/uploads\/2023\/11\/becas-inclusion-social-dif-05-300x300.jpeg\" class=\"attachment-thumbnail size-thumbnail\" alt=\"\" srcset=\"https:\/\/difaltamira.gob.mx\/2021-2024\/wp-content\/uploads\/2023\/11\/becas-inclusion-social-dif-05-300x300.jpeg 300w, https:\/\/difaltamira.gob.mx\/2021-2024\/wp-content\/uploads\/2023\/11\/becas-inclusion-social-dif-05-85x85.jpeg 85w, https:\/\/difaltamira.gob.mx\/2021-2024\/wp-content\/uploads\/2023\/11\/becas-inclusion-social-dif-05-80x80.jpeg 80w\" sizes=\"(max-width:767px) 300px, 300px\" \/><\/a>\n\t\t\t\t<\/dt><\/div><\/dl>\n\t\t\t\t<br style='clear: both' \/>\n\t\t\t<\/div>\n\n","protected":false},"excerpt":{"rendered":"<p>En una muestra conmovedora de solidaridad y compromiso social, el Sistema DIF Tamaulipas, a trav\u00e9s del Centro de Rehabilitaci\u00f3n Integral del DIF Altamira, dirigido por la<span class=\"excerpt-hellip\"> [\u2026]<\/span><\/p>\n","protected":false},"author":2,"featured_media":1570,"comment_status":"open","ping_status":"open","sticky":false,"template":"","format":"standard","meta":{"footnotes":""},"categories":[5],"tags":[],"class_list":["post-1569","post","type-post","status-publish","format-standard","has-post-thumbnail","hentry","category-dif-altamira"],"_links":{"self":[{"href":"https:\/\/difaltamira.gob.mx\/2021-2024\/wp-json\/wp\/v2\/posts\/1569","targetHints":{"allow":["GET"]}}],"collection":[{"href":"https:\/\/difaltamira.gob.mx\/2021-2024\/wp-json\/wp\/v2\/posts"}],"about":[{"href":"https:\/\/difaltamira.gob.mx\/2021-2024\/wp-json\/wp\/v2\/types\/post"}],"author":[{"embeddable":true,"href":"https:\/\/difaltamira.gob.mx\/2021-2024\/wp-json\/wp\/v2\/users\/2"}],"replies":[{"embeddable":true,"href":"https:\/\/difaltamira.gob.mx\/2021-2024\/wp-json\/wp\/v2\/comments?post=1569"}],"version-history":[{"count":1,"href":"https:\/\/difaltamira.gob.mx\/2021-2024\/wp-json\/wp\/v2\/posts\/1569\/revisions"}],"predecessor-version":[{"id":1575,"href":"https:\/\/difaltamira.gob.mx\/2021-2024\/wp-json\/wp\/v2\/posts\/1569\/revisions\/1575"}],"wp:featuredmedia":[{"embeddable":true,"href":"https:\/\/difaltamira.gob.mx\/2021-2024\/wp-json\/wp\/v2\/media\/1570"}],"wp:attachment":[{"href":"https:\/\/difaltamira.gob.mx\/2021-2024\/wp-json\/wp\/v2\/media?parent=1569"}],"wp:term":[{"taxonomy":"category","embeddable":true,"href":"https:\/\/difaltamira.gob.mx\/2021-2024\/wp-json\/wp\/v2\/categories?post=1569"},{"taxonomy":"post_tag","embeddable":true,"href":"https:\/\/difaltamira.gob.mx\/2021-2024\/wp-json\/wp\/v2\/tags?post=1569"}],"curies":[{"name":"wp","href":"https:\/\/api.w.org\/{rel}","templated":true}]}}