{"id":1560,"date":"2023-08-14T11:24:40","date_gmt":"2023-08-14T17:24:40","guid":{"rendered":"https:\/\/difaltamira.gob.mx\/2021-2024\/?p=1560"},"modified":"2023-11-15T16:27:15","modified_gmt":"2023-11-15T22:27:15","slug":"respalda-con-becas-gobierno-de-altamira-a-ninos-y-jovenes-del-ciclo-escolar-2022-2023","status":"publish","type":"post","link":"https:\/\/difaltamira.gob.mx\/2021-2024\/2023\/08\/14\/respalda-con-becas-gobierno-de-altamira-a-ninos-y-jovenes-del-ciclo-escolar-2022-2023\/","title":{"rendered":"Respalda con becas Gobierno de Altamira a ni\u00f1os y j\u00f3venes del ciclo escolar 2022 \u2013 2023"},"content":{"rendered":"<h2>En un esfuerzo continuo por promover la educaci\u00f3n y contribuir a la transformaci\u00f3n de la sociedad, el Gobierno Municipal de Altamira, encabezado por el alcalde, Dr. Armando Mart\u00ednez Manr\u00edquez, llev\u00f3 a cabo la quinta entrega del programa de becas municipales que lleva por nombre &#8220;Transformando Altamira con Becas&#8221;. El evento cont\u00f3 con la destacada presencia de la presidenta del Sistema DIF, C.P. Rossy Luque de Mart\u00ednez, quien asisti\u00f3 en representaci\u00f3n del mun\u00edcipe.<\/h2>\n<p>Se dio a conocer en este significativo evento que ser\u00e1n m\u00e1s de 4,598 alumnos los beneficiados en esta quinta entrega, pues el compromiso del Gobierno Municipal radica en la convicci\u00f3n de que &#8220;Sin educaci\u00f3n no hay transformaci\u00f3n&#8221;. Esta visi\u00f3n es plenamente respaldada por el Dr. Armando Mart\u00ednez Manr\u00edquez, ferviente defensor de la educaci\u00f3n en todos sus niveles.<\/p>\n<p>Durante el acto, Rossy Luque asegur\u00f3 que esta acci\u00f3n reafirma el compromiso de la administraci\u00f3n municipal con el desarrollo de los ni\u00f1os y j\u00f3venes. Subray\u00f3 adem\u00e1s que el municipio se enorgullece de liderar este tipo de iniciativas en la zona sur del Estado, confiando en el potencial de la juventud y validando sus sue\u00f1os.<\/p>\n<blockquote><p>\u201cLa educaci\u00f3n es un pilar importante para el cambio verdadero en nuestra ciudad, trabajaremos arduamente para garantizar su calidad\u201d, acot\u00f3 la presidenta del DIF.<\/p><\/blockquote>\n<p>Cabe hacer menci\u00f3n que la quinta entrega de becas del programa &#8220;Transformando Altamira con Becas&#8221; corresponde al ciclo escolar 2022 &#8211; 2023. Desde su inicio, este programa ha beneficiado a un total de 10,780 estudiantes, con una inversi\u00f3n ejercida de 21 millones 842 mil 700 pesos.<\/p>\n<p>Asimismo, la inversi\u00f3n acumulada con esta quinta entrega asciende a 26 millones de pesos, consolidando as\u00ed el compromiso continuo del Gobierno Municipal con la educaci\u00f3n y el futuro de la comunidad.<\/p>\n<p>El Gobierno Municipal de Altamira reafirma su compromiso con la educaci\u00f3n y el bienestar de las familias, a trav\u00e9s de programas como &#8220;Transformando Altamira con Becas&#8221;, que buscan forjar un futuro m\u00e1s promisorio para todos.<\/p>\n\n\t\t\t<style type='text\/css'>\n\t\t\t\t#sc_gallery-1 {\n\t\t\t\t\tmargin: auto;\n\t\t\t\t}\n\t\t\t\t#sc_gallery-1 .gallery-item {\n\t\t\t\t\tfloat: left;\n\t\t\t\t\ttext-align: center;\n\t\t\t\t\twidth: 33.33%;\n\t\t\t\t}\n\t\t\t\t#sc_gallery-1 img {\n\t\t\t\t\tborder: 2px solid #cfcfcf;\n\t\t\t\t}\n\t\t\t\t\/* see sc_gallery() in functions\/theme-shortcodes.php *\/\n\t\t\t<\/style>\n\t\t<div id='sc_gallery-1' class='gallery galleryid-1560 gallery-columns-3 gallery-size-thumbnail file gallery-default'><dl class='gallery-item' data-title='becas-ni\u00f1os-altamira-ciclo2022-2023-01' data-description=''><div class='gallery-item-wrapper'>\n\t\t\t\t<dt class='gallery-icon landscape'>\n\t\t\t\t\t<a href='https:\/\/difaltamira.gob.mx\/2021-2024\/wp-content\/uploads\/2023\/11\/becas-ninos-altamira-ciclo2022-2023-01.jpeg'><img fetchpriority=\"high\" decoding=\"async\" width=\"300\" height=\"300\" src=\"https:\/\/difaltamira.gob.mx\/2021-2024\/wp-content\/uploads\/2023\/11\/becas-ninos-altamira-ciclo2022-2023-01-300x300.jpeg\" class=\"attachment-thumbnail size-thumbnail\" alt=\"\" srcset=\"https:\/\/difaltamira.gob.mx\/2021-2024\/wp-content\/uploads\/2023\/11\/becas-ninos-altamira-ciclo2022-2023-01-300x300.jpeg 300w, https:\/\/difaltamira.gob.mx\/2021-2024\/wp-content\/uploads\/2023\/11\/becas-ninos-altamira-ciclo2022-2023-01-85x85.jpeg 85w, https:\/\/difaltamira.gob.mx\/2021-2024\/wp-content\/uploads\/2023\/11\/becas-ninos-altamira-ciclo2022-2023-01-80x80.jpeg 80w\" sizes=\"(max-width:767px) 300px, 300px\" \/><\/a>\n\t\t\t\t<\/dt><\/div><\/dl><dl class='gallery-item' data-title='becas-ni\u00f1os-altamira-ciclo2022-2023-02' data-description=''><div class='gallery-item-wrapper'>\n\t\t\t\t<dt class='gallery-icon landscape'>\n\t\t\t\t\t<a href='https:\/\/difaltamira.gob.mx\/2021-2024\/wp-content\/uploads\/2023\/11\/becas-ninos-altamira-ciclo2022-2023-02.jpeg'><img decoding=\"async\" width=\"300\" height=\"300\" src=\"https:\/\/difaltamira.gob.mx\/2021-2024\/wp-content\/uploads\/2023\/11\/becas-ninos-altamira-ciclo2022-2023-02-300x300.jpeg\" class=\"attachment-thumbnail size-thumbnail\" alt=\"\" srcset=\"https:\/\/difaltamira.gob.mx\/2021-2024\/wp-content\/uploads\/2023\/11\/becas-ninos-altamira-ciclo2022-2023-02-300x300.jpeg 300w, https:\/\/difaltamira.gob.mx\/2021-2024\/wp-content\/uploads\/2023\/11\/becas-ninos-altamira-ciclo2022-2023-02-85x85.jpeg 85w, https:\/\/difaltamira.gob.mx\/2021-2024\/wp-content\/uploads\/2023\/11\/becas-ninos-altamira-ciclo2022-2023-02-80x80.jpeg 80w\" sizes=\"(max-width:767px) 300px, 300px\" \/><\/a>\n\t\t\t\t<\/dt><\/div><\/dl><dl class='gallery-item' data-title='becas-ni\u00f1os-altamira-ciclo2022-2023-03' data-description=''><div class='gallery-item-wrapper'>\n\t\t\t\t<dt class='gallery-icon landscape'>\n\t\t\t\t\t<a href='https:\/\/difaltamira.gob.mx\/2021-2024\/wp-content\/uploads\/2023\/11\/becas-ninos-altamira-ciclo2022-2023-03.jpeg'><img decoding=\"async\" width=\"300\" height=\"300\" src=\"https:\/\/difaltamira.gob.mx\/2021-2024\/wp-content\/uploads\/2023\/11\/becas-ninos-altamira-ciclo2022-2023-03-300x300.jpeg\" class=\"attachment-thumbnail size-thumbnail\" alt=\"\" srcset=\"https:\/\/difaltamira.gob.mx\/2021-2024\/wp-content\/uploads\/2023\/11\/becas-ninos-altamira-ciclo2022-2023-03-300x300.jpeg 300w, https:\/\/difaltamira.gob.mx\/2021-2024\/wp-content\/uploads\/2023\/11\/becas-ninos-altamira-ciclo2022-2023-03-85x85.jpeg 85w, https:\/\/difaltamira.gob.mx\/2021-2024\/wp-content\/uploads\/2023\/11\/becas-ninos-altamira-ciclo2022-2023-03-80x80.jpeg 80w\" sizes=\"(max-width:767px) 300px, 300px\" \/><\/a>\n\t\t\t\t<\/dt><\/div><\/dl><br style=\"clear: both\" \/><dl class='gallery-item' data-title='becas-ni\u00f1os-altamira-ciclo2022-2023-04' data-description=''><div class='gallery-item-wrapper'>\n\t\t\t\t<dt class='gallery-icon landscape'>\n\t\t\t\t\t<a href='https:\/\/difaltamira.gob.mx\/2021-2024\/wp-content\/uploads\/2023\/11\/becas-ninos-altamira-ciclo2022-2023-04.jpeg'><img loading=\"lazy\" decoding=\"async\" width=\"300\" height=\"300\" src=\"https:\/\/difaltamira.gob.mx\/2021-2024\/wp-content\/uploads\/2023\/11\/becas-ninos-altamira-ciclo2022-2023-04-300x300.jpeg\" class=\"attachment-thumbnail size-thumbnail\" alt=\"\" srcset=\"https:\/\/difaltamira.gob.mx\/2021-2024\/wp-content\/uploads\/2023\/11\/becas-ninos-altamira-ciclo2022-2023-04-300x300.jpeg 300w, https:\/\/difaltamira.gob.mx\/2021-2024\/wp-content\/uploads\/2023\/11\/becas-ninos-altamira-ciclo2022-2023-04-85x85.jpeg 85w, https:\/\/difaltamira.gob.mx\/2021-2024\/wp-content\/uploads\/2023\/11\/becas-ninos-altamira-ciclo2022-2023-04-80x80.jpeg 80w\" sizes=\"(max-width:767px) 300px, 300px\" \/><\/a>\n\t\t\t\t<\/dt><\/div><\/dl><dl class='gallery-item' data-title='becas-ni\u00f1os-altamira-ciclo2022-2023-05' data-description=''><div class='gallery-item-wrapper'>\n\t\t\t\t<dt class='gallery-icon landscape'>\n\t\t\t\t\t<a href='https:\/\/difaltamira.gob.mx\/2021-2024\/wp-content\/uploads\/2023\/11\/becas-ninos-altamira-ciclo2022-2023-05.jpeg'><img loading=\"lazy\" decoding=\"async\" width=\"300\" height=\"300\" src=\"https:\/\/difaltamira.gob.mx\/2021-2024\/wp-content\/uploads\/2023\/11\/becas-ninos-altamira-ciclo2022-2023-05-300x300.jpeg\" class=\"attachment-thumbnail size-thumbnail\" alt=\"\" srcset=\"https:\/\/difaltamira.gob.mx\/2021-2024\/wp-content\/uploads\/2023\/11\/becas-ninos-altamira-ciclo2022-2023-05-300x300.jpeg 300w, https:\/\/difaltamira.gob.mx\/2021-2024\/wp-content\/uploads\/2023\/11\/becas-ninos-altamira-ciclo2022-2023-05-85x85.jpeg 85w, https:\/\/difaltamira.gob.mx\/2021-2024\/wp-content\/uploads\/2023\/11\/becas-ninos-altamira-ciclo2022-2023-05-80x80.jpeg 80w\" sizes=\"(max-width:767px) 300px, 300px\" \/><\/a>\n\t\t\t\t<\/dt><\/div><\/dl>\n\t\t\t\t<br style='clear: both' \/>\n\t\t\t<\/div>\n\n","protected":false},"excerpt":{"rendered":"<p>En un esfuerzo continuo por promover la educaci\u00f3n y contribuir a la transformaci\u00f3n de la sociedad, el Gobierno Municipal de Altamira, encabezado por el alcalde, Dr.<span class=\"excerpt-hellip\"> [\u2026]<\/span><\/p>\n","protected":false},"author":2,"featured_media":1562,"comment_status":"open","ping_status":"open","sticky":false,"template":"","format":"standard","meta":{"footnotes":""},"categories":[5],"tags":[],"class_list":["post-1560","post","type-post","status-publish","format-standard","has-post-thumbnail","hentry","category-dif-altamira"],"_links":{"self":[{"href":"https:\/\/difaltamira.gob.mx\/2021-2024\/wp-json\/wp\/v2\/posts\/1560","targetHints":{"allow":["GET"]}}],"collection":[{"href":"https:\/\/difaltamira.gob.mx\/2021-2024\/wp-json\/wp\/v2\/posts"}],"about":[{"href":"https:\/\/difaltamira.gob.mx\/2021-2024\/wp-json\/wp\/v2\/types\/post"}],"author":[{"embeddable":true,"href":"https:\/\/difaltamira.gob.mx\/2021-2024\/wp-json\/wp\/v2\/users\/2"}],"replies":[{"embeddable":true,"href":"https:\/\/difaltamira.gob.mx\/2021-2024\/wp-json\/wp\/v2\/comments?post=1560"}],"version-history":[{"count":2,"href":"https:\/\/difaltamira.gob.mx\/2021-2024\/wp-json\/wp\/v2\/posts\/1560\/revisions"}],"predecessor-version":[{"id":1567,"href":"https:\/\/difaltamira.gob.mx\/2021-2024\/wp-json\/wp\/v2\/posts\/1560\/revisions\/1567"}],"wp:featuredmedia":[{"embeddable":true,"href":"https:\/\/difaltamira.gob.mx\/2021-2024\/wp-json\/wp\/v2\/media\/1562"}],"wp:attachment":[{"href":"https:\/\/difaltamira.gob.mx\/2021-2024\/wp-json\/wp\/v2\/media?parent=1560"}],"wp:term":[{"taxonomy":"category","embeddable":true,"href":"https:\/\/difaltamira.gob.mx\/2021-2024\/wp-json\/wp\/v2\/categories?post=1560"},{"taxonomy":"post_tag","embeddable":true,"href":"https:\/\/difaltamira.gob.mx\/2021-2024\/wp-json\/wp\/v2\/tags?post=1560"}],"curies":[{"name":"wp","href":"https:\/\/api.w.org\/{rel}","templated":true}]}}