{"id":1553,"date":"2023-08-12T11:15:53","date_gmt":"2023-08-12T17:15:53","guid":{"rendered":"https:\/\/difaltamira.gob.mx\/2021-2024\/?p=1553"},"modified":"2023-11-15T16:18:24","modified_gmt":"2023-11-15T22:18:24","slug":"obtiene-rossy-luque-de-martinez-premio-internacional-por-su-gestion-frente-al-dif-altamira","status":"publish","type":"post","link":"https:\/\/difaltamira.gob.mx\/2021-2024\/2023\/08\/12\/obtiene-rossy-luque-de-martinez-premio-internacional-por-su-gestion-frente-al-dif-altamira\/","title":{"rendered":"Obtiene Rossy Luque de Mart\u00ednez premio internacional por su gesti\u00f3n frente al DIF Altamira"},"content":{"rendered":"<h2>Por segundo a\u00f1o consecutivo, la extraordinaria labor de la presidenta del DIF altamirense fue reconocida en un evento de talla internacional<\/h2>\n<p>Un emocionante evento tuvo lugar en la Ciudad de M\u00e9xico, en el que se reconoci\u00f3 la extraordinaria gesti\u00f3n de la Presidenta del Sistema DIF Altamira, C.P. Rossy Luque de Mart\u00ednez, al otorgarle por segundo a\u00f1o consecutivo el prestigioso Premio Internacional Tonantzin 2023.<\/p>\n<p>La ceremonia de entrega de estatuillas, misma que se otorgan a los mejores servidores p\u00fablicos de Iberoam\u00e9rica por su contribuci\u00f3n al desarrollo de su pa\u00eds, a trav\u00e9s de una buena gesti\u00f3n p\u00fablica, se llev\u00f3 a cabo en el elegante entorno del Hotel Camino Real de Polanco, donde el presidente del Instituto Mejores Gobernantes, Galo Lim\u00f3n, pronunci\u00f3 palabras que resaltaron la importancia de este premio. &#8220;Tonantzin&#8221;, que significa &#8220;Diosa Guerrera&#8221; adorada por nuestros ancestros, encapsula la fuerza y dedicaci\u00f3n que las titulares del Sistema DIF en M\u00e9xico y los servidores p\u00fablicos l\u00edderes de Iberoam\u00e9rica representan en su labor.<\/p>\n<p>La ceremonia comenz\u00f3 con el himno nacional mexicano y continu\u00f3 con la entrega de las estatuillas. Al ser llamada al escenario, Rossy Luque expres\u00f3 su gratitud a Dios por la oportunidad de servir, a su familia, y a su equipo en el Sistema DIF. Tambi\u00e9n agradeci\u00f3 al pueblo de Altamira por su reconocimiento y el apoyo que le han brindado.<\/p>\n<blockquote><p>&#8220;Es de bien nacido ser agradecido&#8221;, cit\u00f3 Rossy Luque, recordando que la gratitud es la madre de todas las virtudes. Su misi\u00f3n principal siempre ser\u00e1 servir y dar amor en cada acci\u00f3n que emprenda.<\/p><\/blockquote>\n<p>Se hace menci\u00f3n que la directora del DIF altamirense, C.P. Delia Margarita Orta Valles fue tambi\u00e9n reconocida por la labor del propio DIF, que ha brillado gracias a acciones como una atenci\u00f3n medica de primer nivel totalmente gratis para la poblaci\u00f3n las 24 horas del d\u00eda los 365 d\u00edas del a\u00f1o, 7 ambulancias en excelentes condiciones, 18 mil paquetes alimentarios canalizados a adultos mayores de alto valor nutricional, entre muchas otras m\u00e1s.<\/p>\n<p>En esta edici\u00f3n, se destacaron otras figuras del servicio p\u00fablico a nivel internacional, como Judith Peguero Ortiz, regidora del Ayuntamiento de Bani, Peravia, Rep\u00fablica Dominicana, y Eva Patricia Salazar Marroqu\u00edn, presidente municipal de Allende, Nuevo Le\u00f3n, M\u00e9xico.<\/p>\n<p>Adem\u00e1s, se reconoci\u00f3 a las ganadoras por segundo a\u00f1o consecutivo: Cecilia Raquel Cano, presidenta del DIF Mastepec, Chiapas; Ruth Jimenez de la Cruz, directora del DIF de Mastepec, Chiapas; Alma Rosa Limas Guadarrama, presidenta del DIF de Delicias, Chihuahua; Sandra Mar\u00eda Lemus Vega, presidenta del DIF de \u00c1lvaro Obreg\u00f3n, Michoac\u00e1n; y Mar\u00eda Teresa Morales Mora, directora del DIF de \u00c1lvaro Obreg\u00f3n, Michoac\u00e1n.<\/p>\n<p>La jornada tambi\u00e9n incluy\u00f3 capacitaciones valiosas, como &#8220;Mil Maneras de Morir al Hablar en P\u00fablico&#8221; por Alexis Soto, y &#8220;Mejor Servidor P\u00fablico&#8221; por Galo Lim\u00f3n. El evento concluy\u00f3 con la entrega de diplomas de participaci\u00f3n.<\/p>\n<p>El presidium estuvo integrado por figuras destacadas, como Nallely Granados, presidenta de la Asociaci\u00f3n de Municipios de M\u00e9xico (AMMAC); Manuel Granados, catedr\u00e1tico de la Facultad de Derecho en la Universidad Aut\u00f3noma de M\u00e9xico; Andr\u00e9s Franco, coordinador de Red Gobierno; Sara Orozco, vicepresidenta de las Mujeres del Instituto Mejores Gobernantes; y Alexis Soto, vicepresidente de Formaci\u00f3n Juvenil del Instituto Mejores Gobernantes.<\/p>\n<p>De esta manera, el Sistema DIF de Altamira es reconocido por su gesti\u00f3n humanista y de resultados a la de todos, pues a casi dos a\u00f1os de haber dado inicio con su gesti\u00f3n, Rossy Luque ha transformado con calidad y calidez los servicios ofrecidos por el organismo.<\/p>\n\n\t\t\t<style type='text\/css'>\n\t\t\t\t#sc_gallery-1 {\n\t\t\t\t\tmargin: auto;\n\t\t\t\t}\n\t\t\t\t#sc_gallery-1 .gallery-item {\n\t\t\t\t\tfloat: left;\n\t\t\t\t\ttext-align: center;\n\t\t\t\t\twidth: 33.33%;\n\t\t\t\t}\n\t\t\t\t#sc_gallery-1 img {\n\t\t\t\t\tborder: 2px solid #cfcfcf;\n\t\t\t\t}\n\t\t\t\t\/* see sc_gallery() in functions\/theme-shortcodes.php *\/\n\t\t\t<\/style>\n\t\t<div id='sc_gallery-1' class='gallery galleryid-1553 gallery-columns-3 gallery-size-thumbnail file gallery-default'><dl class='gallery-item' data-title='premio-internacional-rossy-luque-01' data-description=''><div class='gallery-item-wrapper'>\n\t\t\t\t<dt class='gallery-icon landscape'>\n\t\t\t\t\t<a href='https:\/\/difaltamira.gob.mx\/2021-2024\/wp-content\/uploads\/2023\/11\/premio-internacional-rossy-luque-01.jpeg'><img fetchpriority=\"high\" decoding=\"async\" width=\"300\" height=\"300\" src=\"https:\/\/difaltamira.gob.mx\/2021-2024\/wp-content\/uploads\/2023\/11\/premio-internacional-rossy-luque-01-300x300.jpeg\" class=\"attachment-thumbnail size-thumbnail\" alt=\"\" srcset=\"https:\/\/difaltamira.gob.mx\/2021-2024\/wp-content\/uploads\/2023\/11\/premio-internacional-rossy-luque-01-300x300.jpeg 300w, https:\/\/difaltamira.gob.mx\/2021-2024\/wp-content\/uploads\/2023\/11\/premio-internacional-rossy-luque-01-85x85.jpeg 85w, https:\/\/difaltamira.gob.mx\/2021-2024\/wp-content\/uploads\/2023\/11\/premio-internacional-rossy-luque-01-80x80.jpeg 80w\" sizes=\"(max-width:767px) 300px, 300px\" \/><\/a>\n\t\t\t\t<\/dt><\/div><\/dl><dl class='gallery-item' data-title='premio-internacional-rossy-luque-02' data-description=''><div class='gallery-item-wrapper'>\n\t\t\t\t<dt class='gallery-icon landscape'>\n\t\t\t\t\t<a href='https:\/\/difaltamira.gob.mx\/2021-2024\/wp-content\/uploads\/2023\/11\/premio-internacional-rossy-luque-02.jpeg'><img decoding=\"async\" width=\"300\" height=\"300\" src=\"https:\/\/difaltamira.gob.mx\/2021-2024\/wp-content\/uploads\/2023\/11\/premio-internacional-rossy-luque-02-300x300.jpeg\" class=\"attachment-thumbnail size-thumbnail\" alt=\"\" srcset=\"https:\/\/difaltamira.gob.mx\/2021-2024\/wp-content\/uploads\/2023\/11\/premio-internacional-rossy-luque-02-300x300.jpeg 300w, https:\/\/difaltamira.gob.mx\/2021-2024\/wp-content\/uploads\/2023\/11\/premio-internacional-rossy-luque-02-85x85.jpeg 85w, https:\/\/difaltamira.gob.mx\/2021-2024\/wp-content\/uploads\/2023\/11\/premio-internacional-rossy-luque-02-80x80.jpeg 80w\" sizes=\"(max-width:767px) 300px, 300px\" \/><\/a>\n\t\t\t\t<\/dt><\/div><\/dl><dl class='gallery-item' data-title='premio-internacional-rossy-luque-03' data-description=''><div class='gallery-item-wrapper'>\n\t\t\t\t<dt class='gallery-icon landscape'>\n\t\t\t\t\t<a href='https:\/\/difaltamira.gob.mx\/2021-2024\/wp-content\/uploads\/2023\/11\/premio-internacional-rossy-luque-03.jpeg'><img decoding=\"async\" width=\"300\" height=\"300\" src=\"https:\/\/difaltamira.gob.mx\/2021-2024\/wp-content\/uploads\/2023\/11\/premio-internacional-rossy-luque-03-300x300.jpeg\" class=\"attachment-thumbnail size-thumbnail\" alt=\"\" srcset=\"https:\/\/difaltamira.gob.mx\/2021-2024\/wp-content\/uploads\/2023\/11\/premio-internacional-rossy-luque-03-300x300.jpeg 300w, https:\/\/difaltamira.gob.mx\/2021-2024\/wp-content\/uploads\/2023\/11\/premio-internacional-rossy-luque-03-85x85.jpeg 85w, https:\/\/difaltamira.gob.mx\/2021-2024\/wp-content\/uploads\/2023\/11\/premio-internacional-rossy-luque-03-80x80.jpeg 80w\" sizes=\"(max-width:767px) 300px, 300px\" \/><\/a>\n\t\t\t\t<\/dt><\/div><\/dl><br style=\"clear: both\" \/><dl class='gallery-item' data-title='premio-internacional-rossy-luque-04' data-description=''><div class='gallery-item-wrapper'>\n\t\t\t\t<dt class='gallery-icon landscape'>\n\t\t\t\t\t<a href='https:\/\/difaltamira.gob.mx\/2021-2024\/wp-content\/uploads\/2023\/11\/premio-internacional-rossy-luque-04.jpeg'><img loading=\"lazy\" decoding=\"async\" width=\"300\" height=\"300\" src=\"https:\/\/difaltamira.gob.mx\/2021-2024\/wp-content\/uploads\/2023\/11\/premio-internacional-rossy-luque-04-300x300.jpeg\" class=\"attachment-thumbnail size-thumbnail\" alt=\"\" srcset=\"https:\/\/difaltamira.gob.mx\/2021-2024\/wp-content\/uploads\/2023\/11\/premio-internacional-rossy-luque-04-300x300.jpeg 300w, https:\/\/difaltamira.gob.mx\/2021-2024\/wp-content\/uploads\/2023\/11\/premio-internacional-rossy-luque-04-85x85.jpeg 85w, https:\/\/difaltamira.gob.mx\/2021-2024\/wp-content\/uploads\/2023\/11\/premio-internacional-rossy-luque-04-80x80.jpeg 80w\" sizes=\"(max-width:767px) 300px, 300px\" \/><\/a>\n\t\t\t\t<\/dt><\/div><\/dl><dl class='gallery-item' data-title='premio-internacional-rossy-luque-05' data-description=''><div class='gallery-item-wrapper'>\n\t\t\t\t<dt class='gallery-icon landscape'>\n\t\t\t\t\t<a href='https:\/\/difaltamira.gob.mx\/2021-2024\/wp-content\/uploads\/2023\/11\/premio-internacional-rossy-luque-05.jpeg'><img loading=\"lazy\" decoding=\"async\" width=\"300\" height=\"300\" src=\"https:\/\/difaltamira.gob.mx\/2021-2024\/wp-content\/uploads\/2023\/11\/premio-internacional-rossy-luque-05-300x300.jpeg\" class=\"attachment-thumbnail size-thumbnail\" alt=\"\" srcset=\"https:\/\/difaltamira.gob.mx\/2021-2024\/wp-content\/uploads\/2023\/11\/premio-internacional-rossy-luque-05-300x300.jpeg 300w, https:\/\/difaltamira.gob.mx\/2021-2024\/wp-content\/uploads\/2023\/11\/premio-internacional-rossy-luque-05-85x85.jpeg 85w, https:\/\/difaltamira.gob.mx\/2021-2024\/wp-content\/uploads\/2023\/11\/premio-internacional-rossy-luque-05-80x80.jpeg 80w\" sizes=\"(max-width:767px) 300px, 300px\" \/><\/a>\n\t\t\t\t<\/dt><\/div><\/dl>\n\t\t\t\t<br style='clear: both' \/>\n\t\t\t<\/div>\n\n","protected":false},"excerpt":{"rendered":"<p>Por segundo a\u00f1o consecutivo, la extraordinaria labor de la presidenta del DIF altamirense fue reconocida en un evento de talla internacional Un emocionante evento tuvo lugar<span class=\"excerpt-hellip\"> [\u2026]<\/span><\/p>\n","protected":false},"author":2,"featured_media":1554,"comment_status":"open","ping_status":"open","sticky":false,"template":"","format":"standard","meta":{"footnotes":""},"categories":[5],"tags":[],"class_list":["post-1553","post","type-post","status-publish","format-standard","has-post-thumbnail","hentry","category-dif-altamira"],"_links":{"self":[{"href":"https:\/\/difaltamira.gob.mx\/2021-2024\/wp-json\/wp\/v2\/posts\/1553","targetHints":{"allow":["GET"]}}],"collection":[{"href":"https:\/\/difaltamira.gob.mx\/2021-2024\/wp-json\/wp\/v2\/posts"}],"about":[{"href":"https:\/\/difaltamira.gob.mx\/2021-2024\/wp-json\/wp\/v2\/types\/post"}],"author":[{"embeddable":true,"href":"https:\/\/difaltamira.gob.mx\/2021-2024\/wp-json\/wp\/v2\/users\/2"}],"replies":[{"embeddable":true,"href":"https:\/\/difaltamira.gob.mx\/2021-2024\/wp-json\/wp\/v2\/comments?post=1553"}],"version-history":[{"count":1,"href":"https:\/\/difaltamira.gob.mx\/2021-2024\/wp-json\/wp\/v2\/posts\/1553\/revisions"}],"predecessor-version":[{"id":1559,"href":"https:\/\/difaltamira.gob.mx\/2021-2024\/wp-json\/wp\/v2\/posts\/1553\/revisions\/1559"}],"wp:featuredmedia":[{"embeddable":true,"href":"https:\/\/difaltamira.gob.mx\/2021-2024\/wp-json\/wp\/v2\/media\/1554"}],"wp:attachment":[{"href":"https:\/\/difaltamira.gob.mx\/2021-2024\/wp-json\/wp\/v2\/media?parent=1553"}],"wp:term":[{"taxonomy":"category","embeddable":true,"href":"https:\/\/difaltamira.gob.mx\/2021-2024\/wp-json\/wp\/v2\/categories?post=1553"},{"taxonomy":"post_tag","embeddable":true,"href":"https:\/\/difaltamira.gob.mx\/2021-2024\/wp-json\/wp\/v2\/tags?post=1553"}],"curies":[{"name":"wp","href":"https:\/\/api.w.org\/{rel}","templated":true}]}}