{"id":1544,"date":"2023-08-10T15:43:51","date_gmt":"2023-08-10T21:43:51","guid":{"rendered":"https:\/\/difaltamira.gob.mx\/2021-2024\/?p=1544"},"modified":"2023-11-14T17:52:39","modified_gmt":"2023-11-14T23:52:39","slug":"un-exito-la-segunda-edicion-del-campamento-de-verano-tamul-2023-del-sistema-dif-altamira","status":"publish","type":"post","link":"https:\/\/difaltamira.gob.mx\/2021-2024\/2023\/08\/10\/un-exito-la-segunda-edicion-del-campamento-de-verano-tamul-2023-del-sistema-dif-altamira\/","title":{"rendered":"Un \u00e9xito la segunda edici\u00f3n del campamento de verano TAMUL 2023 del Sistema DIF Altamira"},"content":{"rendered":"<h2>Alrededor de 80 peque\u00f1os se matricularon a este gran campamento que promover\u00e1 una educaci\u00f3n integral a la par que contar\u00e1 con divertidas actividades<\/h2>\n<p>Un aproximado de 80 ni\u00f1os y ni\u00f1as de las diversas colonias de la urbe industrial se encuentran inscritos en el \u201cCampamento de Verano Tamul 2023: Seamos mensajeros ecol\u00f3gicos\u201d, mismo que es gestionado por el Sistema para el Desarrollo Integral de la Familia de Altamira.<\/p>\n<p>Esta espectacular actividad dio inicio el pasado 07 de Agosto en el Tamul Arrecifes, en donde los peque\u00f1os tuvieron la oportunidad de disfrutar de clases de pintura, creaci\u00f3n de pi\u00f1atas ecol\u00f3gicas, comida saludable para ni\u00f1os, entre otras amenas actividades.<\/p>\n<p>Es de destacar que referido campamento de verano est\u00e1 enfocado en la importancia de fomentar la preservaci\u00f3n del medio ambiente, por lo que los ni\u00f1os conocer\u00e1n diversos temas en torno a ello.<\/p>\n<p>Asimismo, se contar\u00e1 con equinoterapia, loter\u00eda y dem\u00e1s actividades de integraci\u00f3n llevadas a cabo de igual manera en el Tamul Tampiquito.<\/p>\n<blockquote><p>\u201cEsta se trata de la segunda edici\u00f3n de este campamento. En la primera edici\u00f3n tuvimos una gran respuesta y este a\u00f1o superamos las expectativas. Sabemos la importancia de la ni\u00f1ez y el instruirlos en temas tan importantes como el medio ambiente, un segundo idioma e inclusive la inteligencia emocional es parte de lo que aqu\u00ed aprender\u00e1n. El brindarle estas herramientas a los ni\u00f1os es uno de nuestros compromisos de coraz\u00f3n\u201d, refiere la presidenta del Sistema DIF, C.P. Rossy Luque de Mart\u00ednez.<\/p><\/blockquote>\n<p>Por otro lado, la presidenta subray\u00f3 que esto fue posible gracias a empresas socialmente responsables como Grupo M\u00e9dico Alpro, Comex, Huapilla Tampico, Galletas Gran D\u00eda, y AyurVDetox quienes se sumaron<\/p>\n<p>Cabe destacar que los peque\u00f1os tendr\u00e1n un gran cierre de campamento este pr\u00f3ximo 18 de Agosto en las instalaciones del Parque Acu\u00e1tico Altamira, mismo que el equipo del Sistema DIF local se encuentra ya preparando para concluir con broche de oro esta exitosa segunda edici\u00f3n, cuyo costo de inscripci\u00f3n tiene el objetivo de apoyar a la nueva escuela para invidentes del Centro de Rehabilitaci\u00f3n Integral DIF denominada \u201cCamino de Luz\u201d.<\/p>\n\n\t\t\t<style type='text\/css'>\n\t\t\t\t#sc_gallery-1 {\n\t\t\t\t\tmargin: auto;\n\t\t\t\t}\n\t\t\t\t#sc_gallery-1 .gallery-item {\n\t\t\t\t\tfloat: left;\n\t\t\t\t\ttext-align: center;\n\t\t\t\t\twidth: 33.33%;\n\t\t\t\t}\n\t\t\t\t#sc_gallery-1 img {\n\t\t\t\t\tborder: 2px solid #cfcfcf;\n\t\t\t\t}\n\t\t\t\t\/* see sc_gallery() in functions\/theme-shortcodes.php *\/\n\t\t\t<\/style>\n\t\t<div id='sc_gallery-1' class='gallery galleryid-1544 gallery-columns-3 gallery-size-thumbnail file gallery-default'><dl class='gallery-item' data-title='exito-segunda-edicion-campamento-verano-tamul-dif-01' data-description=''><div class='gallery-item-wrapper'>\n\t\t\t\t<dt class='gallery-icon landscape'>\n\t\t\t\t\t<a href='https:\/\/difaltamira.gob.mx\/2021-2024\/wp-content\/uploads\/2023\/11\/exito-segunda-edicion-campamento-verano-tamul-dif-01.jpeg'><img fetchpriority=\"high\" decoding=\"async\" width=\"300\" height=\"300\" src=\"https:\/\/difaltamira.gob.mx\/2021-2024\/wp-content\/uploads\/2023\/11\/exito-segunda-edicion-campamento-verano-tamul-dif-01-300x300.jpeg\" class=\"attachment-thumbnail size-thumbnail\" alt=\"\" srcset=\"https:\/\/difaltamira.gob.mx\/2021-2024\/wp-content\/uploads\/2023\/11\/exito-segunda-edicion-campamento-verano-tamul-dif-01-300x300.jpeg 300w, https:\/\/difaltamira.gob.mx\/2021-2024\/wp-content\/uploads\/2023\/11\/exito-segunda-edicion-campamento-verano-tamul-dif-01-85x85.jpeg 85w, https:\/\/difaltamira.gob.mx\/2021-2024\/wp-content\/uploads\/2023\/11\/exito-segunda-edicion-campamento-verano-tamul-dif-01-80x80.jpeg 80w\" sizes=\"(max-width:767px) 300px, 300px\" \/><\/a>\n\t\t\t\t<\/dt><\/div><\/dl><dl class='gallery-item' data-title='exito-segunda-edicion-campamento-verano-tamul-dif-02' data-description=''><div class='gallery-item-wrapper'>\n\t\t\t\t<dt class='gallery-icon landscape'>\n\t\t\t\t\t<a href='https:\/\/difaltamira.gob.mx\/2021-2024\/wp-content\/uploads\/2023\/11\/exito-segunda-edicion-campamento-verano-tamul-dif-02.jpeg'><img decoding=\"async\" width=\"300\" height=\"300\" src=\"https:\/\/difaltamira.gob.mx\/2021-2024\/wp-content\/uploads\/2023\/11\/exito-segunda-edicion-campamento-verano-tamul-dif-02-300x300.jpeg\" class=\"attachment-thumbnail size-thumbnail\" alt=\"\" srcset=\"https:\/\/difaltamira.gob.mx\/2021-2024\/wp-content\/uploads\/2023\/11\/exito-segunda-edicion-campamento-verano-tamul-dif-02-300x300.jpeg 300w, https:\/\/difaltamira.gob.mx\/2021-2024\/wp-content\/uploads\/2023\/11\/exito-segunda-edicion-campamento-verano-tamul-dif-02-85x85.jpeg 85w, https:\/\/difaltamira.gob.mx\/2021-2024\/wp-content\/uploads\/2023\/11\/exito-segunda-edicion-campamento-verano-tamul-dif-02-80x80.jpeg 80w\" sizes=\"(max-width:767px) 300px, 300px\" \/><\/a>\n\t\t\t\t<\/dt><\/div><\/dl><dl class='gallery-item' data-title='exito-segunda-edicion-campamento-verano-tamul-dif-03' data-description=''><div class='gallery-item-wrapper'>\n\t\t\t\t<dt class='gallery-icon landscape'>\n\t\t\t\t\t<a href='https:\/\/difaltamira.gob.mx\/2021-2024\/wp-content\/uploads\/2023\/11\/exito-segunda-edicion-campamento-verano-tamul-dif-03.jpeg'><img decoding=\"async\" width=\"300\" height=\"300\" src=\"https:\/\/difaltamira.gob.mx\/2021-2024\/wp-content\/uploads\/2023\/11\/exito-segunda-edicion-campamento-verano-tamul-dif-03-300x300.jpeg\" class=\"attachment-thumbnail size-thumbnail\" alt=\"\" srcset=\"https:\/\/difaltamira.gob.mx\/2021-2024\/wp-content\/uploads\/2023\/11\/exito-segunda-edicion-campamento-verano-tamul-dif-03-300x300.jpeg 300w, https:\/\/difaltamira.gob.mx\/2021-2024\/wp-content\/uploads\/2023\/11\/exito-segunda-edicion-campamento-verano-tamul-dif-03-85x85.jpeg 85w, https:\/\/difaltamira.gob.mx\/2021-2024\/wp-content\/uploads\/2023\/11\/exito-segunda-edicion-campamento-verano-tamul-dif-03-80x80.jpeg 80w\" sizes=\"(max-width:767px) 300px, 300px\" \/><\/a>\n\t\t\t\t<\/dt><\/div><\/dl><br style=\"clear: both\" \/><dl class='gallery-item' data-title='exito-segunda-edicion-campamento-verano-tamul-dif-04' data-description=''><div class='gallery-item-wrapper'>\n\t\t\t\t<dt class='gallery-icon landscape'>\n\t\t\t\t\t<a href='https:\/\/difaltamira.gob.mx\/2021-2024\/wp-content\/uploads\/2023\/11\/exito-segunda-edicion-campamento-verano-tamul-dif-04.jpeg'><img loading=\"lazy\" decoding=\"async\" width=\"300\" height=\"300\" src=\"https:\/\/difaltamira.gob.mx\/2021-2024\/wp-content\/uploads\/2023\/11\/exito-segunda-edicion-campamento-verano-tamul-dif-04-300x300.jpeg\" class=\"attachment-thumbnail size-thumbnail\" alt=\"\" srcset=\"https:\/\/difaltamira.gob.mx\/2021-2024\/wp-content\/uploads\/2023\/11\/exito-segunda-edicion-campamento-verano-tamul-dif-04-300x300.jpeg 300w, https:\/\/difaltamira.gob.mx\/2021-2024\/wp-content\/uploads\/2023\/11\/exito-segunda-edicion-campamento-verano-tamul-dif-04-85x85.jpeg 85w, https:\/\/difaltamira.gob.mx\/2021-2024\/wp-content\/uploads\/2023\/11\/exito-segunda-edicion-campamento-verano-tamul-dif-04-80x80.jpeg 80w\" sizes=\"(max-width:767px) 300px, 300px\" \/><\/a>\n\t\t\t\t<\/dt><\/div><\/dl><dl class='gallery-item' data-title='exito-segunda-edicion-campamento-verano-tamul-dif-05' data-description=''><div class='gallery-item-wrapper'>\n\t\t\t\t<dt class='gallery-icon landscape'>\n\t\t\t\t\t<a href='https:\/\/difaltamira.gob.mx\/2021-2024\/wp-content\/uploads\/2023\/11\/exito-segunda-edicion-campamento-verano-tamul-dif-05.jpeg'><img loading=\"lazy\" decoding=\"async\" width=\"300\" height=\"300\" src=\"https:\/\/difaltamira.gob.mx\/2021-2024\/wp-content\/uploads\/2023\/11\/exito-segunda-edicion-campamento-verano-tamul-dif-05-300x300.jpeg\" class=\"attachment-thumbnail size-thumbnail\" alt=\"\" srcset=\"https:\/\/difaltamira.gob.mx\/2021-2024\/wp-content\/uploads\/2023\/11\/exito-segunda-edicion-campamento-verano-tamul-dif-05-300x300.jpeg 300w, https:\/\/difaltamira.gob.mx\/2021-2024\/wp-content\/uploads\/2023\/11\/exito-segunda-edicion-campamento-verano-tamul-dif-05-85x85.jpeg 85w, https:\/\/difaltamira.gob.mx\/2021-2024\/wp-content\/uploads\/2023\/11\/exito-segunda-edicion-campamento-verano-tamul-dif-05-80x80.jpeg 80w\" sizes=\"(max-width:767px) 300px, 300px\" \/><\/a>\n\t\t\t\t<\/dt><\/div><\/dl>\n\t\t\t\t<br style='clear: both' \/>\n\t\t\t<\/div>\n\n","protected":false},"excerpt":{"rendered":"<p>Alrededor de 80 peque\u00f1os se matricularon a este gran campamento que promover\u00e1 una educaci\u00f3n integral a la par que contar\u00e1 con divertidas actividades Un aproximado de<span class=\"excerpt-hellip\"> [\u2026]<\/span><\/p>\n","protected":false},"author":2,"featured_media":1545,"comment_status":"open","ping_status":"open","sticky":false,"template":"","format":"standard","meta":{"footnotes":""},"categories":[5],"tags":[],"class_list":["post-1544","post","type-post","status-publish","format-standard","has-post-thumbnail","hentry","category-dif-altamira"],"_links":{"self":[{"href":"https:\/\/difaltamira.gob.mx\/2021-2024\/wp-json\/wp\/v2\/posts\/1544","targetHints":{"allow":["GET"]}}],"collection":[{"href":"https:\/\/difaltamira.gob.mx\/2021-2024\/wp-json\/wp\/v2\/posts"}],"about":[{"href":"https:\/\/difaltamira.gob.mx\/2021-2024\/wp-json\/wp\/v2\/types\/post"}],"author":[{"embeddable":true,"href":"https:\/\/difaltamira.gob.mx\/2021-2024\/wp-json\/wp\/v2\/users\/2"}],"replies":[{"embeddable":true,"href":"https:\/\/difaltamira.gob.mx\/2021-2024\/wp-json\/wp\/v2\/comments?post=1544"}],"version-history":[{"count":3,"href":"https:\/\/difaltamira.gob.mx\/2021-2024\/wp-json\/wp\/v2\/posts\/1544\/revisions"}],"predecessor-version":[{"id":1552,"href":"https:\/\/difaltamira.gob.mx\/2021-2024\/wp-json\/wp\/v2\/posts\/1544\/revisions\/1552"}],"wp:featuredmedia":[{"embeddable":true,"href":"https:\/\/difaltamira.gob.mx\/2021-2024\/wp-json\/wp\/v2\/media\/1545"}],"wp:attachment":[{"href":"https:\/\/difaltamira.gob.mx\/2021-2024\/wp-json\/wp\/v2\/media?parent=1544"}],"wp:term":[{"taxonomy":"category","embeddable":true,"href":"https:\/\/difaltamira.gob.mx\/2021-2024\/wp-json\/wp\/v2\/categories?post=1544"},{"taxonomy":"post_tag","embeddable":true,"href":"https:\/\/difaltamira.gob.mx\/2021-2024\/wp-json\/wp\/v2\/tags?post=1544"}],"curies":[{"name":"wp","href":"https:\/\/api.w.org\/{rel}","templated":true}]}}