{"id":1538,"date":"2023-08-07T11:42:05","date_gmt":"2023-08-07T17:42:05","guid":{"rendered":"https:\/\/difaltamira.gob.mx\/2021-2024\/?p=1538"},"modified":"2023-11-14T13:50:46","modified_gmt":"2023-11-14T19:50:46","slug":"firma-gobierno-de-altamira-acuerdo-de-colaboracion-con-instituto-de-las-mujeres-tamaulipas","status":"publish","type":"post","link":"https:\/\/difaltamira.gob.mx\/2021-2024\/2023\/08\/07\/firma-gobierno-de-altamira-acuerdo-de-colaboracion-con-instituto-de-las-mujeres-tamaulipas\/","title":{"rendered":"Firma Gobierno de Altamira acuerdo de colaboraci\u00f3n con Instituto de las Mujeres Tamaulipas"},"content":{"rendered":"<h2>El acuerdo signado contempla la donaci\u00f3n de un espacio en donde ser\u00e1 habilitada una \u201cCasa Violeta\u201d, lugar en el que las mujeres v\u00edctimas de violencia podr\u00e1n ser atendidas.<\/h2>\n<p>Dando un gran paso hacia adelante en materia de protecci\u00f3n a la mujer, el Gobierno Municipal de Altamira, que dirige el alcalde, Dr. Armando Mart\u00ednez Manr\u00edquez, cedi\u00f3 en comodato un recinto que fungir\u00e1 como la primera \u201cCasa Violeta\u201d habilitada en la zona sur de Tamaulipas en lo que va de la actual administraci\u00f3n estatal que dirige el Dr. Am\u00e9rico Villarreal Anaya.<\/p>\n<p>Para tal efecto se llev\u00f3 a cabo una firma de convenio entre el jefe edilicio, la presidenta del Sistema DIF local, C.P. Rossy Luque de Mart\u00ednez as\u00ed como la directora del Instituto de Atenci\u00f3n a la Mujer de Tamaulipas, Mtra. Dianaluz Guti\u00e9rrez Gonz\u00e1lez.<\/p>\n<p>El acto, llevado a cabo en las propias instalaciones de la Casa Violeta, cont\u00f3 con la participaci\u00f3n del Arq. Ram\u00f3n Regalado, responsable de este proyecto. El mismo refiri\u00f3 que este recinto contar\u00e1 con recepci\u00f3n, tres cub\u00edculos de atenci\u00f3n, cocina, consultorio m\u00e9dico y de atenci\u00f3n psicol\u00f3gica, ba\u00f1os, rec\u00e1maras, estacionamiento y cercado de seguridad para darle resguardo a las futuras usuarias.<\/p>\n<blockquote><p>En su intervenci\u00f3n, el presidente indic\u00f3; \u201chemos realizado una visita de supervisi\u00f3n, se est\u00e1n afinando detalles para ponerla en marcha, para inaugurarla pr\u00f3ximamente. Esta Casa Violeta ser\u00e1 gestionada por el Estado, con personal del Estado y nosotros estamos muy contentos de colaborar porque representa un beneficio para la mujer altamirense\u201d.<\/p><\/blockquote>\n<p>Por su parte, Dianaluz Guti\u00e9rrez asegur\u00f3 que los indicios de violencia familiar no es un tema sencillo de tratar, sin embargo llegar a prevenir la violencia es uno de los objetivos y pol\u00edticas p\u00fablicas m\u00e1s importantes del Gobernador Am\u00e9rico Villarreal Anaya.<\/p>\n<p>Acot\u00f3 que en este centro se brindar\u00e1 apoyo legal adem\u00e1s de psicol\u00f3gico y m\u00e9dico a las mujeres, y podr\u00e1n hacer uso de \u00e9l siempre que as\u00ed lo requieran de forma gratuita.<\/p>\n<blockquote><p>\u201cEl 73% de las mujeres en Altamira alguna vez ha sufrido un episodio de violencia en su vida. Contamos en el Instituto con un diagn\u00f3stico de los 43 municipios del Estado, entrevistamos cara a cara a m\u00e1s de 8 mil hombres y mujeres para conocer los \u00edndices de violencia y trabajar sobre estos datos para erradicarla\u201d, ampli\u00f3 la funcionaria.<\/p>\n<p>En tanto, la presidenta del DIF Altamira, Rossy Luque se pronunci\u00f3 resaltando; \u201choy es un d\u00eda clave y especial para todas las mujeres de Altamira y Tamaulipas. Estamos siendo testigos de volver a darle a las mujeres, un espacio fundamental, un refugio seguro y digno que las acoja cuando enfrentan circunstancias de violencia o ante cualquier otra amenaza\u201d.<\/p><\/blockquote>\n<p>Las autoridades all\u00ed reunidas, signaron este acuerdo para que pr\u00f3ximamente las mujeres en la urbe industrial puedan contar con un espacio seguro, digno y especialmente dise\u00f1ado para ellas, mismo que estar\u00e1 localizado en la Calle Pedro Jos\u00e9 M\u00e9ndez, No. 38 de la colonia Los Naranjos.<\/p>\n\n\t\t\t<style type='text\/css'>\n\t\t\t\t#sc_gallery-1 {\n\t\t\t\t\tmargin: auto;\n\t\t\t\t}\n\t\t\t\t#sc_gallery-1 .gallery-item {\n\t\t\t\t\tfloat: left;\n\t\t\t\t\ttext-align: center;\n\t\t\t\t\twidth: 33.33%;\n\t\t\t\t}\n\t\t\t\t#sc_gallery-1 img {\n\t\t\t\t\tborder: 2px solid #cfcfcf;\n\t\t\t\t}\n\t\t\t\t\/* see sc_gallery() in functions\/theme-shortcodes.php *\/\n\t\t\t<\/style>\n\t\t<div id='sc_gallery-1' class='gallery galleryid-1538 gallery-columns-3 gallery-size-thumbnail file gallery-default'><dl class='gallery-item' data-title='firma-gobierno-altamira-acuerdo-colaboracion-instituto-mujeres-1' data-description=''><div class='gallery-item-wrapper'>\n\t\t\t\t<dt class='gallery-icon landscape'>\n\t\t\t\t\t<a href='https:\/\/difaltamira.gob.mx\/2021-2024\/wp-content\/uploads\/2023\/11\/firma-gobierno-altamira-acuerdo-colaboracion-instituto-mujeres-1.jpeg'><img fetchpriority=\"high\" decoding=\"async\" width=\"300\" height=\"300\" src=\"https:\/\/difaltamira.gob.mx\/2021-2024\/wp-content\/uploads\/2023\/11\/firma-gobierno-altamira-acuerdo-colaboracion-instituto-mujeres-1-300x300.jpeg\" class=\"attachment-thumbnail size-thumbnail\" alt=\"\" srcset=\"https:\/\/difaltamira.gob.mx\/2021-2024\/wp-content\/uploads\/2023\/11\/firma-gobierno-altamira-acuerdo-colaboracion-instituto-mujeres-1-300x300.jpeg 300w, https:\/\/difaltamira.gob.mx\/2021-2024\/wp-content\/uploads\/2023\/11\/firma-gobierno-altamira-acuerdo-colaboracion-instituto-mujeres-1-85x85.jpeg 85w, https:\/\/difaltamira.gob.mx\/2021-2024\/wp-content\/uploads\/2023\/11\/firma-gobierno-altamira-acuerdo-colaboracion-instituto-mujeres-1-80x80.jpeg 80w\" sizes=\"(max-width:767px) 300px, 300px\" \/><\/a>\n\t\t\t\t<\/dt><\/div><\/dl><dl class='gallery-item' data-title='firma-gobierno-altamira-acuerdo-colaboracion-instituto-mujeres-2' data-description=''><div class='gallery-item-wrapper'>\n\t\t\t\t<dt class='gallery-icon landscape'>\n\t\t\t\t\t<a href='https:\/\/difaltamira.gob.mx\/2021-2024\/wp-content\/uploads\/2023\/11\/firma-gobierno-altamira-acuerdo-colaboracion-instituto-mujeres-2.jpeg'><img decoding=\"async\" width=\"300\" height=\"300\" src=\"https:\/\/difaltamira.gob.mx\/2021-2024\/wp-content\/uploads\/2023\/11\/firma-gobierno-altamira-acuerdo-colaboracion-instituto-mujeres-2-300x300.jpeg\" class=\"attachment-thumbnail size-thumbnail\" alt=\"\" srcset=\"https:\/\/difaltamira.gob.mx\/2021-2024\/wp-content\/uploads\/2023\/11\/firma-gobierno-altamira-acuerdo-colaboracion-instituto-mujeres-2-300x300.jpeg 300w, https:\/\/difaltamira.gob.mx\/2021-2024\/wp-content\/uploads\/2023\/11\/firma-gobierno-altamira-acuerdo-colaboracion-instituto-mujeres-2-85x85.jpeg 85w, https:\/\/difaltamira.gob.mx\/2021-2024\/wp-content\/uploads\/2023\/11\/firma-gobierno-altamira-acuerdo-colaboracion-instituto-mujeres-2-80x80.jpeg 80w\" sizes=\"(max-width:767px) 300px, 300px\" \/><\/a>\n\t\t\t\t<\/dt><\/div><\/dl><dl class='gallery-item' data-title='firma-gobierno-altamira-acuerdo-colaboracion-instituto-mujeres-3' data-description=''><div class='gallery-item-wrapper'>\n\t\t\t\t<dt class='gallery-icon landscape'>\n\t\t\t\t\t<a href='https:\/\/difaltamira.gob.mx\/2021-2024\/wp-content\/uploads\/2023\/11\/firma-gobierno-altamira-acuerdo-colaboracion-instituto-mujeres-3.jpeg'><img decoding=\"async\" width=\"300\" height=\"300\" src=\"https:\/\/difaltamira.gob.mx\/2021-2024\/wp-content\/uploads\/2023\/11\/firma-gobierno-altamira-acuerdo-colaboracion-instituto-mujeres-3-300x300.jpeg\" class=\"attachment-thumbnail size-thumbnail\" alt=\"\" srcset=\"https:\/\/difaltamira.gob.mx\/2021-2024\/wp-content\/uploads\/2023\/11\/firma-gobierno-altamira-acuerdo-colaboracion-instituto-mujeres-3-300x300.jpeg 300w, https:\/\/difaltamira.gob.mx\/2021-2024\/wp-content\/uploads\/2023\/11\/firma-gobierno-altamira-acuerdo-colaboracion-instituto-mujeres-3-85x85.jpeg 85w, https:\/\/difaltamira.gob.mx\/2021-2024\/wp-content\/uploads\/2023\/11\/firma-gobierno-altamira-acuerdo-colaboracion-instituto-mujeres-3-80x80.jpeg 80w\" sizes=\"(max-width:767px) 300px, 300px\" \/><\/a>\n\t\t\t\t<\/dt><\/div><\/dl><br style=\"clear: both\" \/><dl class='gallery-item' data-title='firma-gobierno-altamira-acuerdo-colaboracion-instituto-mujeres-4' data-description=''><div class='gallery-item-wrapper'>\n\t\t\t\t<dt class='gallery-icon landscape'>\n\t\t\t\t\t<a href='https:\/\/difaltamira.gob.mx\/2021-2024\/wp-content\/uploads\/2023\/11\/firma-gobierno-altamira-acuerdo-colaboracion-instituto-mujeres-4.jpeg'><img loading=\"lazy\" decoding=\"async\" width=\"300\" height=\"300\" src=\"https:\/\/difaltamira.gob.mx\/2021-2024\/wp-content\/uploads\/2023\/11\/firma-gobierno-altamira-acuerdo-colaboracion-instituto-mujeres-4-300x300.jpeg\" class=\"attachment-thumbnail size-thumbnail\" alt=\"\" srcset=\"https:\/\/difaltamira.gob.mx\/2021-2024\/wp-content\/uploads\/2023\/11\/firma-gobierno-altamira-acuerdo-colaboracion-instituto-mujeres-4-300x300.jpeg 300w, https:\/\/difaltamira.gob.mx\/2021-2024\/wp-content\/uploads\/2023\/11\/firma-gobierno-altamira-acuerdo-colaboracion-instituto-mujeres-4-85x85.jpeg 85w, https:\/\/difaltamira.gob.mx\/2021-2024\/wp-content\/uploads\/2023\/11\/firma-gobierno-altamira-acuerdo-colaboracion-instituto-mujeres-4-80x80.jpeg 80w\" sizes=\"(max-width:767px) 300px, 300px\" \/><\/a>\n\t\t\t\t<\/dt><\/div><\/dl>\n\t\t\t\t<br style='clear: both' \/>\n\t\t\t<\/div>\n\n","protected":false},"excerpt":{"rendered":"<p>El acuerdo signado contempla la donaci\u00f3n de un espacio en donde ser\u00e1 habilitada una \u201cCasa Violeta\u201d, lugar en el que las mujeres v\u00edctimas de violencia podr\u00e1n<span class=\"excerpt-hellip\"> [\u2026]<\/span><\/p>\n","protected":false},"author":2,"featured_media":1539,"comment_status":"open","ping_status":"open","sticky":false,"template":"","format":"standard","meta":{"footnotes":""},"categories":[5],"tags":[],"class_list":["post-1538","post","type-post","status-publish","format-standard","has-post-thumbnail","hentry","category-dif-altamira"],"_links":{"self":[{"href":"https:\/\/difaltamira.gob.mx\/2021-2024\/wp-json\/wp\/v2\/posts\/1538","targetHints":{"allow":["GET"]}}],"collection":[{"href":"https:\/\/difaltamira.gob.mx\/2021-2024\/wp-json\/wp\/v2\/posts"}],"about":[{"href":"https:\/\/difaltamira.gob.mx\/2021-2024\/wp-json\/wp\/v2\/types\/post"}],"author":[{"embeddable":true,"href":"https:\/\/difaltamira.gob.mx\/2021-2024\/wp-json\/wp\/v2\/users\/2"}],"replies":[{"embeddable":true,"href":"https:\/\/difaltamira.gob.mx\/2021-2024\/wp-json\/wp\/v2\/comments?post=1538"}],"version-history":[{"count":1,"href":"https:\/\/difaltamira.gob.mx\/2021-2024\/wp-json\/wp\/v2\/posts\/1538\/revisions"}],"predecessor-version":[{"id":1543,"href":"https:\/\/difaltamira.gob.mx\/2021-2024\/wp-json\/wp\/v2\/posts\/1538\/revisions\/1543"}],"wp:featuredmedia":[{"embeddable":true,"href":"https:\/\/difaltamira.gob.mx\/2021-2024\/wp-json\/wp\/v2\/media\/1539"}],"wp:attachment":[{"href":"https:\/\/difaltamira.gob.mx\/2021-2024\/wp-json\/wp\/v2\/media?parent=1538"}],"wp:term":[{"taxonomy":"category","embeddable":true,"href":"https:\/\/difaltamira.gob.mx\/2021-2024\/wp-json\/wp\/v2\/categories?post=1538"},{"taxonomy":"post_tag","embeddable":true,"href":"https:\/\/difaltamira.gob.mx\/2021-2024\/wp-json\/wp\/v2\/tags?post=1538"}],"curies":[{"name":"wp","href":"https:\/\/api.w.org\/{rel}","templated":true}]}}