{"id":1500,"date":"2023-07-20T13:00:47","date_gmt":"2023-07-20T19:00:47","guid":{"rendered":"https:\/\/difaltamira.gob.mx\/2021-2024\/?p=1500"},"modified":"2023-10-16T17:01:38","modified_gmt":"2023-10-16T23:01:38","slug":"es-presidenta-del-dif-altamira-madrina-de-ninos-y-jovenes-que-terminaron-su-rehabilitacion-en-el-crit-tamaulipas","status":"publish","type":"post","link":"https:\/\/difaltamira.gob.mx\/2021-2024\/2023\/07\/20\/es-presidenta-del-dif-altamira-madrina-de-ninos-y-jovenes-que-terminaron-su-rehabilitacion-en-el-crit-tamaulipas\/","title":{"rendered":"Es presidenta del DIF Altamira madrina de ni\u00f1os y j\u00f3venes que terminaron su rehabilitaci\u00f3n en el CRIT Tamaulipas"},"content":{"rendered":"<h2>La C.P. Rossy Luque de Mart\u00ednez dedic\u00f3 unas emotivas palabras a 15 usuarios del CRIT Telet\u00f3n que finalizaron exitosamente su rehabilitaci\u00f3n<\/h2>\n<p>Una emotiva ceremonia de egreso de rehabilitaci\u00f3n se vivi\u00f3 en las instalaciones del CRIT Telet\u00f3n Tamaulipas, pues 15 ni\u00f1as, ni\u00f1os y j\u00f3venes lograron cumplir con los requisitos m\u00e9dicos que certifican su correcto tratamiento en el centro para incluirse en la vida cotidiana de manera \u00f3ptima.<\/p>\n<p>A este importante evento, asisti\u00f3 la presidenta del Sistema DIF Altamira, C.P. Rossy Luque de Mart\u00ednez, quien fungi\u00f3 como madrina de los ni\u00f1os y j\u00f3venes en cuesti\u00f3n.<\/p>\n<p>El protocolo dio comienzo con unas palabras de bienvenida por parte de la Dra. Stephanie Guarneros Legaria, subdirectora m\u00e9dica de cl\u00ednica \u201cA\u201d, posteriormente Luque de Mart\u00ednez se pronunci\u00f3 compartiendo un mensaje a las familias all\u00ed presentes.<\/p>\n<blockquote><p>\u201cEs un verdadero timbre de orgullo ser madrina de esta graduaci\u00f3n de ni\u00f1os y j\u00f3venes extraordinarios. Hoy ha quedado demostrado que el coraje y la tenacidad nos hace vencedores y con paciencia, nos convierte en invencibles\u201d, asegur\u00f3.<\/p><\/blockquote>\n<p>De igual forma, reconoci\u00f3 el trabajo de todos quienes hicieron realidad este sue\u00f1o, desde el equipo de especialistas del Telet\u00f3n, hasta los padres y dem\u00e1s familiares de los ni\u00f1os y j\u00f3venes beneficiarios, todos ellos pieza clave en referida cadena de esperanza.<\/p>\n<p>Luego de esto, uno a uno los beneficiarios, de entre 4 y 16 a\u00f1os, fueron llamados al presidium para entregarles un diploma en manos de la madrina de honor y miembros de la mesa directiva del propio CRIT.<\/p>\n<p>Por \u00faltimo, correspondi\u00f3 al director general del CRIT, Ing. Baldomero L\u00f3pez S\u00e1nchez brindar un mensaje de cierre, detallando la alegr\u00eda que representa para el centro el que los ni\u00f1os y j\u00f3venes hayan concluido con \u00e9xito su proceso de rehabilitaci\u00f3n.<\/p>\n<p>Concluy\u00f3 el evento con la toma de la fotograf\u00eda oficial y una amena recepci\u00f3n para los beneficiarios y sus familiares.<\/p>\n\n\t\t\t<style type='text\/css'>\n\t\t\t\t#sc_gallery-1 {\n\t\t\t\t\tmargin: auto;\n\t\t\t\t}\n\t\t\t\t#sc_gallery-1 .gallery-item {\n\t\t\t\t\tfloat: left;\n\t\t\t\t\ttext-align: center;\n\t\t\t\t\twidth: 33.33%;\n\t\t\t\t}\n\t\t\t\t#sc_gallery-1 img {\n\t\t\t\t\tborder: 2px solid #cfcfcf;\n\t\t\t\t}\n\t\t\t\t\/* see sc_gallery() in functions\/theme-shortcodes.php *\/\n\t\t\t<\/style>\n\t\t<div id='sc_gallery-1' class='gallery galleryid-1500 gallery-columns-3 gallery-size-thumbnail file gallery-default'><dl class='gallery-item' data-title='es-presidenta-del-dif-altamira-madrina-de-ni\u00f1os-y-jovenes-que-terminaron-su-rehabilitacion-en-el-crit-tamaulipas-01' data-description=''><div class='gallery-item-wrapper'>\n\t\t\t\t<dt class='gallery-icon landscape'>\n\t\t\t\t\t<a href='https:\/\/difaltamira.gob.mx\/2021-2024\/wp-content\/uploads\/2023\/10\/es-presidenta-del-dif-altamira-madrina-de-ninos-y-jovenes-que-terminaron-su-rehabilitacion-en-el-crit-tamaulipas-01.jpeg'><img fetchpriority=\"high\" decoding=\"async\" width=\"300\" height=\"300\" src=\"https:\/\/difaltamira.gob.mx\/2021-2024\/wp-content\/uploads\/2023\/10\/es-presidenta-del-dif-altamira-madrina-de-ninos-y-jovenes-que-terminaron-su-rehabilitacion-en-el-crit-tamaulipas-01-300x300.jpeg\" class=\"attachment-thumbnail size-thumbnail\" alt=\"\" srcset=\"https:\/\/difaltamira.gob.mx\/2021-2024\/wp-content\/uploads\/2023\/10\/es-presidenta-del-dif-altamira-madrina-de-ninos-y-jovenes-que-terminaron-su-rehabilitacion-en-el-crit-tamaulipas-01-300x300.jpeg 300w, https:\/\/difaltamira.gob.mx\/2021-2024\/wp-content\/uploads\/2023\/10\/es-presidenta-del-dif-altamira-madrina-de-ninos-y-jovenes-que-terminaron-su-rehabilitacion-en-el-crit-tamaulipas-01-85x85.jpeg 85w, https:\/\/difaltamira.gob.mx\/2021-2024\/wp-content\/uploads\/2023\/10\/es-presidenta-del-dif-altamira-madrina-de-ninos-y-jovenes-que-terminaron-su-rehabilitacion-en-el-crit-tamaulipas-01-80x80.jpeg 80w\" sizes=\"(max-width:767px) 300px, 300px\" \/><\/a>\n\t\t\t\t<\/dt><\/div><\/dl><dl class='gallery-item' data-title='es-presidenta-del-dif-altamira-madrina-de-ni\u00f1os-y-jovenes-que-terminaron-su-rehabilitacion-en-el-crit-tamaulipas-02' data-description=''><div class='gallery-item-wrapper'>\n\t\t\t\t<dt class='gallery-icon landscape'>\n\t\t\t\t\t<a href='https:\/\/difaltamira.gob.mx\/2021-2024\/wp-content\/uploads\/2023\/10\/es-presidenta-del-dif-altamira-madrina-de-ninos-y-jovenes-que-terminaron-su-rehabilitacion-en-el-crit-tamaulipas-02.jpeg'><img decoding=\"async\" width=\"300\" height=\"300\" src=\"https:\/\/difaltamira.gob.mx\/2021-2024\/wp-content\/uploads\/2023\/10\/es-presidenta-del-dif-altamira-madrina-de-ninos-y-jovenes-que-terminaron-su-rehabilitacion-en-el-crit-tamaulipas-02-300x300.jpeg\" class=\"attachment-thumbnail size-thumbnail\" alt=\"\" srcset=\"https:\/\/difaltamira.gob.mx\/2021-2024\/wp-content\/uploads\/2023\/10\/es-presidenta-del-dif-altamira-madrina-de-ninos-y-jovenes-que-terminaron-su-rehabilitacion-en-el-crit-tamaulipas-02-300x300.jpeg 300w, https:\/\/difaltamira.gob.mx\/2021-2024\/wp-content\/uploads\/2023\/10\/es-presidenta-del-dif-altamira-madrina-de-ninos-y-jovenes-que-terminaron-su-rehabilitacion-en-el-crit-tamaulipas-02-85x85.jpeg 85w, https:\/\/difaltamira.gob.mx\/2021-2024\/wp-content\/uploads\/2023\/10\/es-presidenta-del-dif-altamira-madrina-de-ninos-y-jovenes-que-terminaron-su-rehabilitacion-en-el-crit-tamaulipas-02-80x80.jpeg 80w\" sizes=\"(max-width:767px) 300px, 300px\" \/><\/a>\n\t\t\t\t<\/dt><\/div><\/dl><dl class='gallery-item' data-title='es-presidenta-del-dif-altamira-madrina-de-ni\u00f1os-y-jovenes-que-terminaron-su-rehabilitacion-en-el-crit-tamaulipas-03' data-description=''><div class='gallery-item-wrapper'>\n\t\t\t\t<dt class='gallery-icon landscape'>\n\t\t\t\t\t<a href='https:\/\/difaltamira.gob.mx\/2021-2024\/wp-content\/uploads\/2023\/10\/es-presidenta-del-dif-altamira-madrina-de-ninos-y-jovenes-que-terminaron-su-rehabilitacion-en-el-crit-tamaulipas-03.jpeg'><img decoding=\"async\" width=\"300\" height=\"300\" src=\"https:\/\/difaltamira.gob.mx\/2021-2024\/wp-content\/uploads\/2023\/10\/es-presidenta-del-dif-altamira-madrina-de-ninos-y-jovenes-que-terminaron-su-rehabilitacion-en-el-crit-tamaulipas-03-300x300.jpeg\" class=\"attachment-thumbnail size-thumbnail\" alt=\"\" srcset=\"https:\/\/difaltamira.gob.mx\/2021-2024\/wp-content\/uploads\/2023\/10\/es-presidenta-del-dif-altamira-madrina-de-ninos-y-jovenes-que-terminaron-su-rehabilitacion-en-el-crit-tamaulipas-03-300x300.jpeg 300w, https:\/\/difaltamira.gob.mx\/2021-2024\/wp-content\/uploads\/2023\/10\/es-presidenta-del-dif-altamira-madrina-de-ninos-y-jovenes-que-terminaron-su-rehabilitacion-en-el-crit-tamaulipas-03-85x85.jpeg 85w, https:\/\/difaltamira.gob.mx\/2021-2024\/wp-content\/uploads\/2023\/10\/es-presidenta-del-dif-altamira-madrina-de-ninos-y-jovenes-que-terminaron-su-rehabilitacion-en-el-crit-tamaulipas-03-80x80.jpeg 80w\" sizes=\"(max-width:767px) 300px, 300px\" \/><\/a>\n\t\t\t\t<\/dt><\/div><\/dl><br style=\"clear: both\" \/><dl class='gallery-item' data-title='es-presidenta-del-dif-altamira-madrina-de-ni\u00f1os-y-jovenes-que-terminaron-su-rehabilitacion-en-el-crit-tamaulipas-04' data-description=''><div class='gallery-item-wrapper'>\n\t\t\t\t<dt class='gallery-icon landscape'>\n\t\t\t\t\t<a href='https:\/\/difaltamira.gob.mx\/2021-2024\/wp-content\/uploads\/2023\/10\/es-presidenta-del-dif-altamira-madrina-de-ninos-y-jovenes-que-terminaron-su-rehabilitacion-en-el-crit-tamaulipas-04.jpeg'><img loading=\"lazy\" decoding=\"async\" width=\"300\" height=\"300\" src=\"https:\/\/difaltamira.gob.mx\/2021-2024\/wp-content\/uploads\/2023\/10\/es-presidenta-del-dif-altamira-madrina-de-ninos-y-jovenes-que-terminaron-su-rehabilitacion-en-el-crit-tamaulipas-04-300x300.jpeg\" class=\"attachment-thumbnail size-thumbnail\" alt=\"\" srcset=\"https:\/\/difaltamira.gob.mx\/2021-2024\/wp-content\/uploads\/2023\/10\/es-presidenta-del-dif-altamira-madrina-de-ninos-y-jovenes-que-terminaron-su-rehabilitacion-en-el-crit-tamaulipas-04-300x300.jpeg 300w, https:\/\/difaltamira.gob.mx\/2021-2024\/wp-content\/uploads\/2023\/10\/es-presidenta-del-dif-altamira-madrina-de-ninos-y-jovenes-que-terminaron-su-rehabilitacion-en-el-crit-tamaulipas-04-85x85.jpeg 85w, https:\/\/difaltamira.gob.mx\/2021-2024\/wp-content\/uploads\/2023\/10\/es-presidenta-del-dif-altamira-madrina-de-ninos-y-jovenes-que-terminaron-su-rehabilitacion-en-el-crit-tamaulipas-04-80x80.jpeg 80w\" sizes=\"(max-width:767px) 300px, 300px\" \/><\/a>\n\t\t\t\t<\/dt><\/div><\/dl><dl class='gallery-item' data-title='es-presidenta-del-dif-altamira-madrina-de-ni\u00f1os-y-jovenes-que-terminaron-su-rehabilitacion-en-el-crit-tamaulipas-05' data-description=''><div class='gallery-item-wrapper'>\n\t\t\t\t<dt class='gallery-icon landscape'>\n\t\t\t\t\t<a href='https:\/\/difaltamira.gob.mx\/2021-2024\/wp-content\/uploads\/2023\/10\/es-presidenta-del-dif-altamira-madrina-de-ninos-y-jovenes-que-terminaron-su-rehabilitacion-en-el-crit-tamaulipas-05.jpeg'><img loading=\"lazy\" decoding=\"async\" width=\"300\" height=\"300\" src=\"https:\/\/difaltamira.gob.mx\/2021-2024\/wp-content\/uploads\/2023\/10\/es-presidenta-del-dif-altamira-madrina-de-ninos-y-jovenes-que-terminaron-su-rehabilitacion-en-el-crit-tamaulipas-05-300x300.jpeg\" class=\"attachment-thumbnail size-thumbnail\" alt=\"\" srcset=\"https:\/\/difaltamira.gob.mx\/2021-2024\/wp-content\/uploads\/2023\/10\/es-presidenta-del-dif-altamira-madrina-de-ninos-y-jovenes-que-terminaron-su-rehabilitacion-en-el-crit-tamaulipas-05-300x300.jpeg 300w, https:\/\/difaltamira.gob.mx\/2021-2024\/wp-content\/uploads\/2023\/10\/es-presidenta-del-dif-altamira-madrina-de-ninos-y-jovenes-que-terminaron-su-rehabilitacion-en-el-crit-tamaulipas-05-85x85.jpeg 85w, https:\/\/difaltamira.gob.mx\/2021-2024\/wp-content\/uploads\/2023\/10\/es-presidenta-del-dif-altamira-madrina-de-ninos-y-jovenes-que-terminaron-su-rehabilitacion-en-el-crit-tamaulipas-05-80x80.jpeg 80w\" sizes=\"(max-width:767px) 300px, 300px\" \/><\/a>\n\t\t\t\t<\/dt><\/div><\/dl>\n\t\t\t\t<br style='clear: both' \/>\n\t\t\t<\/div>\n\n","protected":false},"excerpt":{"rendered":"<p>La C.P. Rossy Luque de Mart\u00ednez dedic\u00f3 unas emotivas palabras a 15 usuarios del CRIT Telet\u00f3n que finalizaron exitosamente su rehabilitaci\u00f3n Una emotiva ceremonia de egreso<span class=\"excerpt-hellip\"> [\u2026]<\/span><\/p>\n","protected":false},"author":2,"featured_media":1502,"comment_status":"open","ping_status":"open","sticky":false,"template":"","format":"standard","meta":{"footnotes":""},"categories":[5],"tags":[],"class_list":["post-1500","post","type-post","status-publish","format-standard","has-post-thumbnail","hentry","category-dif-altamira"],"_links":{"self":[{"href":"https:\/\/difaltamira.gob.mx\/2021-2024\/wp-json\/wp\/v2\/posts\/1500","targetHints":{"allow":["GET"]}}],"collection":[{"href":"https:\/\/difaltamira.gob.mx\/2021-2024\/wp-json\/wp\/v2\/posts"}],"about":[{"href":"https:\/\/difaltamira.gob.mx\/2021-2024\/wp-json\/wp\/v2\/types\/post"}],"author":[{"embeddable":true,"href":"https:\/\/difaltamira.gob.mx\/2021-2024\/wp-json\/wp\/v2\/users\/2"}],"replies":[{"embeddable":true,"href":"https:\/\/difaltamira.gob.mx\/2021-2024\/wp-json\/wp\/v2\/comments?post=1500"}],"version-history":[{"count":1,"href":"https:\/\/difaltamira.gob.mx\/2021-2024\/wp-json\/wp\/v2\/posts\/1500\/revisions"}],"predecessor-version":[{"id":1506,"href":"https:\/\/difaltamira.gob.mx\/2021-2024\/wp-json\/wp\/v2\/posts\/1500\/revisions\/1506"}],"wp:featuredmedia":[{"embeddable":true,"href":"https:\/\/difaltamira.gob.mx\/2021-2024\/wp-json\/wp\/v2\/media\/1502"}],"wp:attachment":[{"href":"https:\/\/difaltamira.gob.mx\/2021-2024\/wp-json\/wp\/v2\/media?parent=1500"}],"wp:term":[{"taxonomy":"category","embeddable":true,"href":"https:\/\/difaltamira.gob.mx\/2021-2024\/wp-json\/wp\/v2\/categories?post=1500"},{"taxonomy":"post_tag","embeddable":true,"href":"https:\/\/difaltamira.gob.mx\/2021-2024\/wp-json\/wp\/v2\/tags?post=1500"}],"curies":[{"name":"wp","href":"https:\/\/api.w.org\/{rel}","templated":true}]}}