{"id":1491,"date":"2023-07-14T13:00:31","date_gmt":"2023-07-14T19:00:31","guid":{"rendered":"https:\/\/difaltamira.gob.mx\/2021-2024\/?p=1491"},"modified":"2023-10-16T11:26:00","modified_gmt":"2023-10-16T17:26:00","slug":"respalda-dif-altamirense-a-la-ninez-en-situacion-de-vulnerabilidad-con-apoyos-educativos","status":"publish","type":"post","link":"https:\/\/difaltamira.gob.mx\/2021-2024\/2023\/07\/14\/respalda-dif-altamirense-a-la-ninez-en-situacion-de-vulnerabilidad-con-apoyos-educativos\/","title":{"rendered":"Respalda DIF Altamirense a la ni\u00f1ez en situaci\u00f3n de vulnerabilidad con apoyos educativos"},"content":{"rendered":"<h2>El Sistema para el Desarrollo Integral de la Familia en Altamira, dirigido por su presidenta la C.P. Rossy Luque de Mart\u00ednez en coordinaci\u00f3n con el DIF Tamaulipas fungi\u00f3 como enlace oficial para hacer entrega de 55 becas pertenecientes a programas de apoyo del organismo estatal, y que son dirigidas a ni\u00f1os y j\u00f3venes en situaciones vulnerables.<\/h2>\n<p>Estos apoyos, tienen el objetivo de garantizar el acceso y permanencia en el sistema educativo de sus beneficiarios, contribuyendo de esta manera a disminuir la deserci\u00f3n escolar.<\/p>\n<p>La primera entrega de las becas antes referidas fue llevada a cabo en la Palapa de la Laguna del Champay\u00e1n, lugar en el que la C.P. Rossy Luque hizo entrega de 23 de 60 apoyos correspondientes al programa \u201cEsperanza Tamaulipas PANNARTI\u201d. Los acreedores, a la vez beneficiarios del Programa de Atenci\u00f3n a Ni\u00f1as, Ni\u00f1os y Adolescentes en Riesgo y Trabajo Infantil (PANNARTI) del DIF local, recibieron con entusiasmo este respaldo educativo que ser\u00e1 de gran utilidad y un desahogo en el bolsillo de sus tutores o familiares.<\/p>\n<blockquote><p>\u201cNuestro Gobernador, el Dr. Am\u00e9rico Villarreal Anaya, y su esposa, Dra. Mar\u00eda de Villarreal, presidenta del Sistema DIF Tamaulipas est\u00e1n comprometidos con la ni\u00f1ez, pues luego de a\u00f1os de haberse suspendido estos apoyos hoy se retoman con fuerza y representan la esperanza de la transformaci\u00f3n para quienes m\u00e1s los necesitan\u201d, expres\u00f3 Luque de Mart\u00ednez.<\/p><\/blockquote>\n<p>Luego de este acto, fue desarrollada una segunda entrega de becas, llevando por nombre \u201cPor la Inclusi\u00f3n Tamaulipas\u201d y en la que se benefici\u00f3 a 32 estudiantes en situaci\u00f3n de discapacidad motriz, visual, auditiva o intelectual leve que se encuentran inscritos en instituciones de educaci\u00f3n p\u00fablica, esto en las instalaciones del Centro de Rehabilitaci\u00f3n Integral del propio organismo.<\/p>\n<p>Durante este \u00faltimo evento, la presidenta del DIF local finaliz\u00f3 indicando que se le ha apostado fuertemente al rubro de la salud, espec\u00edficamente en materia de rehabilitaci\u00f3n f\u00edsica. De la mano del sector privado y con el respaldo del gobierno del alcalde, Dr. Armando Mart\u00ednez Manr\u00edquez han podido transformar el centro antes referido para ofrecer consultas de especialidad con modernos aparatos que impactan positivamente la vida de quienes acuden a sus terapias.<\/p>\n<p>Atestiguaron esta entrega la Prof. Norma Elizabeth Huerta Ramos, Jefa del Departamento Lazos de Esperanza; Lic. Karina de Leija Cruz, Encargada de \u00c1rea Jur\u00eddica del Departamento Lazos de Esperanza; Lic. Juan Carlos Cruz Guevara, Enlace del DIF Tamaulipas en la Zona Sur, as\u00ed como dem\u00e1s funcionarios del DIF Estatal y Municipal.<\/p>\n\n\t\t\t<style type='text\/css'>\n\t\t\t\t#sc_gallery-1 {\n\t\t\t\t\tmargin: auto;\n\t\t\t\t}\n\t\t\t\t#sc_gallery-1 .gallery-item {\n\t\t\t\t\tfloat: left;\n\t\t\t\t\ttext-align: center;\n\t\t\t\t\twidth: 33.33%;\n\t\t\t\t}\n\t\t\t\t#sc_gallery-1 img {\n\t\t\t\t\tborder: 2px solid #cfcfcf;\n\t\t\t\t}\n\t\t\t\t\/* see sc_gallery() in functions\/theme-shortcodes.php *\/\n\t\t\t<\/style>\n\t\t<div id='sc_gallery-1' class='gallery galleryid-1491 gallery-columns-3 gallery-size-thumbnail file gallery-default'><dl class='gallery-item' data-title='respalda-dif-altamirense-a-la-ni\u00f1ez-en-situacion-de-vulnerabilidad-con-apoyos-educativos-01' data-description=''><div class='gallery-item-wrapper'>\n\t\t\t\t<dt class='gallery-icon landscape'>\n\t\t\t\t\t<a href='https:\/\/difaltamira.gob.mx\/2021-2024\/wp-content\/uploads\/2023\/10\/respalda-dif-altamirense-a-la-ninez-en-situacion-de-vulnerabilidad-con-apoyos-educativos-01.jpeg'><img fetchpriority=\"high\" decoding=\"async\" width=\"300\" height=\"300\" src=\"https:\/\/difaltamira.gob.mx\/2021-2024\/wp-content\/uploads\/2023\/10\/respalda-dif-altamirense-a-la-ninez-en-situacion-de-vulnerabilidad-con-apoyos-educativos-01-300x300.jpeg\" class=\"attachment-thumbnail size-thumbnail\" alt=\"\" srcset=\"https:\/\/difaltamira.gob.mx\/2021-2024\/wp-content\/uploads\/2023\/10\/respalda-dif-altamirense-a-la-ninez-en-situacion-de-vulnerabilidad-con-apoyos-educativos-01-300x300.jpeg 300w, https:\/\/difaltamira.gob.mx\/2021-2024\/wp-content\/uploads\/2023\/10\/respalda-dif-altamirense-a-la-ninez-en-situacion-de-vulnerabilidad-con-apoyos-educativos-01-85x85.jpeg 85w, https:\/\/difaltamira.gob.mx\/2021-2024\/wp-content\/uploads\/2023\/10\/respalda-dif-altamirense-a-la-ninez-en-situacion-de-vulnerabilidad-con-apoyos-educativos-01-80x80.jpeg 80w\" sizes=\"(max-width:767px) 300px, 300px\" \/><\/a>\n\t\t\t\t<\/dt><\/div><\/dl><dl class='gallery-item' data-title='respalda-dif-altamirense-a-la-ni\u00f1ez-en-situacion-de-vulnerabilidad-con-apoyos-educativos-02' data-description=''><div class='gallery-item-wrapper'>\n\t\t\t\t<dt class='gallery-icon landscape'>\n\t\t\t\t\t<a href='https:\/\/difaltamira.gob.mx\/2021-2024\/wp-content\/uploads\/2023\/10\/respalda-dif-altamirense-a-la-ninez-en-situacion-de-vulnerabilidad-con-apoyos-educativos-02.jpeg'><img decoding=\"async\" width=\"300\" height=\"300\" src=\"https:\/\/difaltamira.gob.mx\/2021-2024\/wp-content\/uploads\/2023\/10\/respalda-dif-altamirense-a-la-ninez-en-situacion-de-vulnerabilidad-con-apoyos-educativos-02-300x300.jpeg\" class=\"attachment-thumbnail size-thumbnail\" alt=\"\" srcset=\"https:\/\/difaltamira.gob.mx\/2021-2024\/wp-content\/uploads\/2023\/10\/respalda-dif-altamirense-a-la-ninez-en-situacion-de-vulnerabilidad-con-apoyos-educativos-02-300x300.jpeg 300w, https:\/\/difaltamira.gob.mx\/2021-2024\/wp-content\/uploads\/2023\/10\/respalda-dif-altamirense-a-la-ninez-en-situacion-de-vulnerabilidad-con-apoyos-educativos-02-85x85.jpeg 85w, https:\/\/difaltamira.gob.mx\/2021-2024\/wp-content\/uploads\/2023\/10\/respalda-dif-altamirense-a-la-ninez-en-situacion-de-vulnerabilidad-con-apoyos-educativos-02-80x80.jpeg 80w\" sizes=\"(max-width:767px) 300px, 300px\" \/><\/a>\n\t\t\t\t<\/dt><\/div><\/dl><dl class='gallery-item' data-title='respalda-dif-altamirense-a-la-ni\u00f1ez-en-situacion-de-vulnerabilidad-con-apoyos-educativos-03' data-description=''><div class='gallery-item-wrapper'>\n\t\t\t\t<dt class='gallery-icon landscape'>\n\t\t\t\t\t<a href='https:\/\/difaltamira.gob.mx\/2021-2024\/wp-content\/uploads\/2023\/10\/respalda-dif-altamirense-a-la-ninez-en-situacion-de-vulnerabilidad-con-apoyos-educativos-03.jpeg'><img decoding=\"async\" width=\"300\" height=\"300\" src=\"https:\/\/difaltamira.gob.mx\/2021-2024\/wp-content\/uploads\/2023\/10\/respalda-dif-altamirense-a-la-ninez-en-situacion-de-vulnerabilidad-con-apoyos-educativos-03-300x300.jpeg\" class=\"attachment-thumbnail size-thumbnail\" alt=\"\" srcset=\"https:\/\/difaltamira.gob.mx\/2021-2024\/wp-content\/uploads\/2023\/10\/respalda-dif-altamirense-a-la-ninez-en-situacion-de-vulnerabilidad-con-apoyos-educativos-03-300x300.jpeg 300w, https:\/\/difaltamira.gob.mx\/2021-2024\/wp-content\/uploads\/2023\/10\/respalda-dif-altamirense-a-la-ninez-en-situacion-de-vulnerabilidad-con-apoyos-educativos-03-85x85.jpeg 85w, https:\/\/difaltamira.gob.mx\/2021-2024\/wp-content\/uploads\/2023\/10\/respalda-dif-altamirense-a-la-ninez-en-situacion-de-vulnerabilidad-con-apoyos-educativos-03-80x80.jpeg 80w\" sizes=\"(max-width:767px) 300px, 300px\" \/><\/a>\n\t\t\t\t<\/dt><\/div><\/dl><br style=\"clear: both\" \/><dl class='gallery-item' data-title='respalda-dif-altamirense-a-la-ni\u00f1ez-en-situacion-de-vulnerabilidad-con-apoyos-educativos-04' data-description=''><div class='gallery-item-wrapper'>\n\t\t\t\t<dt class='gallery-icon landscape'>\n\t\t\t\t\t<a href='https:\/\/difaltamira.gob.mx\/2021-2024\/wp-content\/uploads\/2023\/10\/respalda-dif-altamirense-a-la-ninez-en-situacion-de-vulnerabilidad-con-apoyos-educativos-04.jpeg'><img loading=\"lazy\" decoding=\"async\" width=\"300\" height=\"300\" src=\"https:\/\/difaltamira.gob.mx\/2021-2024\/wp-content\/uploads\/2023\/10\/respalda-dif-altamirense-a-la-ninez-en-situacion-de-vulnerabilidad-con-apoyos-educativos-04-300x300.jpeg\" class=\"attachment-thumbnail size-thumbnail\" alt=\"\" srcset=\"https:\/\/difaltamira.gob.mx\/2021-2024\/wp-content\/uploads\/2023\/10\/respalda-dif-altamirense-a-la-ninez-en-situacion-de-vulnerabilidad-con-apoyos-educativos-04-300x300.jpeg 300w, https:\/\/difaltamira.gob.mx\/2021-2024\/wp-content\/uploads\/2023\/10\/respalda-dif-altamirense-a-la-ninez-en-situacion-de-vulnerabilidad-con-apoyos-educativos-04-85x85.jpeg 85w, https:\/\/difaltamira.gob.mx\/2021-2024\/wp-content\/uploads\/2023\/10\/respalda-dif-altamirense-a-la-ninez-en-situacion-de-vulnerabilidad-con-apoyos-educativos-04-80x80.jpeg 80w\" sizes=\"(max-width:767px) 300px, 300px\" \/><\/a>\n\t\t\t\t<\/dt><\/div><\/dl><dl class='gallery-item' data-title='respalda-dif-altamirense-a-la-ni\u00f1ez-en-situacion-de-vulnerabilidad-con-apoyos-educativos-05' data-description=''><div class='gallery-item-wrapper'>\n\t\t\t\t<dt class='gallery-icon landscape'>\n\t\t\t\t\t<a href='https:\/\/difaltamira.gob.mx\/2021-2024\/wp-content\/uploads\/2023\/10\/respalda-dif-altamirense-a-la-ninez-en-situacion-de-vulnerabilidad-con-apoyos-educativos-05.jpeg'><img loading=\"lazy\" decoding=\"async\" width=\"300\" height=\"300\" src=\"https:\/\/difaltamira.gob.mx\/2021-2024\/wp-content\/uploads\/2023\/10\/respalda-dif-altamirense-a-la-ninez-en-situacion-de-vulnerabilidad-con-apoyos-educativos-05-300x300.jpeg\" class=\"attachment-thumbnail size-thumbnail\" alt=\"\" srcset=\"https:\/\/difaltamira.gob.mx\/2021-2024\/wp-content\/uploads\/2023\/10\/respalda-dif-altamirense-a-la-ninez-en-situacion-de-vulnerabilidad-con-apoyos-educativos-05-300x300.jpeg 300w, https:\/\/difaltamira.gob.mx\/2021-2024\/wp-content\/uploads\/2023\/10\/respalda-dif-altamirense-a-la-ninez-en-situacion-de-vulnerabilidad-con-apoyos-educativos-05-85x85.jpeg 85w, https:\/\/difaltamira.gob.mx\/2021-2024\/wp-content\/uploads\/2023\/10\/respalda-dif-altamirense-a-la-ninez-en-situacion-de-vulnerabilidad-con-apoyos-educativos-05-80x80.jpeg 80w\" sizes=\"(max-width:767px) 300px, 300px\" \/><\/a>\n\t\t\t\t<\/dt><\/div><\/dl>\n\t\t\t\t<br style='clear: both' \/>\n\t\t\t<\/div>\n\n","protected":false},"excerpt":{"rendered":"<p>El Sistema para el Desarrollo Integral de la Familia en Altamira, dirigido por su presidenta la C.P. Rossy Luque de Mart\u00ednez en coordinaci\u00f3n con el DIF<span class=\"excerpt-hellip\"> [\u2026]<\/span><\/p>\n","protected":false},"author":2,"featured_media":1494,"comment_status":"open","ping_status":"open","sticky":false,"template":"","format":"standard","meta":{"footnotes":""},"categories":[5],"tags":[],"class_list":["post-1491","post","type-post","status-publish","format-standard","has-post-thumbnail","hentry","category-dif-altamira"],"_links":{"self":[{"href":"https:\/\/difaltamira.gob.mx\/2021-2024\/wp-json\/wp\/v2\/posts\/1491","targetHints":{"allow":["GET"]}}],"collection":[{"href":"https:\/\/difaltamira.gob.mx\/2021-2024\/wp-json\/wp\/v2\/posts"}],"about":[{"href":"https:\/\/difaltamira.gob.mx\/2021-2024\/wp-json\/wp\/v2\/types\/post"}],"author":[{"embeddable":true,"href":"https:\/\/difaltamira.gob.mx\/2021-2024\/wp-json\/wp\/v2\/users\/2"}],"replies":[{"embeddable":true,"href":"https:\/\/difaltamira.gob.mx\/2021-2024\/wp-json\/wp\/v2\/comments?post=1491"}],"version-history":[{"count":1,"href":"https:\/\/difaltamira.gob.mx\/2021-2024\/wp-json\/wp\/v2\/posts\/1491\/revisions"}],"predecessor-version":[{"id":1497,"href":"https:\/\/difaltamira.gob.mx\/2021-2024\/wp-json\/wp\/v2\/posts\/1491\/revisions\/1497"}],"wp:featuredmedia":[{"embeddable":true,"href":"https:\/\/difaltamira.gob.mx\/2021-2024\/wp-json\/wp\/v2\/media\/1494"}],"wp:attachment":[{"href":"https:\/\/difaltamira.gob.mx\/2021-2024\/wp-json\/wp\/v2\/media?parent=1491"}],"wp:term":[{"taxonomy":"category","embeddable":true,"href":"https:\/\/difaltamira.gob.mx\/2021-2024\/wp-json\/wp\/v2\/categories?post=1491"},{"taxonomy":"post_tag","embeddable":true,"href":"https:\/\/difaltamira.gob.mx\/2021-2024\/wp-json\/wp\/v2\/tags?post=1491"}],"curies":[{"name":"wp","href":"https:\/\/api.w.org\/{rel}","templated":true}]}}