{"id":1484,"date":"2023-07-12T11:00:56","date_gmt":"2023-07-12T17:00:56","guid":{"rendered":"https:\/\/difaltamira.gob.mx\/2021-2024\/?p=1484"},"modified":"2023-10-16T10:55:58","modified_gmt":"2023-10-16T16:55:58","slug":"recibe-dif-altamira-aparatos-funcionales-para-ayudar-a-quienes-mas-los-necesitan","status":"publish","type":"post","link":"https:\/\/difaltamira.gob.mx\/2021-2024\/2023\/07\/12\/recibe-dif-altamira-aparatos-funcionales-para-ayudar-a-quienes-mas-los-necesitan\/","title":{"rendered":"Recibe DIF Altamira aparatos funcionales para ayudar a quienes m\u00e1s los necesitan"},"content":{"rendered":"<h2>La presidenta del Sistema DIF local, C.P. Rossy Luque de Mart\u00ednez reiter\u00f3 su compromiso de coraz\u00f3n por ayudar noblemente a aquellas personas que sufren alguna discapacidad motriz<\/h2>\n<p>El gimnasio inclusivo del Sistema DIF Altamira fue el recinto oficial para llevar a cabo la entrega de hasta 25 aparatos funcionales al organismo que preside la C.P. Rossy Luque de Mart\u00ednez, insumos donados por la Beneficencia P\u00fablica del Estado as\u00ed como por el Centro de Rehabilitaci\u00f3n Integral.<\/p>\n<p>En este acto, al que tambi\u00e9n se sum\u00f3 el presidente municipal, Dr. Armando Mart\u00ednez Manr\u00edquez, se dio a conocer que esta acci\u00f3n suma al eje de trabajo de la administraci\u00f3n local, denominado \u201cBienestar para Todos\u201d, cuya base es aumentar la calidad de vida de todas las personas sin importar su condici\u00f3n.<\/p>\n<p>Cabe destacar que la Beneficencia P\u00fablica del Estado canaliz\u00f3 al DIF 9 sillas de ruedas, un andador convencional, as\u00ed como un bast\u00f3n de 4 puntos; mientras que el CRI don\u00f3 5 bastones de 4 puntos, 4 pares de muletas, 2 bastones de un punto, un andador convencional, y 2 andadores con asiento, lo anterior gracias a una colecta interna entre el personal en el marco del pasado D\u00eda Internacional de las Personas con Discapacidad.<\/p>\n<blockquote><p>El en evento Luque de Mart\u00ednez asegur\u00f3 que: \u201cayudar y servir al pr\u00f3jimo, es un honor y una responsabilidad que nos otorga el servicio p\u00fablico. Estoy muy contenta de estar aqu\u00ed con ustedes en esta entrega de aparatos funcionales para seguir fortaleciendo con apoyos a quienes m\u00e1s lo necesitan\u201d<\/p><\/blockquote>\n<p>Enfatiz\u00f3 que valorar y apoyar a las personas con discapacidad es una pr\u00e1ctica constante que realizan en el Sistema DIF a trav\u00e9s del Centro de Rehabilitaci\u00f3n Integral (CRI), por lo que continuar\u00e1n trabajando bajo esa l\u00ednea de acci\u00f3n.<\/p>\n<p>Por su parte, la primera autoridad municipal, el Dr. Armando Mart\u00ednez celebr\u00f3 la extraordinaria vinculaci\u00f3n que el DIF tiene con diversas instituciones tanto p\u00fablicas como privadas, pues es a trav\u00e9s del trabajo en equipo la manera en la que se puede ayudar a m\u00e1s personas.<\/p>\n\n\t\t\t<style type='text\/css'>\n\t\t\t\t#sc_gallery-1 {\n\t\t\t\t\tmargin: auto;\n\t\t\t\t}\n\t\t\t\t#sc_gallery-1 .gallery-item {\n\t\t\t\t\tfloat: left;\n\t\t\t\t\ttext-align: center;\n\t\t\t\t\twidth: 33.33%;\n\t\t\t\t}\n\t\t\t\t#sc_gallery-1 img {\n\t\t\t\t\tborder: 2px solid #cfcfcf;\n\t\t\t\t}\n\t\t\t\t\/* see sc_gallery() in functions\/theme-shortcodes.php *\/\n\t\t\t<\/style>\n\t\t<div id='sc_gallery-1' class='gallery galleryid-1484 gallery-columns-3 gallery-size-thumbnail file gallery-default'><dl class='gallery-item' data-title='recibe-dif-altamira-aparatos-funcionales-para-ayudar-a-quienes-mas-los-necesitan-01' data-description=''><div class='gallery-item-wrapper'>\n\t\t\t\t<dt class='gallery-icon landscape'>\n\t\t\t\t\t<a href='https:\/\/difaltamira.gob.mx\/2021-2024\/wp-content\/uploads\/2023\/10\/recibe-dif-altamira-aparatos-funcionales-para-ayudar-a-quienes-mas-los-necesitan-01.jpeg'><img fetchpriority=\"high\" decoding=\"async\" width=\"300\" height=\"300\" src=\"https:\/\/difaltamira.gob.mx\/2021-2024\/wp-content\/uploads\/2023\/10\/recibe-dif-altamira-aparatos-funcionales-para-ayudar-a-quienes-mas-los-necesitan-01-300x300.jpeg\" class=\"attachment-thumbnail size-thumbnail\" alt=\"\" srcset=\"https:\/\/difaltamira.gob.mx\/2021-2024\/wp-content\/uploads\/2023\/10\/recibe-dif-altamira-aparatos-funcionales-para-ayudar-a-quienes-mas-los-necesitan-01-300x300.jpeg 300w, https:\/\/difaltamira.gob.mx\/2021-2024\/wp-content\/uploads\/2023\/10\/recibe-dif-altamira-aparatos-funcionales-para-ayudar-a-quienes-mas-los-necesitan-01-85x85.jpeg 85w, https:\/\/difaltamira.gob.mx\/2021-2024\/wp-content\/uploads\/2023\/10\/recibe-dif-altamira-aparatos-funcionales-para-ayudar-a-quienes-mas-los-necesitan-01-80x80.jpeg 80w\" sizes=\"(max-width:767px) 300px, 300px\" \/><\/a>\n\t\t\t\t<\/dt><\/div><\/dl><dl class='gallery-item' data-title='recibe-dif-altamira-aparatos-funcionales-para-ayudar-a-quienes-mas-los-necesitan-02' data-description=''><div class='gallery-item-wrapper'>\n\t\t\t\t<dt class='gallery-icon landscape'>\n\t\t\t\t\t<a href='https:\/\/difaltamira.gob.mx\/2021-2024\/wp-content\/uploads\/2023\/10\/recibe-dif-altamira-aparatos-funcionales-para-ayudar-a-quienes-mas-los-necesitan-02.jpeg'><img decoding=\"async\" width=\"300\" height=\"300\" src=\"https:\/\/difaltamira.gob.mx\/2021-2024\/wp-content\/uploads\/2023\/10\/recibe-dif-altamira-aparatos-funcionales-para-ayudar-a-quienes-mas-los-necesitan-02-300x300.jpeg\" class=\"attachment-thumbnail size-thumbnail\" alt=\"\" srcset=\"https:\/\/difaltamira.gob.mx\/2021-2024\/wp-content\/uploads\/2023\/10\/recibe-dif-altamira-aparatos-funcionales-para-ayudar-a-quienes-mas-los-necesitan-02-300x300.jpeg 300w, https:\/\/difaltamira.gob.mx\/2021-2024\/wp-content\/uploads\/2023\/10\/recibe-dif-altamira-aparatos-funcionales-para-ayudar-a-quienes-mas-los-necesitan-02-85x85.jpeg 85w, https:\/\/difaltamira.gob.mx\/2021-2024\/wp-content\/uploads\/2023\/10\/recibe-dif-altamira-aparatos-funcionales-para-ayudar-a-quienes-mas-los-necesitan-02-80x80.jpeg 80w\" sizes=\"(max-width:767px) 300px, 300px\" \/><\/a>\n\t\t\t\t<\/dt><\/div><\/dl><dl class='gallery-item' data-title='recibe-dif-altamira-aparatos-funcionales-para-ayudar-a-quienes-mas-los-necesitan-03' data-description=''><div class='gallery-item-wrapper'>\n\t\t\t\t<dt class='gallery-icon landscape'>\n\t\t\t\t\t<a href='https:\/\/difaltamira.gob.mx\/2021-2024\/wp-content\/uploads\/2023\/10\/recibe-dif-altamira-aparatos-funcionales-para-ayudar-a-quienes-mas-los-necesitan-03.jpeg'><img decoding=\"async\" width=\"300\" height=\"300\" src=\"https:\/\/difaltamira.gob.mx\/2021-2024\/wp-content\/uploads\/2023\/10\/recibe-dif-altamira-aparatos-funcionales-para-ayudar-a-quienes-mas-los-necesitan-03-300x300.jpeg\" class=\"attachment-thumbnail size-thumbnail\" alt=\"\" srcset=\"https:\/\/difaltamira.gob.mx\/2021-2024\/wp-content\/uploads\/2023\/10\/recibe-dif-altamira-aparatos-funcionales-para-ayudar-a-quienes-mas-los-necesitan-03-300x300.jpeg 300w, https:\/\/difaltamira.gob.mx\/2021-2024\/wp-content\/uploads\/2023\/10\/recibe-dif-altamira-aparatos-funcionales-para-ayudar-a-quienes-mas-los-necesitan-03-85x85.jpeg 85w, https:\/\/difaltamira.gob.mx\/2021-2024\/wp-content\/uploads\/2023\/10\/recibe-dif-altamira-aparatos-funcionales-para-ayudar-a-quienes-mas-los-necesitan-03-80x80.jpeg 80w\" sizes=\"(max-width:767px) 300px, 300px\" \/><\/a>\n\t\t\t\t<\/dt><\/div><\/dl><br style=\"clear: both\" \/><dl class='gallery-item' data-title='recibe-dif-altamira-aparatos-funcionales-para-ayudar-a-quienes-mas-los-necesitan-04' data-description=''><div class='gallery-item-wrapper'>\n\t\t\t\t<dt class='gallery-icon landscape'>\n\t\t\t\t\t<a href='https:\/\/difaltamira.gob.mx\/2021-2024\/wp-content\/uploads\/2023\/10\/recibe-dif-altamira-aparatos-funcionales-para-ayudar-a-quienes-mas-los-necesitan-04.jpeg'><img loading=\"lazy\" decoding=\"async\" width=\"300\" height=\"300\" src=\"https:\/\/difaltamira.gob.mx\/2021-2024\/wp-content\/uploads\/2023\/10\/recibe-dif-altamira-aparatos-funcionales-para-ayudar-a-quienes-mas-los-necesitan-04-300x300.jpeg\" class=\"attachment-thumbnail size-thumbnail\" alt=\"\" srcset=\"https:\/\/difaltamira.gob.mx\/2021-2024\/wp-content\/uploads\/2023\/10\/recibe-dif-altamira-aparatos-funcionales-para-ayudar-a-quienes-mas-los-necesitan-04-300x300.jpeg 300w, https:\/\/difaltamira.gob.mx\/2021-2024\/wp-content\/uploads\/2023\/10\/recibe-dif-altamira-aparatos-funcionales-para-ayudar-a-quienes-mas-los-necesitan-04-85x85.jpeg 85w, https:\/\/difaltamira.gob.mx\/2021-2024\/wp-content\/uploads\/2023\/10\/recibe-dif-altamira-aparatos-funcionales-para-ayudar-a-quienes-mas-los-necesitan-04-80x80.jpeg 80w\" sizes=\"(max-width:767px) 300px, 300px\" \/><\/a>\n\t\t\t\t<\/dt><\/div><\/dl><dl class='gallery-item' data-title='recibe-dif-altamira-aparatos-funcionales-para-ayudar-a-quienes-mas-los-necesitan-05' data-description=''><div class='gallery-item-wrapper'>\n\t\t\t\t<dt class='gallery-icon landscape'>\n\t\t\t\t\t<a href='https:\/\/difaltamira.gob.mx\/2021-2024\/wp-content\/uploads\/2023\/10\/recibe-dif-altamira-aparatos-funcionales-para-ayudar-a-quienes-mas-los-necesitan-05.jpeg'><img loading=\"lazy\" decoding=\"async\" width=\"300\" height=\"300\" src=\"https:\/\/difaltamira.gob.mx\/2021-2024\/wp-content\/uploads\/2023\/10\/recibe-dif-altamira-aparatos-funcionales-para-ayudar-a-quienes-mas-los-necesitan-05-300x300.jpeg\" class=\"attachment-thumbnail size-thumbnail\" alt=\"\" srcset=\"https:\/\/difaltamira.gob.mx\/2021-2024\/wp-content\/uploads\/2023\/10\/recibe-dif-altamira-aparatos-funcionales-para-ayudar-a-quienes-mas-los-necesitan-05-300x300.jpeg 300w, https:\/\/difaltamira.gob.mx\/2021-2024\/wp-content\/uploads\/2023\/10\/recibe-dif-altamira-aparatos-funcionales-para-ayudar-a-quienes-mas-los-necesitan-05-85x85.jpeg 85w, https:\/\/difaltamira.gob.mx\/2021-2024\/wp-content\/uploads\/2023\/10\/recibe-dif-altamira-aparatos-funcionales-para-ayudar-a-quienes-mas-los-necesitan-05-80x80.jpeg 80w\" sizes=\"(max-width:767px) 300px, 300px\" \/><\/a>\n\t\t\t\t<\/dt><\/div><\/dl>\n\t\t\t\t<br style='clear: both' \/>\n\t\t\t<\/div>\n\n","protected":false},"excerpt":{"rendered":"<p>La presidenta del Sistema DIF local, C.P. Rossy Luque de Mart\u00ednez reiter\u00f3 su compromiso de coraz\u00f3n por ayudar noblemente a aquellas personas que sufren alguna discapacidad<span class=\"excerpt-hellip\"> [\u2026]<\/span><\/p>\n","protected":false},"author":2,"featured_media":1485,"comment_status":"open","ping_status":"open","sticky":false,"template":"","format":"standard","meta":{"footnotes":""},"categories":[5],"tags":[],"class_list":["post-1484","post","type-post","status-publish","format-standard","has-post-thumbnail","hentry","category-dif-altamira"],"_links":{"self":[{"href":"https:\/\/difaltamira.gob.mx\/2021-2024\/wp-json\/wp\/v2\/posts\/1484","targetHints":{"allow":["GET"]}}],"collection":[{"href":"https:\/\/difaltamira.gob.mx\/2021-2024\/wp-json\/wp\/v2\/posts"}],"about":[{"href":"https:\/\/difaltamira.gob.mx\/2021-2024\/wp-json\/wp\/v2\/types\/post"}],"author":[{"embeddable":true,"href":"https:\/\/difaltamira.gob.mx\/2021-2024\/wp-json\/wp\/v2\/users\/2"}],"replies":[{"embeddable":true,"href":"https:\/\/difaltamira.gob.mx\/2021-2024\/wp-json\/wp\/v2\/comments?post=1484"}],"version-history":[{"count":1,"href":"https:\/\/difaltamira.gob.mx\/2021-2024\/wp-json\/wp\/v2\/posts\/1484\/revisions"}],"predecessor-version":[{"id":1490,"href":"https:\/\/difaltamira.gob.mx\/2021-2024\/wp-json\/wp\/v2\/posts\/1484\/revisions\/1490"}],"wp:featuredmedia":[{"embeddable":true,"href":"https:\/\/difaltamira.gob.mx\/2021-2024\/wp-json\/wp\/v2\/media\/1485"}],"wp:attachment":[{"href":"https:\/\/difaltamira.gob.mx\/2021-2024\/wp-json\/wp\/v2\/media?parent=1484"}],"wp:term":[{"taxonomy":"category","embeddable":true,"href":"https:\/\/difaltamira.gob.mx\/2021-2024\/wp-json\/wp\/v2\/categories?post=1484"},{"taxonomy":"post_tag","embeddable":true,"href":"https:\/\/difaltamira.gob.mx\/2021-2024\/wp-json\/wp\/v2\/tags?post=1484"}],"curies":[{"name":"wp","href":"https:\/\/api.w.org\/{rel}","templated":true}]}}